{"id":95736,"date":"2024-04-25T16:45:24","date_gmt":"2024-04-25T14:45:24","guid":{"rendered":"https:\/\/erdmost.hu\/?p=95736"},"modified":"2024-04-25T16:56:13","modified_gmt":"2024-04-25T14:56:13","slug":"egymassal-vitaztak-a-fideszes-kepviselok-a-kozgyulesben","status":"publish","type":"post","link":"https:\/\/erdmost.hu\/en\/2024\/04\/25\/egymassal-vitaztak-a-fideszes-kepviselok-a-kozgyulesben\/","title":{"rendered":"Egym\u00e1ssal vit\u00e1ztak a fideszes k\u00e9pvisel\u0151k a k\u00f6zgy\u0171l\u00e9sben"},"content":{"rendered":"<p>Tov\u00e1bbra is a Fidesz-KDNP sz\u00edneiben, de m\u00e1r nem a frakci\u00f3 tagjak\u00e9nt v\u00e9gzi k\u00e9pvisel\u0151i feladatait B\u00e1cs Istv\u00e1n volt alpolg\u00e1rmester. A politikus lev\u00e9lben tudatta t\u00e1voz\u00e1sa ok\u00e1t, ennek tartalm\u00e1t Cs\u0151zik L\u00e1szl\u00f3 polg\u00e1rmester ismertette az \u00e1prilis 25-ei k\u00f6zgy\u0171l\u00e9sen:<\/p>\n<p><em>\u201e2002 \u00f3ta szolg\u00e1lom \u00c9rd v\u00e1ros\u00e1t (\u2026), 2014 \u00f3ta k\u00e9pvisel\u0151k\u00e9nt. M\u00e1r 2020-ban bejelentettem, hogy nem fogok indulni a 2024-es v\u00e1laszt\u00e1sokon, \u00e9s ehhez tartom is magam. 22 \u00e9v hossz\u00fa id\u0151. Ebb\u0151l 21,5 \u00e9vet \u00fagy dolgoztam \u00c9rd\u00e9rt, hogy mindig presszi\u00f3 volt rajtam, k\u00f6zvetlen f\u0151n\u00f6keimnek, frakci\u00f3t\u00e1rsaimnak, frakci\u00f3t\u00e1rsaim rokonainak, a frakci\u00f3 vezet\u00e9s\u00e9nek, valakinek \u00e1lland\u00f3an meg kellett felelnem. Szeretn\u00e9m az utols\u00f3 f\u00e9l \u00e9vet minden nyom\u00e1st\u00f3l mentesen \u00fagy v\u00e9gigdolgozni a k\u00f6zgy\u0171l\u00e9sben, hogy csak a lelkiismeretem \u00e9s a saj\u00e1t \u00e9rt\u00e9krendem az, ami meghat\u00e1rozza, hogyan szavazok a v\u00e1laszt\u00f3k \u00e9rdek\u00e9ben. \u00c9ppen ez\u00e9rt a mai napon kil\u00e9ptem a Fidesz-KDNP-\u00d6sszefog\u00e1s frakci\u00f3b\u00f3l. A h\u00e1tral\u00e9v\u0151 id\u0151ben tov\u00e1bbra is a Fidesz-KDNP-\u00d6sszefog\u00e1s jel\u00f6ltjek\u00e9nt, de m\u00e1r mint nem frakci\u00f3tag folytatom a munk\u00e1mat \u00c9rd\u00e9rt \u00e9s a v\u00e1laszt\u00f3k\u00e9rt, a rem\u00e9nyeim szerint az eddigiekn\u00e9l nyugodtabban \u00e9s m\u00e9g eredm\u00e9nyesebben.\u201d<\/em><\/p>\n<p>(B\u00e1cs Istv\u00e1n d\u00f6nt\u00e9s\u00e9nek okair\u00f3l r\u00e9szletesebben <a href=\"https:\/\/erdmost.hu\/en\/2024\/04\/24\/etikai-vizsgalatot-kapott-az-akkuugyben-egyuttmukodni-kesz-fideszes-kepviselo\/\" target=\"_blank\" rel=\"noopener\">itt \u00edrtunk<\/a>.)<\/p>\n<figure id=\"attachment_95739\" aria-describedby=\"caption-attachment-95739\" style=\"width: 2560px\" class=\"wp-caption aligncenter\"><img fetchpriority=\"high\" decoding=\"async\" class=\"wp-image-95739 size-full\" src=\"https:\/\/erdmost.hu\/wp-content\/uploads\/2024\/04\/DSC4741-scaled.jpg\" alt=\"\" width=\"2560\" height=\"1707\" srcset=\"https:\/\/erdmost.hu\/wp-content\/uploads\/2024\/04\/DSC4741-scaled.jpg 2560w, https:\/\/erdmost.hu\/wp-content\/uploads\/2024\/04\/DSC4741-300x200.jpg 300w, https:\/\/erdmost.hu\/wp-content\/uploads\/2024\/04\/DSC4741-768x512.jpg 768w, https:\/\/erdmost.hu\/wp-content\/uploads\/2024\/04\/DSC4741-18x12.jpg 18w, https:\/\/erdmost.hu\/wp-content\/uploads\/2024\/04\/DSC4741-840x560.jpg 840w, https:\/\/erdmost.hu\/wp-content\/uploads\/2024\/04\/DSC4741-1100x733.jpg 1100w\" sizes=\"(max-width: 2560px) 100vw, 2560px\" \/><figcaption id=\"caption-attachment-95739\" class=\"wp-caption-text\"><em>B\u00e1cs Istv\u00e1n<\/em><\/figcaption><\/figure>\n<p>B\u00e1cs Istv\u00e1n d\u00f6nt\u00e9se azt eredm\u00e9nyezi, hogy r\u00e1 m\u00e1r nem vonatkozik a frakci\u00f3fegyelem, azaz saj\u00e1t bel\u00e1t\u00e1sa szerint szavazhat.<\/p>\n<p>A test\u00fclet mai \u00fcl\u00e9s\u00e9n nem igaz\u00e1n volt alkalma ellent\u00e9tbe ker\u00fclni frakci\u00f3t\u00e1rsaival, kev\u00e9s napirendi pont k\u00f6r\u00fcl alakult ugyanis ki vita.<\/p>\n<p>Elfogadt\u00e1k a rend\u0151rkapit\u00e1nys\u00e1g, a polg\u00e1r\u0151rs\u00e9g, az \u00e1llatmenhely, a Vol\u00e1nbusz, a F\u00e9szek Egyes\u00fclet, valamint az \u00f6nkorm\u00e1nyzat \u00e1ltal ell\u00e1tott gyermekv\u00e9delmi feladatokr\u00f3l sz\u00f3l\u00f3 2023-as besz\u00e1mol\u00f3kat.<\/p>\n<p>Kassab Mikl\u00f3s rend\u0151r alezredes a rend\u0151rs\u00e9g besz\u00e1mol\u00f3j\u00e1t k\u00f6vet\u0151en elmondta: az online t\u00e9rben elk\u00f6vetett b\u0171ncselekm\u00e9nyek nyomnak most legink\u00e1bb a latban.<\/p>\n<figure id=\"attachment_95740\" aria-describedby=\"caption-attachment-95740\" style=\"width: 2560px\" class=\"wp-caption aligncenter\"><img decoding=\"async\" class=\"wp-image-95740 size-full\" src=\"https:\/\/erdmost.hu\/wp-content\/uploads\/2024\/04\/DSC4746-scaled.jpg\" alt=\"\" width=\"2560\" height=\"1707\" srcset=\"https:\/\/erdmost.hu\/wp-content\/uploads\/2024\/04\/DSC4746-scaled.jpg 2560w, https:\/\/erdmost.hu\/wp-content\/uploads\/2024\/04\/DSC4746-300x200.jpg 300w, https:\/\/erdmost.hu\/wp-content\/uploads\/2024\/04\/DSC4746-768x512.jpg 768w, https:\/\/erdmost.hu\/wp-content\/uploads\/2024\/04\/DSC4746-18x12.jpg 18w, https:\/\/erdmost.hu\/wp-content\/uploads\/2024\/04\/DSC4746-840x560.jpg 840w, https:\/\/erdmost.hu\/wp-content\/uploads\/2024\/04\/DSC4746-1100x733.jpg 1100w\" sizes=\"(max-width: 2560px) 100vw, 2560px\" \/><figcaption id=\"caption-attachment-95740\" class=\"wp-caption-text\"><em>Kassab Mikl\u00f3s megb\u00edzott kapit\u00e1nys\u00e1gvezet\u0151<\/em><\/figcaption><\/figure>\n<p>Leggyakoribbak a p\u00e9nzint\u00e9zetek nev\u00e9ben elk\u00f6vetett csal\u00e1sok, \u00e9s n\u00f6vekszik az internetes v\u00e1s\u00e1rl\u00e1sok sor\u00e1n elk\u00f6vetett b\u0171ncselekm\u00e9nyek sz\u00e1ma is. \u201eNapi k\u00e9t-hat feljelent\u00e9s \u00e9rkezik, m\u00edg bet\u00f6r\u00e9s elv\u00e9tve akad, van olyan h\u00e9t, amikor egy bejelent\u00e9st sem kapunk\u201d \u2013 hangs\u00falyozta a megb\u00edzott kapi\u00e1nys\u00e1gvezet\u0151.<\/p>\n<p>D\u00f6nt\u00f6ttek arr\u00f3l, hogy az \u00c9rdi Kincses \u00d3voda igazgat\u00f3i feladatait tov\u00e1bbi \u00f6t \u00e9vig Leh\u00f3czki Anna Elvira l\u00e1tja el, Nida Judit pedig visszat\u00e9r a v\u00e1rosi k\u00f6nyvt\u00e1r igazgat\u00f3helyettesi sz\u00e9k\u00e9be.<\/p>\n<p>J\u00f3 h\u00edr a j\u00f6v\u0151 tan\u00e9vben \u00e9retts\u00e9giz\u0151knek: tov\u00e1bbra is seg\u00edti a v\u00e1ros a szalagavat\u00f3 \u00fcnneps\u00e9geket, az \u00c9rd Ar\u00e9na teremb\u00e9rleti d\u00edj\u00e1nak \u00f6sszeg\u00e9vel. \u00a0A G\u00e1rdonyi, a K\u00f3s \u00e9s a VMG alap\u00edtv\u00e1nyai 1,65-1,65 milli\u00f3 forint t\u00e1mogat\u00e1sban r\u00e9szes\u00fclnek a polg\u00e1rmesteri keretb\u0151l.<\/p>\n<figure id=\"attachment_84110\" aria-describedby=\"caption-attachment-84110\" style=\"width: 2560px\" class=\"wp-caption aligncenter\"><img decoding=\"async\" class=\"wp-image-84110 size-full\" src=\"https:\/\/erdmost.hu\/wp-content\/uploads\/2023\/12\/DSC7164-scaled.jpg\" alt=\"\" width=\"2560\" height=\"1707\" srcset=\"https:\/\/erdmost.hu\/wp-content\/uploads\/2023\/12\/DSC7164-scaled.jpg 2560w, https:\/\/erdmost.hu\/wp-content\/uploads\/2023\/12\/DSC7164-300x200.jpg 300w, https:\/\/erdmost.hu\/wp-content\/uploads\/2023\/12\/DSC7164-768x512.jpg 768w, https:\/\/erdmost.hu\/wp-content\/uploads\/2023\/12\/DSC7164-840x560.jpg 840w, https:\/\/erdmost.hu\/wp-content\/uploads\/2023\/12\/DSC7164-350x233.jpg 350w, https:\/\/erdmost.hu\/wp-content\/uploads\/2023\/12\/DSC7164-1100x733.jpg 1100w\" sizes=\"(max-width: 2560px) 100vw, 2560px\" \/><figcaption id=\"caption-attachment-84110\" class=\"wp-caption-text\"><em>Arch\u00edv felv\u00e9tel<\/em><\/figcaption><\/figure>\n<p>A test\u00fcletben kisebb vita alakult ki egy Als\u00f3 utcai, nagyon rossz \u00e1llapotban l\u00e9v\u0151 \u00e9p\u00fclet miatt \u2013 \u00e9s k\u00fcl\u00f6n\u00f6s m\u00f3don nem a v\u00e1rosvezet\u00e9s \u00e9s az ellenz\u00e9k k\u00f6z\u00f6tt, hanem a Fidesz-KDNP-frakci\u00f3n bel\u00fcl.<\/p>\n<p>A probl\u00e9ma: az Als\u00f3 82. sz\u00e1m alatt tal\u00e1lhat\u00f3 h\u00e1z omladozik, balesetvesz\u00e9ly miatt k\u00f6rbe is ker\u00edtett\u00e9k. A h\u00e1z helyi telep\u00fcl\u00e9sk\u00e9pi v\u00e9delem alatt \u00e1ll, ez\u00e9rt a tulajdonos nem ny\u00fal hozz\u00e1. Sim\u00f3 K\u00e1roly \u00e9s Antunovits Antal k\u00e9pvisel\u0151k ind\u00edtv\u00e1nyozt\u00e1k: a test\u00fclet sz\u00fcntesse meg a helyi v\u00e9delmet, hogy el\u0151rel\u00e9p\u00e9s t\u00f6rt\u00e9nhessen az \u00fcgyben.<\/p>\n<figure id=\"attachment_95741\" aria-describedby=\"caption-attachment-95741\" style=\"width: 2560px\" class=\"wp-caption aligncenter\"><img loading=\"lazy\" decoding=\"async\" class=\"wp-image-95741 size-full\" src=\"https:\/\/erdmost.hu\/wp-content\/uploads\/2024\/04\/DSC4769-scaled.jpg\" alt=\"\" width=\"2560\" height=\"1707\" srcset=\"https:\/\/erdmost.hu\/wp-content\/uploads\/2024\/04\/DSC4769-scaled.jpg 2560w, https:\/\/erdmost.hu\/wp-content\/uploads\/2024\/04\/DSC4769-300x200.jpg 300w, https:\/\/erdmost.hu\/wp-content\/uploads\/2024\/04\/DSC4769-768x512.jpg 768w, https:\/\/erdmost.hu\/wp-content\/uploads\/2024\/04\/DSC4769-18x12.jpg 18w, https:\/\/erdmost.hu\/wp-content\/uploads\/2024\/04\/DSC4769-840x560.jpg 840w, https:\/\/erdmost.hu\/wp-content\/uploads\/2024\/04\/DSC4769-1100x733.jpg 1100w\" sizes=\"(max-width: 2560px) 100vw, 2560px\" \/><figcaption id=\"caption-attachment-95741\" class=\"wp-caption-text\"><em>Antunovits Antal<\/em><\/figcaption><\/figure>\n<p>Cs\u0151zik L\u00e1szl\u00f3 t\u00e1mogatta a javaslatot, hiszen az \u00e9p\u00fclet \u00e1llapota lehet\u0151v\u00e9 teszi a helyi v\u00e9delem felold\u00e1s\u00e1t. B\u00e1cs Istv\u00e1n ugyanakkor azt javasolta, hogy egy \u00e9p\u00edt\u00e9szeti vizsg\u00e1lat el\u0151zze meg a d\u00f6nt\u00e9st, hiszen ha \u00e9rt\u00e9kes az \u00e9p\u00fclet, a tulajdonost k\u00f6telezni lehet a helyre\u00e1ll\u00edt\u00e1sra.<\/p>\n<p>T. M\u00e9sz\u00e1ros Andr\u00e1s sem tartotta elfogadhat\u00f3nak frakci\u00f3t\u00e1rsai, Sim\u00f3 K\u00e1roly \u00e9s Antunovits Antal ind\u00edtv\u00e1ny\u00e1t.<\/p>\n<p>\u201e\u00c9s ha levessz\u00fck a v\u00e9delmet, akkor mi t\u00f6rt\u00e9nik? Az \u00e9p\u00fclet m\u00e1r nem d\u0151l \u00f6ssze?\u201d \u2013 fogalmazott. \u201eA tulajdonosok akkor sem k\u00e9pesek megjav\u00edtani a h\u00e1z \u00e1llapot\u00e1t, ha levessz\u00fck r\u00f3la v\u00e9detts\u00e9get\u201d \u2013 mutatott r\u00e1, azt javasolva, hogy olyan ind\u00edtv\u00e1nyt fogadjanak el, ami val\u00f3ban v\u00e1ltoz\u00e1st id\u00e9z el\u0151 a h\u00e1z sors\u00e1t illet\u0151en.<\/p>\n<p><img loading=\"lazy\" decoding=\"async\" class=\"aligncenter size-full wp-image-95742\" src=\"https:\/\/erdmost.hu\/wp-content\/uploads\/2024\/04\/DSC5068-scaled.jpg\" alt=\"\" width=\"2560\" height=\"1707\" srcset=\"https:\/\/erdmost.hu\/wp-content\/uploads\/2024\/04\/DSC5068-scaled.jpg 2560w, https:\/\/erdmost.hu\/wp-content\/uploads\/2024\/04\/DSC5068-300x200.jpg 300w, https:\/\/erdmost.hu\/wp-content\/uploads\/2024\/04\/DSC5068-768x512.jpg 768w, https:\/\/erdmost.hu\/wp-content\/uploads\/2024\/04\/DSC5068-18x12.jpg 18w, https:\/\/erdmost.hu\/wp-content\/uploads\/2024\/04\/DSC5068-840x560.jpg 840w, https:\/\/erdmost.hu\/wp-content\/uploads\/2024\/04\/DSC5068-1100x733.jpg 1100w\" sizes=\"(max-width: 2560px) 100vw, 2560px\" \/><\/p>\n<p>Cs\u0151zik L\u00e1szl\u00f3 szerint az \u00e9p\u00fclet tulajdonosa nem teheti meg, hogy t\u00f6bb t\u00edzmilli\u00f3s k\u00f6lts\u00e9ggel rendbehozza azt, k\u00f6zp\u00e9nzt pedig nem szeretne erre ford\u00edtani a v\u00e1ros. \u201eHa egy gy\u0171sz\u0171t felh\u00fazn\u00e9k a k\u00f6z\u00e9ps\u0151 ujjamra, \u00e9s r\u00e1koppintan\u00e9k a v\u00e1lyogfalra, ki tudn\u00e1m \u00fctni vele.<\/p>\n<p>Az \u00f6sszeoml\u00e1s hat\u00e1r\u00e1n van, vesz\u00e9lyes az eg\u00e9sz. Ez a h\u00e1z meg\u00f3vhatatlan\u201d \u2013 hangs\u00falyozta a polg\u00e1rmester, hozz\u00e1t\u00e9ve: elind\u00edtj\u00e1k az a folyamatot, hogy kiker\u00fclhessen a h\u00e1z a helyi v\u00e9detts\u00e9g al\u00f3l, ezzel p\u00e1rhuzamosan elind\u00edtj\u00e1k az ingatlan bont\u00e1s\u00e1ra ir\u00e1nyul\u00f3 \u00e9p\u00edt\u00e9shat\u00f3s\u00e1gi elj\u00e1r\u00e1st is.<\/p>\n<p><img loading=\"lazy\" decoding=\"async\" class=\"aligncenter size-full wp-image-95743\" src=\"https:\/\/erdmost.hu\/wp-content\/uploads\/2024\/04\/DSC4959-scaled.jpg\" alt=\"\" width=\"2560\" height=\"1707\" srcset=\"https:\/\/erdmost.hu\/wp-content\/uploads\/2024\/04\/DSC4959-scaled.jpg 2560w, https:\/\/erdmost.hu\/wp-content\/uploads\/2024\/04\/DSC4959-300x200.jpg 300w, https:\/\/erdmost.hu\/wp-content\/uploads\/2024\/04\/DSC4959-768x512.jpg 768w, https:\/\/erdmost.hu\/wp-content\/uploads\/2024\/04\/DSC4959-18x12.jpg 18w, https:\/\/erdmost.hu\/wp-content\/uploads\/2024\/04\/DSC4959-840x560.jpg 840w, https:\/\/erdmost.hu\/wp-content\/uploads\/2024\/04\/DSC4959-1100x733.jpg 1100w\" sizes=\"(max-width: 2560px) 100vw, 2560px\" \/><\/p>\n<p>Cs\u0151zik L\u00e1szl\u00f3 elmondta azt is, hogy a t\u00f6bbi helyi v\u00e9detts\u00e9g alatt \u00e1ll\u00f3 \u00e9p\u00fclet helyzet\u00e9t is meg kell vizsg\u00e1lni, a vonatkoz\u00f3 jogszab\u00e1ly ugyanis olyan k\u00f6telmeket \u00edr el\u0151 a tulajdonosok sz\u00e1m\u00e1ra, amelyeket azok k\u00e9ptelenek teljes\u00edteni az \u00e1llagmeg\u00f3v\u00e1s \u00e9rdek\u00e9ben. Az \u00f6nkorm\u00e1nyzat viszont ezt csak k\u00f6zp\u00e9nzb\u0151l tehetn\u00e9 meg.<\/p>\n<p>\u201eAhol lehet, meg kellene \u0151rizni a r\u00e9gi h\u00e1zak karakter\u00e9t, de van, ahol ar\u00e1nytalan \u00f6sszeget kellene erre ford\u00edtani\u201d\u2013 tette hozz\u00e1.<\/p>\n<p><img loading=\"lazy\" decoding=\"async\" class=\"aligncenter size-full wp-image-95745\" src=\"https:\/\/erdmost.hu\/wp-content\/uploads\/2024\/04\/DSC5073-scaled.jpg\" alt=\"\" width=\"2560\" height=\"1707\" srcset=\"https:\/\/erdmost.hu\/wp-content\/uploads\/2024\/04\/DSC5073-scaled.jpg 2560w, https:\/\/erdmost.hu\/wp-content\/uploads\/2024\/04\/DSC5073-300x200.jpg 300w, https:\/\/erdmost.hu\/wp-content\/uploads\/2024\/04\/DSC5073-768x512.jpg 768w, https:\/\/erdmost.hu\/wp-content\/uploads\/2024\/04\/DSC5073-18x12.jpg 18w, https:\/\/erdmost.hu\/wp-content\/uploads\/2024\/04\/DSC5073-840x560.jpg 840w, https:\/\/erdmost.hu\/wp-content\/uploads\/2024\/04\/DSC5073-1100x733.jpg 1100w\" sizes=\"(max-width: 2560px) 100vw, 2560px\" \/><\/p>","protected":false},"excerpt":{"rendered":"<p>Omladoz\u00f3 h\u00e1z, repedez\u0151 frakci\u00f3.<\/p>","protected":false},"author":5,"featured_media":95744,"comment_status":"closed","ping_status":"closed","sticky":false,"template":"","format":"standard","meta":{"_acf_changed":false,"_seopress_robots_primary_cat":"none","_seopress_titles_title":"","_seopress_titles_desc":"","_seopress_robots_index":"","site-sidebar-layout":"default","site-content-layout":"default","ast-site-content-layout":"default","site-content-style":"default","site-sidebar-style":"default","ast-global-header-display":"","ast-banner-title-visibility":"","ast-main-header-display":"","ast-hfb-above-header-display":"","ast-hfb-below-header-display":"","ast-hfb-mobile-header-display":"","site-post-title":"","ast-breadcrumbs-content":"","ast-featured-img":"","footer-sml-layout":"","ast-disable-related-posts":"","theme-transparent-header-meta":"default","adv-header-id-meta":"","stick-header-meta":"","header-above-stick-meta":"","header-main-stick-meta":"","header-below-stick-meta":"","astra-migrate-meta-layouts":"default","ast-page-background-enabled":"default","ast-page-background-meta":{"desktop":{"background-color":"","background-image":"","background-repeat":"repeat","background-position":"center center","background-size":"auto","background-attachment":"scroll","background-type":"","background-media":"","overlay-type":"","overlay-color":"","overlay-opacity":"","overlay-gradient":""},"tablet":{"background-color":"","background-image":"","background-repeat":"repeat","background-position":"center center","background-size":"auto","background-attachment":"scroll","background-type":"","background-media":"","overlay-type":"","overlay-color":"","overlay-opacity":"","overlay-gradient":""},"mobile":{"background-color":"","background-image":"","background-repeat":"repeat","background-position":"center center","background-size":"auto","background-attachment":"scroll","background-type":"","background-media":"","overlay-type":"","overlay-color":"","overlay-opacity":"","overlay-gradient":""}},"ast-content-background-meta":{"desktop":{"background-color":"var(--ast-global-color-5)","background-image":"","background-repeat":"repeat","background-position":"center center","background-size":"auto","background-attachment":"scroll","background-type":"","background-media":"","overlay-type":"","overlay-color":"","overlay-opacity":"","overlay-gradient":""},"tablet":{"background-color":"var(--ast-global-color-5)","background-image":"","background-repeat":"repeat","background-position":"center center","background-size":"auto","background-attachment":"scroll","background-type":"","background-media":"","overlay-type":"","overlay-color":"","overlay-opacity":"","overlay-gradient":""},"mobile":{"background-color":"var(--ast-global-color-5)","background-image":"","background-repeat":"repeat","background-position":"center center","background-size":"auto","background-attachment":"scroll","background-type":"","background-media":"","overlay-type":"","overlay-color":"","overlay-opacity":"","overlay-gradient":""}},"footnotes":""},"categories":[463,461,462,1411,464,460],"cikk_cimkek":[4558,23],"content_flags":[],"content_icons":[],"class_list":["post-95736","post","type-post","status-publish","format-standard","has-post-thumbnail","hentry","category-fontos","category-jobbfent","category-kiemelt","category-kozelet","category-kozerdeku","category-top","cikk_cimkek-fidesz-kdnp","cikk_cimkek-kozgyules"],"acf":[],"_links":{"self":[{"href":"https:\/\/erdmost.hu\/en\/wp-json\/wp\/v2\/posts\/95736","targetHints":{"allow":["GET"]}}],"collection":[{"href":"https:\/\/erdmost.hu\/en\/wp-json\/wp\/v2\/posts"}],"about":[{"href":"https:\/\/erdmost.hu\/en\/wp-json\/wp\/v2\/types\/post"}],"author":[{"embeddable":true,"href":"https:\/\/erdmost.hu\/en\/wp-json\/wp\/v2\/users\/5"}],"replies":[{"embeddable":true,"href":"https:\/\/erdmost.hu\/en\/wp-json\/wp\/v2\/comments?post=95736"}],"version-history":[{"count":5,"href":"https:\/\/erdmost.hu\/en\/wp-json\/wp\/v2\/posts\/95736\/revisions"}],"predecessor-version":[{"id":95751,"href":"https:\/\/erdmost.hu\/en\/wp-json\/wp\/v2\/posts\/95736\/revisions\/95751"}],"wp:featuredmedia":[{"embeddable":true,"href":"https:\/\/erdmost.hu\/en\/wp-json\/wp\/v2\/media\/95744"}],"wp:attachment":[{"href":"https:\/\/erdmost.hu\/en\/wp-json\/wp\/v2\/media?parent=95736"}],"wp:term":[{"taxonomy":"category","embeddable":true,"href":"https:\/\/erdmost.hu\/en\/wp-json\/wp\/v2\/categories?post=95736"},{"taxonomy":"cikk_cimkek","embeddable":true,"href":"https:\/\/erdmost.hu\/en\/wp-json\/wp\/v2\/cikk_cimkek?post=95736"},{"taxonomy":"content_flags","embeddable":true,"href":"https:\/\/erdmost.hu\/en\/wp-json\/wp\/v2\/content_flags?post=95736"},{"taxonomy":"content_icons","embeddable":true,"href":"https:\/\/erdmost.hu\/en\/wp-json\/wp\/v2\/content_icons?post=95736"}],"curies":[{"name":"wp","href":"https:\/\/api.w.org\/{rel}","templated":true}]}}