{"id":95596,"date":"2024-04-24T15:44:25","date_gmt":"2024-04-24T13:44:25","guid":{"rendered":"https:\/\/erdmost.hu\/?p=95596"},"modified":"2024-04-24T16:14:54","modified_gmt":"2024-04-24T14:14:54","slug":"etikai-vizsgalatot-kapott-az-akkuugyben-egyuttmukodni-kesz-fideszes-kepviselo","status":"publish","type":"post","link":"https:\/\/erdmost.hu\/en\/2024\/04\/24\/etikai-vizsgalatot-kapott-az-akkuugyben-egyuttmukodni-kesz-fideszes-kepviselo\/","title":{"rendered":"Etikai vizsg\u00e1latot kapott az akku\u00fcgyben egy\u00fcttm\u0171k\u00f6dni k\u00e9sz fideszes k\u00e9pvisel\u0151"},"content":{"rendered":"<p>Birtokunkba jutott egy dokumentum, amib\u0151l kider\u00fclt, hogy B\u00e1cs Istv\u00e1nt fideszes politikust\u00e1rsai ki akarj\u00e1k z\u00e1rni a Fidesz frakci\u00f3b\u00f3l.<\/p>\n<p>Az ok?<\/p>\n<blockquote><p>Mert az akkugy\u00e1rral kapcsolatos n\u00e9pszavaz\u00e1s k\u00e9rd\u00e9s\u00e9ben k\u00e9sz lett volna egy\u00fcttm\u0171k\u00f6dni a v\u00e1rosvezet\u00e9ssel annak \u00e9rdek\u00e9ben, hogy az eg\u00e9sz \u00e9rdi politikai k\u00f6z\u00f6ss\u00e9g egy\u00fctt adjon be egy n\u00e9pszavaz\u00e1si kezdem\u00e9nyez\u00e9st, \u00e9s ez\u00e9rt frakci\u00f3t\u00e1rsai etikai elj\u00e1r\u00e1st ind\u00edtottak ellene.<\/p><\/blockquote>\n<p>Az \u00e9rdi Fidesz eln\u00f6ks\u00e9ge facebook oldal\u00e1n ma k\u00f6z\u00f6lte, hogy dr. B\u00e1cs Istv\u00e1n &#8211; nem v\u00e1rva meg az ellene ind\u00edtott elj\u00e1r\u00e1s v\u00e9g\u00e9t &#8211; a mai napon bejelentette kil\u00e9p\u00e9s\u00e9t \u00c9rd Megyei Jog\u00fa V\u00e1ros \u00d6nkorm\u00e1nyzat\u00e1nak Fidesz-KDNP-\u00d6sszefog\u00e1s k\u00e9pvisel\u0151csoportj\u00e1b\u00f3l.<\/p>\n<p>Felh\u00edvtuk B\u00e1cs Istv\u00e1nt, aki \u00fagy reag\u00e1lt, hogy politikai k\u00f6z\u00f6ss\u00e9ge bel\u00fcgyeit semmik\u00e9ppen sem szeretn\u00e9 kit\u00e1rgyalni, legyen elegend\u0151 az, amit az \u00e9rdi Fidesz kirakott a facebook oldal\u00e1ra, enn\u00e9l t\u00f6bbet nem szeretne mondani.<\/p>\n<p><strong>Az el\u0151zm\u00e9nyek di\u00f3h\u00e9jban:<\/strong><\/p>\n<p>A m\u00e1rcius 7-i rendk\u00edv\u00fcli k\u00f6zgy\u0171l\u00e9sen a Fidesz-KDNP frakci\u00f3 megtorped\u00f3zta a Sz\u00f6vets\u00e9g \u00c9rd\u00e9rt k\u00e9pvisel\u0151csoport arra ir\u00e1nyul\u00f3\u00a0<a href=\"https:\/\/erdmost.hu\/en\/2024\/03\/06\/csozik-ajanlata-aradszkinak-a-soskuti-akkugyar-ugyeben\/\">kezdem\u00e9nyez\u00e9s\u00e9t<\/a>, hogy az \u00e9rdi v\u00e1laszt\u00f3polg\u00e1rok j\u00fanius 9-\u00e9n, az \u00f6nkorm\u00e1nyzati \u00e9s az eur\u00f3pai parlamenti v\u00e1laszt\u00e1sokkal egy id\u0151ben voksoljanak arr\u00f3l, szeretn\u00e9k-e, ha akkumul\u00e1tor\u00fczem l\u00e9tes\u00fclne a telep\u00fcl\u00e9s\u00fck k\u00f6zel\u00e9ben.<\/p>\n<figure id=\"attachment_95614\" aria-describedby=\"caption-attachment-95614\" style=\"width: 2559px\" class=\"wp-caption aligncenter\"><img fetchpriority=\"high\" decoding=\"async\" class=\"wp-image-95614 size-full\" src=\"https:\/\/erdmost.hu\/wp-content\/uploads\/2024\/04\/bacs4.jpeg\" alt=\"\" width=\"2559\" height=\"1707\" srcset=\"https:\/\/erdmost.hu\/wp-content\/uploads\/2024\/04\/bacs4.jpeg 2559w, https:\/\/erdmost.hu\/wp-content\/uploads\/2024\/04\/bacs4-300x200.jpeg 300w, https:\/\/erdmost.hu\/wp-content\/uploads\/2024\/04\/bacs4-768x512.jpeg 768w, https:\/\/erdmost.hu\/wp-content\/uploads\/2024\/04\/bacs4-840x560.jpeg 840w, https:\/\/erdmost.hu\/wp-content\/uploads\/2024\/04\/bacs4-1100x734.jpeg 1100w\" sizes=\"(max-width: 2559px) 100vw, 2559px\" \/><figcaption id=\"caption-attachment-95614\" class=\"wp-caption-text\"><em>Rendk\u00edv\u00fcli k\u00f6zgy\u0171l\u00e9s m\u00e1rcius 7-\u00e9n<\/em><\/figcaption><\/figure>\n<p>Mint\u00a0<a href=\"https:\/\/erdmost.hu\/en\/2024\/03\/05\/aradszki-palfordulasa\/\">kor\u00e1bban meg\u00edrtuk<\/a>, dr. Aradszki Andr\u00e1s orsz\u00e1ggy\u0171l\u00e9si k\u00e9pvisel\u0151 \u00e9s Kardosn\u00e9 Gyurk\u00f3 Katalin, a Fidesz-KDNP polg\u00e1rmesterjel\u00f6ltje beadott a Helyi V\u00e1laszt\u00e1si Bizotts\u00e1ghoz egy n\u00e9pszavaz\u00e1si kezdem\u00e9nyez\u00e9st.<\/p>\n<p>Cs\u0151zik L\u00e1szl\u00f3 k\u00e9rte dr. Aradszki Andr\u00e1st \u00e9s Kardosn\u00e9 Gyurk\u00f3 Kat\u00e1t, hogy vonj\u00e1k vissza a n\u00e9pszavaz\u00e1sra ir\u00e1nyul\u00f3 kezdem\u00e9nyez\u00e9s\u00fcket.<\/p>\n<p>Ha ugyanis Aradszki \u00e9s Kardos kezdem\u00e9nyezik a n\u00e9pszavaz\u00e1st, j\u00f3val hosszabb az elj\u00e1r\u00e1s \u00e9s a lebonyol\u00edt\u00e1s, mint akkor, ha az \u00f6nkorm\u00e1nyzat k\u00e9pvisel\u0151i kezdem\u00e9nyezik ugyanezt. Ez\u00e9rt a Sz\u00f6vets\u00e9g \u00c9rd\u00e9rt k\u00e9pvisel\u0151csoport beny\u00fajtott egy n\u00e9pszavaz\u00e1sra ir\u00e1nyul\u00f3 kezdem\u00e9nyez\u00e9st ugyanazzal a sz\u00f6veggel, mint kor\u00e1bban Aradszki \u00e9s Kardos.<\/p>\n<p>B\u00e1cs Istv\u00e1n az \u00fcl\u00e9sen felvetette, hogy egy\u00fctt adhatn\u00e1k be a frakci\u00f3k a n\u00e9pszavaz\u00e1sra ir\u00e1nyul\u00f3 beadv\u00e1nyt. Erre azonban nem ker\u00fclhetett sor: az \u00fcl\u00e9sen elrendelt sz\u00fcnetet k\u00f6vet\u0151en a Fidesz-KDNP frakci\u00f3 tagjai jelezt\u00e9k, hogy minden marad a r\u00e9giben, nincs \u00faj el\u0151terjeszt\u00e9s.<\/p>\n<p><em>A rendk\u00edv\u00fcli k\u00f6zgy\u0171l\u00e9sr\u0151l <a href=\"https:\/\/erdmost.hu\/en\/2024\/03\/07\/csozik-felgyorsitana-az-akkugyaras-nepszavazast-de-aradszki-ebben-nem-partner\/\">teljes cikk\u00fcnket itt olvashatja<\/a>.<\/em><\/p>","protected":false},"excerpt":{"rendered":"<p>B\u00e1cs Istv\u00e1n bejelentette kil\u00e9p\u00e9s\u00e9t \u00c9rd Megyei Jog\u00fa V\u00e1ros \u00d6nkorm\u00e1nyzat\u00e1nak Fidesz-KDNP-\u00d6sszefog\u00e1s k\u00e9pvisel\u0151csoportj\u00e1b\u00f3l.<\/p>","protected":false},"author":33,"featured_media":95613,"comment_status":"closed","ping_status":"closed","sticky":false,"template":"","format":"standard","meta":{"_acf_changed":false,"_seopress_robots_primary_cat":"none","_seopress_titles_title":"","_seopress_titles_desc":"","_seopress_robots_index":"","site-sidebar-layout":"default","site-content-layout":"default","ast-site-content-layout":"default","site-content-style":"default","site-sidebar-style":"default","ast-global-header-display":"","ast-banner-title-visibility":"","ast-main-header-display":"","ast-hfb-above-header-display":"","ast-hfb-below-header-display":"","ast-hfb-mobile-header-display":"","site-post-title":"","ast-breadcrumbs-content":"","ast-featured-img":"","footer-sml-layout":"","ast-disable-related-posts":"","theme-transparent-header-meta":"default","adv-header-id-meta":"","stick-header-meta":"","header-above-stick-meta":"","header-main-stick-meta":"","header-below-stick-meta":"","astra-migrate-meta-layouts":"default","ast-page-background-enabled":"default","ast-page-background-meta":{"desktop":{"background-color":"","background-image":"","background-repeat":"repeat","background-position":"center center","background-size":"auto","background-attachment":"scroll","background-type":"","background-media":"","overlay-type":"","overlay-color":"","overlay-opacity":"","overlay-gradient":""},"tablet":{"background-color":"","background-image":"","background-repeat":"repeat","background-position":"center center","background-size":"auto","background-attachment":"scroll","background-type":"","background-media":"","overlay-type":"","overlay-color":"","overlay-opacity":"","overlay-gradient":""},"mobile":{"background-color":"","background-image":"","background-repeat":"repeat","background-position":"center center","background-size":"auto","background-attachment":"scroll","background-type":"","background-media":"","overlay-type":"","overlay-color":"","overlay-opacity":"","overlay-gradient":""}},"ast-content-background-meta":{"desktop":{"background-color":"var(--ast-global-color-5)","background-image":"","background-repeat":"repeat","background-position":"center center","background-size":"auto","background-attachment":"scroll","background-type":"","background-media":"","overlay-type":"","overlay-color":"","overlay-opacity":"","overlay-gradient":""},"tablet":{"background-color":"var(--ast-global-color-5)","background-image":"","background-repeat":"repeat","background-position":"center center","background-size":"auto","background-attachment":"scroll","background-type":"","background-media":"","overlay-type":"","overlay-color":"","overlay-opacity":"","overlay-gradient":""},"mobile":{"background-color":"var(--ast-global-color-5)","background-image":"","background-repeat":"repeat","background-position":"center center","background-size":"auto","background-attachment":"scroll","background-type":"","background-media":"","overlay-type":"","overlay-color":"","overlay-opacity":"","overlay-gradient":""}},"footnotes":""},"categories":[1,463,461,462,464,460,4531],"cikk_cimkek":[1868,3182],"content_flags":[],"content_icons":[],"class_list":["post-95596","post","type-post","status-publish","format-standard","has-post-thumbnail","hentry","category-erdmost","category-fontos","category-jobbfent","category-kiemelt","category-kozerdeku","category-top","category-valasztas-2024","cikk_cimkek-bacs-istvan","cikk_cimkek-erdi-fidesz"],"acf":[],"_links":{"self":[{"href":"https:\/\/erdmost.hu\/en\/wp-json\/wp\/v2\/posts\/95596","targetHints":{"allow":["GET"]}}],"collection":[{"href":"https:\/\/erdmost.hu\/en\/wp-json\/wp\/v2\/posts"}],"about":[{"href":"https:\/\/erdmost.hu\/en\/wp-json\/wp\/v2\/types\/post"}],"author":[{"embeddable":true,"href":"https:\/\/erdmost.hu\/en\/wp-json\/wp\/v2\/users\/33"}],"replies":[{"embeddable":true,"href":"https:\/\/erdmost.hu\/en\/wp-json\/wp\/v2\/comments?post=95596"}],"version-history":[{"count":5,"href":"https:\/\/erdmost.hu\/en\/wp-json\/wp\/v2\/posts\/95596\/revisions"}],"predecessor-version":[{"id":95630,"href":"https:\/\/erdmost.hu\/en\/wp-json\/wp\/v2\/posts\/95596\/revisions\/95630"}],"wp:featuredmedia":[{"embeddable":true,"href":"https:\/\/erdmost.hu\/en\/wp-json\/wp\/v2\/media\/95613"}],"wp:attachment":[{"href":"https:\/\/erdmost.hu\/en\/wp-json\/wp\/v2\/media?parent=95596"}],"wp:term":[{"taxonomy":"category","embeddable":true,"href":"https:\/\/erdmost.hu\/en\/wp-json\/wp\/v2\/categories?post=95596"},{"taxonomy":"cikk_cimkek","embeddable":true,"href":"https:\/\/erdmost.hu\/en\/wp-json\/wp\/v2\/cikk_cimkek?post=95596"},{"taxonomy":"content_flags","embeddable":true,"href":"https:\/\/erdmost.hu\/en\/wp-json\/wp\/v2\/content_flags?post=95596"},{"taxonomy":"content_icons","embeddable":true,"href":"https:\/\/erdmost.hu\/en\/wp-json\/wp\/v2\/content_icons?post=95596"}],"curies":[{"name":"wp","href":"https:\/\/api.w.org\/{rel}","templated":true}]}}