{"id":93853,"date":"2024-04-02T16:10:44","date_gmt":"2024-04-02T14:10:44","guid":{"rendered":"https:\/\/erdmost.hu\/?p=93853"},"modified":"2024-04-02T16:17:33","modified_gmt":"2024-04-02T14:17:33","slug":"wolf-kati-is-enekel-majd-a-keken-ragyogo-erdi-foteren","status":"publish","type":"post","link":"https:\/\/erdmost.hu\/en\/2024\/04\/02\/wolf-kati-is-enekel-majd-a-keken-ragyogo-erdi-foteren\/","title":{"rendered":"Wolf Kati is \u00e9nekel majd a k\u00e9ken ragyog\u00f3 \u00e9rdi f\u0151t\u00e9ren"},"content":{"rendered":"<p>\u00c1prilis 2-a az autizmus vil\u00e1gnapja. Ebb\u0151l az alkalomb\u00f3l szervezi meg imm\u00e1r \u00f6t\u00f6dik alkalommal a Ragyogj k\u00e9ken, s\u00e9t\u00e1lj \u00c9rden! elnevez\u00e9s\u0171 \u00e9rz\u00e9keny\u00edt\u0151 rendezv\u00e9ny\u00e9t a SZIKRA Tehets\u00e9ggondoz\u00f3 Egyes\u00fclet \u00e1prilis 7-\u00e9n, a f\u0151t\u00e9ren.<\/p>\n<p>A Szikra 2019 \u00f3ta foglalkozik atipikus tehets\u00e9ges gyerekek tehets\u00e9ggondoz\u00e1s\u00e1val, autista gyerekek fejleszt\u00e9s\u00e9vel, t\u00e1boroztat\u00e1s\u00e1val \u00e9s sz\u00fcleik t\u00e1mogat\u00e1s\u00e1val. M\u00e1ra k\u00f6zel 600 autizmussal \u00e9l\u0151 gyermeket l\u00e1tnak el.<\/p>\n<p>A Ragyogj k\u00e9ken, S\u00e9t\u00e1lj \u00c9rden! m\u00e1ra igen tekint\u00e9lyes rendezv\u00e9nny\u00e9 n\u0151tte ki mag\u00e1t. A r\u00e9sztvev\u0151kre \u2013 \u00e9s a n\u00e9z\u0151kre, k\u00eds\u00e9r\u0151kre \u2013 a s\u00e9ta mellett t\u00f6bb sz\u00ednvonalas program is v\u00e1r.<\/p>\n<figure id=\"attachment_61562\" aria-describedby=\"caption-attachment-61562\" style=\"width: 1024px\" class=\"wp-caption aligncenter\"><img fetchpriority=\"high\" decoding=\"async\" class=\"size-large wp-image-61562\" src=\"https:\/\/erdmost.hu\/wp-content\/uploads\/2023\/04\/20230402_161818-1024x576.jpg\" alt=\"\" width=\"1024\" height=\"576\" srcset=\"https:\/\/erdmost.hu\/wp-content\/uploads\/2023\/04\/20230402_161818-1024x576.jpg 1024w, https:\/\/erdmost.hu\/wp-content\/uploads\/2023\/04\/20230402_161818-996x560.jpg 996w, https:\/\/erdmost.hu\/wp-content\/uploads\/2023\/04\/20230402_161818-300x169.jpg 300w\" sizes=\"(max-width: 1024px) 100vw, 1024px\" \/><figcaption id=\"caption-attachment-61562\" class=\"wp-caption-text\"><em>Ragyogj k\u00e9ken,s\u00e9t\u00e1lj \u00c9rden &#8211; 2023<\/em><\/figcaption><\/figure>\n<p>\u00c1prilis 7-\u00e9n d\u00e9lut\u00e1n kett\u0151kor a Szikra eln\u00f6ke nyitja meg a rendezv\u00e9nyt, majd Fekete Gy. Viktor autista zen\u00e9sz ad koncertet. \u0150t B\u00f6l\u00f6ni R\u00e9ka b\u00e1bsz\u00edn\u00e9sz k\u00f6veti f\u00e9l h\u00e1romkor, majd Wolf Kati gyermekkoncertj\u00e9t l\u00e1thatja a k\u00f6z\u00f6ns\u00e9g 15 \u00f3r\u00e1t\u00f3l.<\/p>\n<p>A rendezv\u00e9nyt \u00c9rd \u00f6nkorm\u00e1nyzata is t\u00e1mogatja, Cs\u0151zik L\u00e1szl\u00f3 polg\u00e1rmester t\u00edz perccel n\u00e9gy \u00f3ra el\u0151tt k\u00f6sz\u00f6nti majd a r\u00e9sztvev\u0151ket, n\u00e9gykor pedig elindulnak a felvonul\u00f3k.<\/p>\n<p>16:40-kor versenyt\u00e1ncosok l\u00e9pnek sz\u00ednpadra, majd egy beatbox bemutat\u00f3t l\u00e1thatunk, 17 \u00f3rakor pedig a ManGoRise ad koncertet.<\/p>\n<p>A f\u0151 programok mellett lesznek j\u00e1t\u00e9kok kicsiknek \u00e9s nagyoknak, k\u00e9k vattacukor a gyerekeknek, k\u00e1v\u00e9 \u00e9s tea a sz\u00fcl\u0151knek, \u00e9s nem maradhat el az arcfest\u00e9s sem.<\/p>\n<p>Este 8-kor k\u00e9k f\u00e9nyben ragyog majd fel az \u00e9rdi v\u00e1rosh\u00e1za \u2013 ez is igencsak k\u00fcl\u00f6nleges l\u00e1tv\u00e1ny lesz. \u00c9s ha m\u00e1r a k\u00e9k az autizmus sz\u00edne, a szervez\u0151k k\u00e9rik, hogy a r\u00e9sztvev\u0151k k\u00e9k ruh\u00e1zatban \u00e9rkezzenek.<\/p>\n<figure id=\"attachment_61567\" aria-describedby=\"caption-attachment-61567\" style=\"width: 1024px\" class=\"wp-caption aligncenter\"><img decoding=\"async\" class=\"size-large wp-image-61567\" src=\"https:\/\/erdmost.hu\/wp-content\/uploads\/2023\/04\/20230402_171911-1024x576.jpg\" alt=\"\" width=\"1024\" height=\"576\" srcset=\"https:\/\/erdmost.hu\/wp-content\/uploads\/2023\/04\/20230402_171911-1024x576.jpg 1024w, https:\/\/erdmost.hu\/wp-content\/uploads\/2023\/04\/20230402_171911-996x560.jpg 996w, https:\/\/erdmost.hu\/wp-content\/uploads\/2023\/04\/20230402_171911-300x169.jpg 300w\" sizes=\"(max-width: 1024px) 100vw, 1024px\" \/><figcaption id=\"caption-attachment-61567\" class=\"wp-caption-text\"><em>Z\u00e1dori Henrietta (arch\u00edv)<\/em><\/figcaption><\/figure>\n<p>&#8222;Az autista gyerekek \u00fagy tal\u00e1lhatj\u00e1k meg legk\u00f6nnyebben a hely\u00fcket a vil\u00e1gban, ha megtanulj\u00e1k, hogyan haszn\u00e1lhatj\u00e1k ki az egyedis\u00e9g\u00fcket. Fontosnak tartjuk azt is, hogy programjainkkal, megmozdul\u00e1sainkkal l\u00e1that\u00f3v\u00e1 \u00e9s hallhat\u00f3v\u00e1 v\u00e1ljunk. A korai szeml\u00e9letform\u00e1l\u00e1s lehet a kulcsa az egy\u00fctt\u00e9l\u00e9snek, ahol mindenki b\u00e1tran lehet olyan, amilyen. Nagy szeretettel v\u00e1rjuk a csal\u00e1dokat erre a rendezv\u00e9nyre, b\u00edzva abban, hogy nem csak egy szuper programot \u00e9lnek \u00e1t, hanem egy fontos \u00fczenetet is magukkal visznek majd&#8221; &#8211; hangs\u00falyozta Z\u00e1dori Henrietta, az egyes\u00fclet eln\u00f6ke, aki maga is fell\u00e9p a rendezv\u00e9nyen: t\u00f6bbedmag\u00e1val szaval majd.<\/p>\n<p>A program ingyenes, de adom\u00e1nyokat \u00f6r\u00f6mmel fogadnak. A t\u00e1mogat\u00e1st a ny\u00e1ri ingyenes autizmusspecifikus Szikra-t\u00e1borra ford\u00edtj\u00e1k majd.<\/p>\n<p>A facebook-esem\u00e9ny <a href=\"https:\/\/facebook.com\/events\/s\/ragyogj-kekensetalj-erden\/409396304949346\/\" target=\"_blank\" rel=\"noopener\">itt tekinthet\u0151 meg.<\/a><\/p>\n<p><img decoding=\"async\" class=\"aligncenter size-full wp-image-93857\" src=\"https:\/\/erdmost.hu\/wp-content\/uploads\/2024\/04\/Ragyogj-Keken-szorolap-scaled.jpg\" alt=\"\" width=\"1839\" height=\"2560\" srcset=\"https:\/\/erdmost.hu\/wp-content\/uploads\/2024\/04\/Ragyogj-Keken-szorolap-scaled.jpg 1839w, https:\/\/erdmost.hu\/wp-content\/uploads\/2024\/04\/Ragyogj-Keken-szorolap-216x300.jpg 216w, https:\/\/erdmost.hu\/wp-content\/uploads\/2024\/04\/Ragyogj-Keken-szorolap-768x1069.jpg 768w, https:\/\/erdmost.hu\/wp-content\/uploads\/2024\/04\/Ragyogj-Keken-szorolap-402x560.jpg 402w, https:\/\/erdmost.hu\/wp-content\/uploads\/2024\/04\/Ragyogj-Keken-szorolap-575x800.jpg 575w\" sizes=\"(max-width: 1839px) 100vw, 1839px\" \/><\/p>","protected":false},"excerpt":{"rendered":"<p>Nagyszab\u00e1s\u00fa programokkal jelentkezik id\u00e9n a Ragyogj k\u00e9ken, s\u00e9t\u00e1lj \u00c9rden rendezv\u00e9ny.<\/p>","protected":false},"author":5,"featured_media":61573,"comment_status":"closed","ping_status":"closed","sticky":false,"template":"","format":"standard","meta":{"_acf_changed":false,"_seopress_robots_primary_cat":"none","_seopress_titles_title":"","_seopress_titles_desc":"","_seopress_robots_index":"","site-sidebar-layout":"default","site-content-layout":"default","ast-site-content-layout":"default","site-content-style":"default","site-sidebar-style":"default","ast-global-header-display":"","ast-banner-title-visibility":"","ast-main-header-display":"","ast-hfb-above-header-display":"","ast-hfb-below-header-display":"","ast-hfb-mobile-header-display":"","site-post-title":"","ast-breadcrumbs-content":"","ast-featured-img":"","footer-sml-layout":"","ast-disable-related-posts":"","theme-transparent-header-meta":"default","adv-header-id-meta":"","stick-header-meta":"","header-above-stick-meta":"","header-main-stick-meta":"","header-below-stick-meta":"","astra-migrate-meta-layouts":"default","ast-page-background-enabled":"default","ast-page-background-meta":{"desktop":{"background-color":"","background-image":"","background-repeat":"repeat","background-position":"center center","background-size":"auto","background-attachment":"scroll","background-type":"","background-media":"","overlay-type":"","overlay-color":"","overlay-opacity":"","overlay-gradient":""},"tablet":{"background-color":"","background-image":"","background-repeat":"repeat","background-position":"center center","background-size":"auto","background-attachment":"scroll","background-type":"","background-media":"","overlay-type":"","overlay-color":"","overlay-opacity":"","overlay-gradient":""},"mobile":{"background-color":"","background-image":"","background-repeat":"repeat","background-position":"center center","background-size":"auto","background-attachment":"scroll","background-type":"","background-media":"","overlay-type":"","overlay-color":"","overlay-opacity":"","overlay-gradient":""}},"ast-content-background-meta":{"desktop":{"background-color":"var(--ast-global-color-5)","background-image":"","background-repeat":"repeat","background-position":"center center","background-size":"auto","background-attachment":"scroll","background-type":"","background-media":"","overlay-type":"","overlay-color":"","overlay-opacity":"","overlay-gradient":""},"tablet":{"background-color":"var(--ast-global-color-5)","background-image":"","background-repeat":"repeat","background-position":"center center","background-size":"auto","background-attachment":"scroll","background-type":"","background-media":"","overlay-type":"","overlay-color":"","overlay-opacity":"","overlay-gradient":""},"mobile":{"background-color":"var(--ast-global-color-5)","background-image":"","background-repeat":"repeat","background-position":"center center","background-size":"auto","background-attachment":"scroll","background-type":"","background-media":"","overlay-type":"","overlay-color":"","overlay-opacity":"","overlay-gradient":""}},"footnotes":""},"categories":[1,463,461,462,1608],"cikk_cimkek":[245,4472,4473,786,1575],"content_flags":[],"content_icons":[],"class_list":["post-93853","post","type-post","status-publish","format-standard","has-post-thumbnail","hentry","category-erdmost","category-fontos","category-jobbfent","category-kiemelt","category-mindennapok","cikk_cimkek-autizmus","cikk_cimkek-ragyogj-keken","cikk_cimkek-setalj-erden","cikk_cimkek-szikra-egyesulet","cikk_cimkek-zadori-henrietta"],"acf":[],"_links":{"self":[{"href":"https:\/\/erdmost.hu\/en\/wp-json\/wp\/v2\/posts\/93853","targetHints":{"allow":["GET"]}}],"collection":[{"href":"https:\/\/erdmost.hu\/en\/wp-json\/wp\/v2\/posts"}],"about":[{"href":"https:\/\/erdmost.hu\/en\/wp-json\/wp\/v2\/types\/post"}],"author":[{"embeddable":true,"href":"https:\/\/erdmost.hu\/en\/wp-json\/wp\/v2\/users\/5"}],"replies":[{"embeddable":true,"href":"https:\/\/erdmost.hu\/en\/wp-json\/wp\/v2\/comments?post=93853"}],"version-history":[{"count":3,"href":"https:\/\/erdmost.hu\/en\/wp-json\/wp\/v2\/posts\/93853\/revisions"}],"predecessor-version":[{"id":93858,"href":"https:\/\/erdmost.hu\/en\/wp-json\/wp\/v2\/posts\/93853\/revisions\/93858"}],"wp:featuredmedia":[{"embeddable":true,"href":"https:\/\/erdmost.hu\/en\/wp-json\/wp\/v2\/media\/61573"}],"wp:attachment":[{"href":"https:\/\/erdmost.hu\/en\/wp-json\/wp\/v2\/media?parent=93853"}],"wp:term":[{"taxonomy":"category","embeddable":true,"href":"https:\/\/erdmost.hu\/en\/wp-json\/wp\/v2\/categories?post=93853"},{"taxonomy":"cikk_cimkek","embeddable":true,"href":"https:\/\/erdmost.hu\/en\/wp-json\/wp\/v2\/cikk_cimkek?post=93853"},{"taxonomy":"content_flags","embeddable":true,"href":"https:\/\/erdmost.hu\/en\/wp-json\/wp\/v2\/content_flags?post=93853"},{"taxonomy":"content_icons","embeddable":true,"href":"https:\/\/erdmost.hu\/en\/wp-json\/wp\/v2\/content_icons?post=93853"}],"curies":[{"name":"wp","href":"https:\/\/api.w.org\/{rel}","templated":true}]}}