{"id":90478,"date":"2024-02-20T10:53:34","date_gmt":"2024-02-20T09:53:34","guid":{"rendered":"https:\/\/erdmost.hu\/?p=90478"},"modified":"2024-02-20T10:53:34","modified_gmt":"2024-02-20T09:53:34","slug":"emleket-allitanak-az-erdi-repuloternek","status":"publish","type":"post","link":"https:\/\/erdmost.hu\/en\/2024\/02\/20\/emleket-allitanak-az-erdi-repuloternek\/","title":{"rendered":"Eml\u00e9ket \u00e1ll\u00edtanak az \u00e9rdi rep\u00fcl\u0151t\u00e9rnek"},"content":{"rendered":"<p>A t\u00f6bbek k\u00f6z\u00f6tt pil\u00f3t\u00e1kb\u00f3l, rep\u00fcl\u00e9st\u00f6rt\u00e9n\u00e9szb\u0151l \u00e9s lelkes lok\u00e1lpatri\u00f3t\u00e1kb\u00f3l \u00e1ll\u00f3 t\u00e1rsas\u00e1g tagjai azzal a sz\u00e1nd\u00e9kkal tal\u00e1ltak egym\u00e1sra n\u00e9h\u00e1ny esztendeje, hogy <a href=\"http:\/\/hunglider.hu\/erd\/\" target=\"_blank\" rel=\"noopener\">valamilyen m\u00f3don megeml\u00e9kezzenek a valaha volt \u00e9rdi rep\u00fcl\u0151t\u00e9rr\u0151l<\/a>, illetve azokr\u00f3l az emberekr\u0151l, akik ezen a helyen \u00f6regb\u00edtett\u00e9k a magyar rep\u00fcl\u00e9s h\u00edrnev\u00e9t.<\/p>\n<p><img fetchpriority=\"high\" decoding=\"async\" class=\"aligncenter size-full wp-image-90496\" src=\"https:\/\/erdmost.hu\/wp-content\/uploads\/2024\/02\/erdi_repter_emlekmu_egyesulet_alapitas_2-scaled.jpg\" alt=\"\" width=\"2560\" height=\"1152\" srcset=\"https:\/\/erdmost.hu\/wp-content\/uploads\/2024\/02\/erdi_repter_emlekmu_egyesulet_alapitas_2-scaled.jpg 2560w, https:\/\/erdmost.hu\/wp-content\/uploads\/2024\/02\/erdi_repter_emlekmu_egyesulet_alapitas_2-300x135.jpg 300w, https:\/\/erdmost.hu\/wp-content\/uploads\/2024\/02\/erdi_repter_emlekmu_egyesulet_alapitas_2-768x346.jpg 768w, https:\/\/erdmost.hu\/wp-content\/uploads\/2024\/02\/erdi_repter_emlekmu_egyesulet_alapitas_2-1120x504.jpg 1120w, https:\/\/erdmost.hu\/wp-content\/uploads\/2024\/02\/erdi_repter_emlekmu_egyesulet_alapitas_2-1100x495.jpg 1100w\" sizes=\"(max-width: 2560px) 100vw, 2560px\" \/><\/p>\n<p>Ennek \u00e9rdek\u00e9ben a csapat egy eml\u00e9km\u0171vet szeretne l\u00e9trehozni az egykori rept\u00e9r k\u00f6zel\u00e9ben. A <a href=\"http:\/\/hunglider.hu\/erd\/Emlekmu%20latvanyterv-22-10-05.jpg\" target=\"_blank\" rel=\"noopener\">l\u00e1tv\u00e1nyterv m\u00e1r el is k\u00e9sz\u00fclt<\/a>, s\u0151t, az \u00f6nkorm\u00e1nyzat a szobor leend\u0151 hely\u00e9t is kijel\u00f6lte. Nem utols\u00f3sorban pedig az anyagi forr\u00e1sok el\u0151teremt\u00e9se is elkezd\u0151d\u00f6tt, amin l\u00e9nyeg\u00e9ben \u00e1ll, vagy bukik a dolog.<\/p>\n<p>J\u00f3llehet az eml\u00e9km\u0171vet kezdem\u00e9nyez\u0151k \u00e9vek \u00f3ta ismerik egym\u00e1st, \u00e9s <a href=\"http:\/\/hunglider.hu\/erd\/helyzet.html\" target=\"_blank\" rel=\"noopener\">pr\u00f3b\u00e1lnak tenni az\u00e9rt, hogy az \u00f6tlet val\u00f3ra v\u00e1ljon<\/a>, rem\u00e9nyeik szerint a mostani egyes\u00fcletbe szervez\u0151d\u00e9s egy \u00fajabb l\u00f6k\u00e9st adhat az \u00fcgynek, mondta el az \u00c9rdMostnak Balla Imre \u00f6nkorm\u00e1nyzati k\u00e9pvisel\u0151, az \u00fajonnan alakult szervezet aleln\u00f6ke. Mondv\u00e1n, \u00edgy egyszer\u0171bb lesz adom\u00e1nyokat gy\u0171jteni.<\/p>\n<p><img decoding=\"async\" class=\"aligncenter size-full wp-image-90495\" src=\"https:\/\/erdmost.hu\/wp-content\/uploads\/2024\/02\/erdi_repter_emlekmu_egyesulet_alapitas_1-scaled.jpg\" alt=\"\" width=\"2560\" height=\"1152\" srcset=\"https:\/\/erdmost.hu\/wp-content\/uploads\/2024\/02\/erdi_repter_emlekmu_egyesulet_alapitas_1-scaled.jpg 2560w, https:\/\/erdmost.hu\/wp-content\/uploads\/2024\/02\/erdi_repter_emlekmu_egyesulet_alapitas_1-300x135.jpg 300w, https:\/\/erdmost.hu\/wp-content\/uploads\/2024\/02\/erdi_repter_emlekmu_egyesulet_alapitas_1-768x346.jpg 768w, https:\/\/erdmost.hu\/wp-content\/uploads\/2024\/02\/erdi_repter_emlekmu_egyesulet_alapitas_1-1120x504.jpg 1120w, https:\/\/erdmost.hu\/wp-content\/uploads\/2024\/02\/erdi_repter_emlekmu_egyesulet_alapitas_1-1100x495.jpg 1100w\" sizes=\"(max-width: 2560px) 100vw, 2560px\" \/><\/p>\n<p>A terv t\u00e1mogat\u00f3ja Cs\u0151zik L\u00e1szl\u00f3, \u00c9rd polg\u00e1rmestere is, aki szint\u00e9n jelen volt az alakul\u00f3 \u00fcl\u00e9sen, \u00e9s mint elmondta, ha az egyes\u00fclet \u00f6ssze tud gy\u0171jteni egy megfelel\u0151 \u00f6sszeget, akkor nem az \u00f6nkorm\u00e1nyzaton fog m\u00falni, hogy kip\u00f3tolja azt. Viszont az obeliszk teljes k\u00f6lts\u00e9g\u00e9t, ami valahol 10-15 milli\u00f3 forint k\u00f6r\u00fcl mozog, azt pillanatnyilag nem tudja a v\u00e1ros kifizetni.<\/p>\n<blockquote><p>&#8222;Figyel\u00fcnk r\u00e1, sz\u00edv\u00fcgy\u00fcnk, de a finansz\u00edroz\u00e1s gerince civil adakoz\u00e1sb\u00f3l kellene, hogy megval\u00f3suljon. Szeretn\u00e9nk l\u00e1tni, hogy a szakmai lelkesed\u00e9s a szponzor\u00e1ci\u00f3ban is megnyilv\u00e1nul&#8221;<\/p><\/blockquote>\n<p>&#8211; fogalmazott a v\u00e1rosvezet\u0151.<\/p>\n<p>Az \u00e9vek sor\u00e1n az \u00fcgy p\u00e1rtfog\u00f3j\u00e1v\u00e1 v\u00e1lt Besenyei P\u00e9ter magyar m\u0171rep\u00fcl\u0151 is, aki ugyancsak ott volt az egyes\u00fclett\u00e9 v\u00e1l\u00e1skor.<\/p>\n<p>A vil\u00e1gh\u00edr\u0171 pil\u00f3ta \u00fagy v\u00e9li, fontos, hogy a magyar rep\u00fcl\u00e9s m\u00e9rdf\u00f6ldk\u00f6veinek eml\u00e9ket \u00e1ll\u00edtsunk. S mivel az \u00e9rdi rept\u00e9r is egy m\u00e9rf\u00f6ldk\u0151, a magyar rep\u00fcl\u00e9st\u00f6rt\u00e9net fontos \u00e1llom\u00e1sa, ez\u00e9rt annak eml\u00e9k\u00e9t mindenk\u00e9pp meg kell \u0151rizni.<\/p>\n<p><img decoding=\"async\" class=\"aligncenter size-full wp-image-90500\" src=\"https:\/\/erdmost.hu\/wp-content\/uploads\/2024\/02\/erdi_repulter_archiv.jpg\" alt=\"\" width=\"1365\" height=\"874\" srcset=\"https:\/\/erdmost.hu\/wp-content\/uploads\/2024\/02\/erdi_repulter_archiv.jpg 1365w, https:\/\/erdmost.hu\/wp-content\/uploads\/2024\/02\/erdi_repulter_archiv-300x192.jpg 300w, https:\/\/erdmost.hu\/wp-content\/uploads\/2024\/02\/erdi_repulter_archiv-768x492.jpg 768w, https:\/\/erdmost.hu\/wp-content\/uploads\/2024\/02\/erdi_repulter_archiv-875x560.jpg 875w, https:\/\/erdmost.hu\/wp-content\/uploads\/2024\/02\/erdi_repulter_archiv-1100x704.jpg 1100w\" sizes=\"(max-width: 1365px) 100vw, 1365px\" \/><\/p>\n<p>Az \u00e9rdi repteret egy\u00e9bk\u00e9nt az 1920-as \u00e9vekben alak\u00edtott\u00e1k ki, \u00e9s eg\u00e9szen a m\u00e1sodik vil\u00e1gh\u00e1bor\u00fa v\u00e9g\u00e9ig m\u0171k\u00f6d\u00f6tt. Hogy milyen jelent\u0151s\u00e9ge volt a magyar rep\u00fcl\u00e9s t\u00f6rt\u00e9nelm\u00e9ben, arr\u00f3l <a href=\"https:\/\/drive.google.com\/file\/d\/1od6mAnUoFp3O0Gpl59NxbYQoHEmUmQ8p\/view\" target=\"_blank\" rel=\"noopener\">ITT OLVASHAT<\/a> b\u0151vebben.<\/p>","protected":false},"excerpt":{"rendered":"<p>Egy \u00e9rd-\u00f3falusi mag\u00e1nh\u00e1zban megalakult az \u00c9rdi Rep\u00fcl\u0151t\u00e9r Eml\u00e9km\u0171v\u00e9\u00e9rt Egyes\u00fclet.<\/p>","protected":false},"author":42,"featured_media":90557,"comment_status":"closed","ping_status":"closed","sticky":false,"template":"","format":"standard","meta":{"_acf_changed":false,"_seopress_robots_primary_cat":"none","_seopress_titles_title":"","_seopress_titles_desc":"","_seopress_robots_index":"","site-sidebar-layout":"default","site-content-layout":"default","ast-site-content-layout":"default","site-content-style":"default","site-sidebar-style":"default","ast-global-header-display":"","ast-banner-title-visibility":"","ast-main-header-display":"","ast-hfb-above-header-display":"","ast-hfb-below-header-display":"","ast-hfb-mobile-header-display":"","site-post-title":"","ast-breadcrumbs-content":"","ast-featured-img":"","footer-sml-layout":"","ast-disable-related-posts":"","theme-transparent-header-meta":"default","adv-header-id-meta":"","stick-header-meta":"","header-above-stick-meta":"","header-main-stick-meta":"","header-below-stick-meta":"","astra-migrate-meta-layouts":"default","ast-page-background-enabled":"default","ast-page-background-meta":{"desktop":{"background-color":"","background-image":"","background-repeat":"repeat","background-position":"center center","background-size":"auto","background-attachment":"scroll","background-type":"","background-media":"","overlay-type":"","overlay-color":"","overlay-opacity":"","overlay-gradient":""},"tablet":{"background-color":"","background-image":"","background-repeat":"repeat","background-position":"center center","background-size":"auto","background-attachment":"scroll","background-type":"","background-media":"","overlay-type":"","overlay-color":"","overlay-opacity":"","overlay-gradient":""},"mobile":{"background-color":"","background-image":"","background-repeat":"repeat","background-position":"center center","background-size":"auto","background-attachment":"scroll","background-type":"","background-media":"","overlay-type":"","overlay-color":"","overlay-opacity":"","overlay-gradient":""}},"ast-content-background-meta":{"desktop":{"background-color":"var(--ast-global-color-5)","background-image":"","background-repeat":"repeat","background-position":"center center","background-size":"auto","background-attachment":"scroll","background-type":"","background-media":"","overlay-type":"","overlay-color":"","overlay-opacity":"","overlay-gradient":""},"tablet":{"background-color":"var(--ast-global-color-5)","background-image":"","background-repeat":"repeat","background-position":"center center","background-size":"auto","background-attachment":"scroll","background-type":"","background-media":"","overlay-type":"","overlay-color":"","overlay-opacity":"","overlay-gradient":""},"mobile":{"background-color":"var(--ast-global-color-5)","background-image":"","background-repeat":"repeat","background-position":"center center","background-size":"auto","background-attachment":"scroll","background-type":"","background-media":"","overlay-type":"","overlay-color":"","overlay-opacity":"","overlay-gradient":""}},"footnotes":""},"categories":[1,463,461,462,460],"cikk_cimkek":[4308,3463,3464],"content_flags":[],"content_icons":[],"class_list":["post-90478","post","type-post","status-publish","format-standard","has-post-thumbnail","hentry","category-erdmost","category-fontos","category-jobbfent","category-kiemelt","category-top","cikk_cimkek-erd-repuloter-emlekmu","cikk_cimkek-erdi-repuloter","cikk_cimkek-repter"],"acf":[],"_links":{"self":[{"href":"https:\/\/erdmost.hu\/en\/wp-json\/wp\/v2\/posts\/90478","targetHints":{"allow":["GET"]}}],"collection":[{"href":"https:\/\/erdmost.hu\/en\/wp-json\/wp\/v2\/posts"}],"about":[{"href":"https:\/\/erdmost.hu\/en\/wp-json\/wp\/v2\/types\/post"}],"author":[{"embeddable":true,"href":"https:\/\/erdmost.hu\/en\/wp-json\/wp\/v2\/users\/42"}],"replies":[{"embeddable":true,"href":"https:\/\/erdmost.hu\/en\/wp-json\/wp\/v2\/comments?post=90478"}],"version-history":[{"count":5,"href":"https:\/\/erdmost.hu\/en\/wp-json\/wp\/v2\/posts\/90478\/revisions"}],"predecessor-version":[{"id":90552,"href":"https:\/\/erdmost.hu\/en\/wp-json\/wp\/v2\/posts\/90478\/revisions\/90552"}],"wp:featuredmedia":[{"embeddable":true,"href":"https:\/\/erdmost.hu\/en\/wp-json\/wp\/v2\/media\/90557"}],"wp:attachment":[{"href":"https:\/\/erdmost.hu\/en\/wp-json\/wp\/v2\/media?parent=90478"}],"wp:term":[{"taxonomy":"category","embeddable":true,"href":"https:\/\/erdmost.hu\/en\/wp-json\/wp\/v2\/categories?post=90478"},{"taxonomy":"cikk_cimkek","embeddable":true,"href":"https:\/\/erdmost.hu\/en\/wp-json\/wp\/v2\/cikk_cimkek?post=90478"},{"taxonomy":"content_flags","embeddable":true,"href":"https:\/\/erdmost.hu\/en\/wp-json\/wp\/v2\/content_flags?post=90478"},{"taxonomy":"content_icons","embeddable":true,"href":"https:\/\/erdmost.hu\/en\/wp-json\/wp\/v2\/content_icons?post=90478"}],"curies":[{"name":"wp","href":"https:\/\/api.w.org\/{rel}","templated":true}]}}