{"id":888,"date":"2018-12-21T09:08:05","date_gmt":"2018-12-21T09:08:05","guid":{"rendered":"https:\/\/wp.erdmost.hu\/2018\/12\/21\/utfejlesztes-sajat-forrasbol\/"},"modified":"2018-12-21T09:08:05","modified_gmt":"2018-12-21T09:08:05","slug":"utfejlesztes-sajat-forrasbol","status":"publish","type":"post","link":"https:\/\/erdmost.hu\/en\/2018\/12\/21\/utfejlesztes-sajat-forrasbol\/","title":{"rendered":"\u00datfejleszt\u00e9s, saj\u00e1t forr\u00e1sb\u00f3l"},"content":{"rendered":"<p><iframe width=\"560\" height=\"315\" src=\"https:\/\/www.youtube.com\/embed\/hbqfKRHLdpw\"  frameborder=\"0\" allow=\"accelerometer; autoplay; clipboard-write; encrypted-media; gyroscope; picture-in-picture\" allowfullscreen><\/iframe><\/p>\n<p>A k\u00e9pvisel\u0151k elfogadt\u00e1k az \u00c9rd \u00fatfejleszt\u00e9si koncepci\u00f3j\u00e1nak tov\u00e1bbfejleszt\u00e9s\u00e9re ir\u00e1nyul\u00f3 javaslatot. Mint Sim\u00f3 K\u00e1roly alpolg\u00e1rmester tud\u00f3s\u00edt\u00f3nknak hangs\u00falyozta, ezt a 2012-es koncepci\u00f3t folyamatosan fejlesztik; a jelenlegi el\u0151terjeszt\u00e9s arra ir\u00e1nyult, hogy b\u0151v\u00edts\u00e9k a lok\u00e1lis gy\u0171jt\u0151\u00fath\u00e1l\u00f3zatot.<\/p>\n<p>\u2013 Ezen k\u00edv\u00fcl most k\u00e9t konkr\u00e9t dologr\u00f3l is d\u00f6nt\u00e9s sz\u00fcletett: j\u00e1rda\u00e9p\u00edt\u00e9s tervez\u00e9s\u00e9r\u0151l az \u00dcrm\u00f6s utca\u2013Eperfa utca szakaszon \u00e9s a Szov\u00e1tai \u00faton, illetve arr\u00f3l, hogy a jelenleg zajl\u00f3 vas\u00fati fejleszt\u00e9sben \u00e9rintett utak ki\u00e9p\u00edt\u00e9se t\u00f6rt\u00e9njen meg (Felvigy\u00e1z\u00f3 utca, Csalog\u00e1ny utca, T\u00e9t\u00e9nyi \u00fat). A 2019-es \u00e9vben erre \u00f6nkorm\u00e1nyzatunk biztos\u00edtja a forr\u00e1sokat a k\u00f6lts\u00e9gvet\u00e9s\u00e9ben: az \u00fat\u00e9p\u00edt\u00e9sre 200 milli\u00f3 forintot, a j\u00e1rdatervez\u00e9sre pedig 20 milli\u00f3 forintot \u2013 mondta tud\u00f3s\u00edt\u00f3nknak Sim\u00f3 K\u00e1roly alpolg\u00e1rmester, aki hozz\u00e1tette: meglep\u0151, hogy a baloldali k\u00e9pvisel\u0151k m\u00e9g ezt a d\u00f6nt\u00e9st sem tudt\u00e1k t\u00e1mogatni szavazataikkal, mint ahogy szinte mindig az \u00e9rdi \u00fat\u00e9p\u00edt\u00e9sek ellen szavaznak.<\/p>\n<p>A k\u00e9pvisel\u0151k d\u00f6nt\u00e9se \u00e9rtelm\u00e9ben m\u00f3dosul a k\u00f6zm\u0171ves szennyv\u00edzelvezet\u0151 h\u00e1l\u00f3zathoz t\u00f6rt\u00e9n\u0151 ut\u00f3lagos csatlakoz\u00e1s m\u0171szaki \u00e9s p\u00e9nz\u00fcgyi felt\u00e9teleir\u0151l, valamint az ut\u00f3lagos csatlakoz\u00e1s\u00e9rt fizetend\u0151 hozz\u00e1j\u00e1rul\u00e1s m\u00e9rt\u00e9k\u00e9r\u0151l sz\u00f3l\u00f3 27\/2016. (IX.30.) \u00f6nkorm\u00e1nyzati rendelet: Sim\u00f3 K\u00e1roly elmondta, hogy azok, akiknek neh\u00e9zs\u00e9get okozna a csatlakoz\u00e1si d\u00edj megfizet\u00e9se, a j\u00f6v\u0151ben h\u00e1rom \u00e9v helyett \u00f6t \u00e9vre is k\u00e9rhetnek r\u00e9szletfizet\u00e9st. Akinek a meg\u00e9lhet\u00e9s\u00e9t vesz\u00e9lyeztetn\u00e9 a d\u00edj megfizet\u00e9se, k\u00fcl\u00f6nleges m\u00e9lt\u00e1nyoss\u00e1got ig\u00e9nyl\u0151 esetben ezt a d\u00edjat el is lehet engedni \u2013 hangs\u00falyozta.<\/p>\n<p>A k\u00f6zgy\u0171l\u00e9sen elhangzott: \u00c9rden a j\u00f6v\u0151ben a tervek szerint t\u00f6bb helyen elektromos t\u00f6lt\u0151berendez\u00e9st l\u00e9tes\u00edtenek; az egyiket a G\u00e1rdonyi iskola Pet\u0151fi utca fel\u0151li parkol\u00f3j\u00e1ban k\u00edv\u00e1nja kialak\u00edtani e-Mobi Elektromobilit\u00e1s Nonprofit Kft. Ehhez az \u00c9rdi Tanker\u00fcleti K\u00f6zpont m\u00e1r hozz\u00e1j\u00e1rult, \u00e9s az \u00fcl\u00e9sen a k\u00e9pvisel\u0151k is megszavazt\u00e1k a javaslatot.<\/p>\n<p>\u2013 A j\u00f6v\u0151 az elektromos aut\u00f3k\u00e9, \u00edgy sz\u00fcks\u00e9g lesz min\u00e9l t\u00f6bb t\u00f6lt\u0151\u00e1llom\u00e1sra is \u2013 jegyezte meg Sim\u00f3 K\u00e1roly.<\/p>\n<p>A k\u00e9pvisel\u0151k d\u00f6nt\u00f6ttek arr\u00f3l, hogy a k\u00f6vetkez\u0151 esztend\u0151re is k\u00f6zszolg\u00e1ltat\u00e1si szerz\u0151d\u00e9st k\u00f6tnek a Vol\u00e1nnal, a menetrendszerinti helyi, k\u00f6zforgalm\u00fa aut\u00f3busz k\u00f6z\u00f6ss\u00e9gi k\u00f6zleked\u00e9si h\u00e1l\u00f3zat m\u0171k\u00f6dtet\u00e9s\u00e9re.<\/p>\n<p>A k\u00f6zgy\u0171l\u00e9s elfogadta a k\u00e9pvisel\u0151i tev\u00e9kenys\u00e9gr\u0151l, valamint a Polg\u00e1rmesteri Hivatal 2018. \u00e9vi tev\u00e9kenys\u00e9g\u00e9r\u0151l sz\u00f3l\u00f3 besz\u00e1mol\u00f3kat, valamint a k\u00f6zgy\u0171l\u00e9s 2019. \u00e9vi munkaterv\u00e9t, \u00e9s meghat\u00e1rozt\u00e1k a j\u00f6v\u0151 \u00e9vi k\u00f6zmeghallgat\u00e1s id\u0151pontj\u00e1t (2019. november 28, 17 \u00f3ra).<\/p>\n<p>A gr\u00e9mium elfogadta az \u00c9rdi Sport Kft. 2019-es \u00fczleti terv\u00e9t, valamint az \u00c9rdi Gal\u00e9ria j\u00f6v\u0151 \u00e9vi ki\u00e1ll\u00edt\u00e1si \u00e9s p\u00e9nz\u00fcgyi terv\u00e9t, illetve az \u00c9rdi Polg\u00e1r\u0151rs\u00e9g 2019. \u00e9vi k\u00f6lts\u00e9gvet\u00e9s\u00e9t \u00e9s szakmai koncepci\u00f3j\u00e1t. A test\u00fclet d\u00f6nt\u00f6tt az \u00c9rdi Telep\u00fcl\u00e9si \u00c9rt\u00e9kt\u00e1r bizotts\u00e1g j\u00f6v\u0151 \u00e9vre vonatkoz\u00f3 munka- \u00e9s p\u00e9nz\u00fcgyi terv\u00e9r\u0151l is. &nbsp;&nbsp;&nbsp;&nbsp;<\/p>\n<p>Szem\u00e9lyi d\u00f6nt\u00e9sekre is sor ker\u00fclt: a k\u00e9pvisel\u0151k hat\u00e1roztak arr\u00f3l, hogy a Szoci\u00e1lis Gondoz\u00f3 K\u00f6zpont magasabb vezet\u0151i teend\u0151it janu\u00e1r elsej\u00e9t\u0151l Bertalan Ildik\u00f3 Zsuzsanna l\u00e1tja el, m\u00edg az Int\u00e9zm\u00e9nyi Gondnoks\u00e1g int\u00e9zm\u00e9nyvezet\u0151je B\u00edr\u00f3 L\u00e1szl\u00f3 lesz. Mindk\u00e9t kinevez\u00e9s \u00f6t \u00e9vre sz\u00f3l. A test\u00fclet d\u00f6nt\u00e9se \u00e9rtelm\u00e9ben szint\u00e9n \u00f6t \u00e9vre meghosszabb\u00edtott\u00e1k az az \u00c9rdi V\u00e1rosi Telev\u00edzi\u00f3 \u00e9s Kultur\u00e1lis Nonprofit Kft. \u00fcgyvezet\u0151je, Fekete Zolt\u00e1n megb\u00edzat\u00e1s\u00e1t.<\/p>\n<p style=\"margin:0cm 0cm 0.0001pt\"><em><strong><span style=\"font-size:12pt\"><span style=\"font-family:&quot;Times New Roman&quot;,serif\">S<\/span><\/span>zeretetcsomag: k\u00f6sz\u00f6net a t\u00e1mogat\u00f3knak<\/strong><\/em><\/p>\n<p>Nagy sikerrel z\u00e1rult id\u00e9n is a v\u00e1rosi Szeretetcsomag akci\u00f3, aminek Pulai Edina f\u00fcggetlen k\u00e9pvisel\u0151 volt a f\u0151szervez\u0151je. Pulai Edina a k\u00f6zgy\u0171l\u00e9sen k\u00f6sz\u00f6netet mondott a t\u00e1mogat\u00f3knak \u2013 \u00c9rd Ar\u00e9na, \u00c9rd M\u00e9diacentrum, \u00c9rdi \u00dajs\u00e1g, Csal\u00e1d- \u00e9s Gyermekj\u00f3l\u00e9ti K\u00f6zpont, Parkv\u00e1rosi K\u00f6z\u00f6ss\u00e9gi H\u00e1z, Szepes Gyula M\u0171vel\u0151d\u00e9si K\u00f6zpont, V\u00e1rosfejleszt\u00e9si Kft. \u2013 valamint azoknak az iskol\u00e1knak \u00e9s j\u00f3akarat\u00fa embereknek, akik seg\u00edts\u00e9g\u00fckkel, adom\u00e1nyukkal hozz\u00e1j\u00e1rultak ahhoz, hogy az \u00e9rdi gyermekeknek, csal\u00e1doknak, id\u0151seknek boldog kar\u00e1csonyuk legyen.<\/p>\n<p><em><strong>Nem a k\u00f6z\u00f6ss\u00e9gi k\u00f6zleked\u00e9ssel kapcsolatos szerz\u0151d\u00e9sre<\/strong><\/em><\/p>\n<p>Dr. Havasi M\u00e1rta (DK) nemmel szavazott a Vol\u00e1nnal k\u00f6tend\u0151 k\u00f6zszolg\u00e1lati szerz\u0151d\u00e9sre. Mint elmondta: az elk\u00f6vetkezend\u0151 k\u00e9t \u00e9vre ugyanolyan felt\u00e9telek mellett, ugyanolyan sz\u00ednvonal\u00fa szolg\u00e1ltat\u00e1sra k\u00f6t az \u00f6nkorm\u00e1nyzat meg\u00e1llapod\u00e1st a Vol\u00e1nnal.<\/p>\n<p>\u2013 Nem haszn\u00e1ltuk ki az alkalmat arra, hogy azokat az anom\u00e1li\u00e1kat, amelyek a helyi k\u00f6zleked\u00e9sben \u00e9szlelhet\u0151k \u2013 \u00e9s ami k\u00fcl\u00f6n\u00f6sen az M7-esen t\u00fali ter\u00fcleteket s\u00fajtja \u2013 pr\u00f3b\u00e1ljuk valahogy az elv\u00e1rhat\u00f3s\u00e1ghoz \u00e9s az ig\u00e9nyekhez igaz\u00edtani \u2013 hangs\u00falyozta az \u00fcl\u00e9st k\u00f6vet\u0151en tud\u00f3s\u00edt\u00f3nknak a k\u00e9pvisel\u0151, aki, mint mondta, \u00edgy nem tudta t\u00e1mogatni az el\u0151terjeszt\u00e9st.<\/p>","protected":false},"excerpt":{"rendered":"<p>J\u00e1rd\u00e1t terveznek az \u00dcrm\u00f6s-Eperfa utc\u00e1kban \u00e9s a Szov\u00e1tai \u00faton, \u00e9s 200 milli\u00f3s v\u00e1rosi forr\u00e1sb\u00f3l ki\u00e9p\u00edtik a vas\u00fatfejleszt\u00e9sben \u00e9rintett Felvigy\u00e1z\u00f3 \u00e9s Csalog\u00e1ny utc\u00e1t, valamint a T\u00e9t\u00e9nyi utat \u2013 d\u00f6nt\u00f6tt cs\u00fct\u00f6rt\u00f6ki \u00fcl\u00e9s\u00e9n a k\u00f6zgy\u0171l\u00e9s. Hat\u00e1roztak tov\u00e1bb\u00e1 arr\u00f3l, hogy elektromos t\u00f6lt\u0151berendez\u00e9s l\u00e9tes\u00fclhet a G\u00e1rdonyi iskol\u00e1n\u00e1l, \u00e9s a k\u00f6vetkez\u0151 esztend\u0151re is szerz\u0151d\u00e9st k\u00f6t a v\u00e1ros a Vol\u00e1nnal. K\u00f6zgy\u0171l\u00e9si \u00f6sszefoglal\u00f3.<\/p>","protected":false},"author":5,"featured_media":0,"comment_status":"","ping_status":"","sticky":false,"template":"","format":"standard","meta":{"_acf_changed":false,"_seopress_robots_primary_cat":"","_seopress_titles_title":"","_seopress_titles_desc":"","_seopress_robots_index":"","site-sidebar-layout":"default","site-content-layout":"","ast-site-content-layout":"default","site-content-style":"default","site-sidebar-style":"default","ast-global-header-display":"","ast-banner-title-visibility":"","ast-main-header-display":"","ast-hfb-above-header-display":"","ast-hfb-below-header-display":"","ast-hfb-mobile-header-display":"","site-post-title":"","ast-breadcrumbs-content":"","ast-featured-img":"","footer-sml-layout":"","ast-disable-related-posts":"","theme-transparent-header-meta":"","adv-header-id-meta":"","stick-header-meta":"","header-above-stick-meta":"","header-main-stick-meta":"","header-below-stick-meta":"","astra-migrate-meta-layouts":"default","ast-page-background-enabled":"default","ast-page-background-meta":{"desktop":{"background-color":"","background-image":"","background-repeat":"repeat","background-position":"center center","background-size":"auto","background-attachment":"scroll","background-type":"","background-media":"","overlay-type":"","overlay-color":"","overlay-opacity":"","overlay-gradient":""},"tablet":{"background-color":"","background-image":"","background-repeat":"repeat","background-position":"center center","background-size":"auto","background-attachment":"scroll","background-type":"","background-media":"","overlay-type":"","overlay-color":"","overlay-opacity":"","overlay-gradient":""},"mobile":{"background-color":"","background-image":"","background-repeat":"repeat","background-position":"center center","background-size":"auto","background-attachment":"scroll","background-type":"","background-media":"","overlay-type":"","overlay-color":"","overlay-opacity":"","overlay-gradient":""}},"ast-content-background-meta":{"desktop":{"background-color":"var(--ast-global-color-5)","background-image":"","background-repeat":"repeat","background-position":"center center","background-size":"auto","background-attachment":"scroll","background-type":"","background-media":"","overlay-type":"","overlay-color":"","overlay-opacity":"","overlay-gradient":""},"tablet":{"background-color":"var(--ast-global-color-5)","background-image":"","background-repeat":"repeat","background-position":"center center","background-size":"auto","background-attachment":"scroll","background-type":"","background-media":"","overlay-type":"","overlay-color":"","overlay-opacity":"","overlay-gradient":""},"mobile":{"background-color":"var(--ast-global-color-5)","background-image":"","background-repeat":"repeat","background-position":"center center","background-size":"auto","background-attachment":"scroll","background-type":"","background-media":"","overlay-type":"","overlay-color":"","overlay-opacity":"","overlay-gradient":""}},"footnotes":""},"categories":[1],"cikk_cimkek":[15],"content_flags":[349,348],"content_icons":[354],"class_list":["post-888","post","type-post","status-publish","format-standard","hentry","category-erdmost","cikk_cimkek-kozelet","content_flags-fontos","content_flags-top","content_icons-video"],"acf":[],"_links":{"self":[{"href":"https:\/\/erdmost.hu\/en\/wp-json\/wp\/v2\/posts\/888","targetHints":{"allow":["GET"]}}],"collection":[{"href":"https:\/\/erdmost.hu\/en\/wp-json\/wp\/v2\/posts"}],"about":[{"href":"https:\/\/erdmost.hu\/en\/wp-json\/wp\/v2\/types\/post"}],"author":[{"embeddable":true,"href":"https:\/\/erdmost.hu\/en\/wp-json\/wp\/v2\/users\/5"}],"replies":[{"embeddable":true,"href":"https:\/\/erdmost.hu\/en\/wp-json\/wp\/v2\/comments?post=888"}],"version-history":[{"count":0,"href":"https:\/\/erdmost.hu\/en\/wp-json\/wp\/v2\/posts\/888\/revisions"}],"wp:attachment":[{"href":"https:\/\/erdmost.hu\/en\/wp-json\/wp\/v2\/media?parent=888"}],"wp:term":[{"taxonomy":"category","embeddable":true,"href":"https:\/\/erdmost.hu\/en\/wp-json\/wp\/v2\/categories?post=888"},{"taxonomy":"cikk_cimkek","embeddable":true,"href":"https:\/\/erdmost.hu\/en\/wp-json\/wp\/v2\/cikk_cimkek?post=888"},{"taxonomy":"content_flags","embeddable":true,"href":"https:\/\/erdmost.hu\/en\/wp-json\/wp\/v2\/content_flags?post=888"},{"taxonomy":"content_icons","embeddable":true,"href":"https:\/\/erdmost.hu\/en\/wp-json\/wp\/v2\/content_icons?post=888"}],"curies":[{"name":"wp","href":"https:\/\/api.w.org\/{rel}","templated":true}]}}