{"id":8551,"date":"2020-07-26T08:19:10","date_gmt":"2020-07-26T08:19:10","guid":{"rendered":"https:\/\/wp.erdmost.hu\/2020\/07\/26\/tortenelmi-korokon-atnyulo-szovetseg\/"},"modified":"2020-07-26T08:19:10","modified_gmt":"2020-07-26T08:19:10","slug":"tortenelmi-korokon-atnyulo-szovetseg","status":"publish","type":"post","link":"https:\/\/erdmost.hu\/en\/2020\/07\/26\/tortenelmi-korokon-atnyulo-szovetseg\/","title":{"rendered":"T\u00f6rt\u00e9nelmi korokon \u00e1tny\u00fal\u00f3 sz\u00f6vets\u00e9g"},"content":{"rendered":"<p><iframe width=\"560\" height=\"315\" src=\"https:\/\/www.youtube.com\/embed\/3gWkMt1Yn8Q\"  frameborder=\"0\" allow=\"accelerometer; autoplay; clipboard-write; encrypted-media; gyroscope; picture-in-picture\" allowfullscreen><\/iframe><\/p>\n<p>Tetl\u00e1k \u00d6rs alpolg\u00e1rmester a II. Lajos eml\u00e9km\u0171n\u00e9l tartott besz\u00e9d\u00e9ben elmondta, hogy 494 \u00e9ve a lengyel-magyar \u00f6sszefog\u00e1s \u00e9s a sereg sok nemzetis\u00e9g\u0171 \u00f6sszet\u00e9tele bebizony\u00edtotta, nem sz\u00e1m\u00edtanak az elt\u00e9r\u0151 hagyom\u00e1nyok, a k\u00fcl\u00f6nb\u00f6z\u0151s\u00e9gek, ha k\u00f6z\u00f6s c\u00e9l\u00e9rt vagy adott esetben k\u00f6z\u00f6s ellens\u00e9g ellen kellett&nbsp;k\u00fczdeni. &#8222;Ugyan r\u00f6vid epiz\u00f3d volt ez \u00c9rd \u00e9let\u00e9ben, de meghat\u00e1roz\u00f3. J\u00f3l jelezte, mi az, amit k\u00e9s\u0151bb is&nbsp;k\u00f6z\u00f6ss\u00e9g\u00fcnk legf\u0151bb \u00e9rt\u00e9k\u00e9nek&nbsp;tartottuk \u00e9s tartunk ma is. Aki mened\u00e9ket k\u00e9rt, azt befogadtuk, aki n\u00e1lunk tal\u00e1lt otthont, azt \u00f6r\u00f6mmel v\u00e1rtuk, \u00e9s aki bajba ker\u00fclt, annak igyekezt\u00fcnk mindig seg\u00edteni. \u00cdgy t\u00f6rt\u00e9nt ez az eln\u00e9mult h\u00f3napokban is v\u00e1rosunkban, amikor adom\u00e1nyok \u00e9s \u00f6nk\u00e9ntes felaj\u00e1nl\u00e1sok t\u00f6mege \u00e9rkezett \u00f6nkorm\u00e1nyzatunkhoz, hogy seg\u00edthess\u00fcnk a r\u00e1szorul\u00f3knak \u00e9s az id\u0151seknek egy eddig ismeretlent jelent\u0151 vesz\u00e9lyt jelent\u0151 id\u0151szakban.&#8221;<\/p>\n<p>Az alpolg\u00e1rmester azt is kiemelte, hogy \u00c9rd k\u00e9t jelent\u0151s esem\u00e9ny kapcs\u00e1n, az orsz\u00e1g k\u00f6z\u00e9ps\u0151 harmad\u00e1nak elveszt\u00e9se \u00e9s annak visszav\u00edv\u00e1sa sor\u00e1n is fontos szerepet t\u00f6lt\u00f6tt be. &#8222;II. Lajos 1526. j\u00falius 20-30. k\u00f6z\u00f6tt \u00c1kosh\u00e1zi S\u00e1rk\u00e1ny&nbsp;Ambrus \u00e9rdi kast\u00e9ly\u00e1ban sz\u00e1llt meg, innen szervezte az orsz\u00e1g v\u00e9delm\u00e9t \u00e9s innen l\u00e1togatta meg a Csepel-szigeten tart\u00f3zkod\u00f3 feles\u00e9g\u00e9t, hogy b\u00facs\u00fat vegyen t\u0151le miel\u0151tt tov\u00e1bb indul&nbsp;Moh\u00e1csra. J\u00f3val k\u00e9s\u0151bb, 1684 j\u00falius\u00e1ban itt, \u00c9rdn\u00e9l gy\u0151zt\u00e9k le a Lotaringiai K\u00e1roly vezette csapatok az ostroml\u00f3 t\u00f6r\u00f6k\u00f6ket megseg\u00edteni pr\u00f3b\u00e1l\u00f3 felment\u0151 sereget. K\u00e9t \u00e9vvel k\u00e9s\u0151bb ezt a sz\u00f6vets\u00e9get is meg tudt\u00e1k er\u0151s\u00edteni, \u00e9s vil\u00e1grasz\u00f3l\u00f3 gy\u0151zelmet arattak Bud\u00e1n. Mindk\u00e9t esetben \u00c9rd \u00e1llt az \u00fat legelej\u00e9n.&#8221;&nbsp;Az alpolg\u00e1rmester besz\u00e9d\u00e9ben megk\u00f6sz\u00f6nte a&nbsp;2004-ben alakult \u00e9s az esem\u00e9nyt szervez\u0151 \u00c9rdi&nbsp;Lengyel-Magyar Kultur\u00e1lis Egyes\u00fclet f\u00e1radhatatlan \u00e9rt\u00e9kment\u0151 munk\u00e1j\u00e1t is.<\/p>\n<p>V\u00e9g\u00fcl Tetl\u00e1k \u00d6rs bejelentette, hogy Moh\u00e1cs k\u00f6zelg\u0151 500. \u00e9vfordul\u00f3j\u00e1nak alkalm\u00e1b\u00f3l&nbsp;szeretn\u00e9k az egykori Szap\u00e1ry-kast\u00e9lyt, de legal\u00e1bbis a pincerendszert \u00e9s a a gazdatiszti h\u00e1zat rendbehozni, a v\u00e1ros&nbsp;d\u00edsz\u00e9v\u00e9,&nbsp;turisztikai l\u00e1tv\u00e1nyoss\u00e1gg\u00e1 tenni. Hozz\u00e1tette azt is,hogy ezt a c\u00e9lt jel\u00f6lt\u00e9k meg a korm\u00e1nynak akkor is, amikor az felk\u00e9rte a megyei jog\u00fa v\u00e1rosokat, hogy k\u00e9sz\u00edtsenek terveket az uni\u00f3s t\u00e1mogat\u00e1sok hasznos\u00edt\u00e1s\u00e1ra.<\/p>\n<p><drupal-entity data-embed-button=\"image_embed\" data-entity-embed-display=\"view_mode:media.embed_image_into_article\" data-entity-embed-display-settings=\"\" data-entity-type=\"media\" data-entity-uuid=\"f115282c-79d6-407e-aea6-c0d57de480c6\" data-langcode=\"hu\"><\/drupal-entity><\/p>\n<p>A besz\u00e9det k\u00f6vet\u0151en Baka Gy\u00f6rgyi k\u00f6lt\u0151 egy ismeretlen magyar szerzetes-k\u00f6lt\u0151 Siralom\u00e9nek c\u00edm\u0171 k\u00f6ltem\u00e9ny\u00e9b\u0151l olvasott fel r\u00e9szleteket (az eredeti latin nyelv\u0171 k\u00f6ltem\u00e9nyt&nbsp;Vas&nbsp;Istv\u00e1n ford\u00edtotta magyarra):<\/p>\n<p>&#8222;(&#8230;) Vad ellens\u00e9g porba hulljon,<\/p>\n<p>ez az orsz\u00e1g felviduljon,<\/p>\n<p>ny\u00edl \u00e9s kopja kett\u00e9t\u00f6rj\u00f6n,<\/p>\n<p>igaz b\u00e9k\u00e9t magyar f\u00f6ld\u00f6n<\/p>\n<p>adjon nek\u00fcnk szent fiad.<\/p>\n<p>&nbsp;<\/p>\n<p>K\u00e9r\u00e9s\u00fcnket&nbsp;halld meg, Isten,<\/p>\n<p>puszt\u00edtsd ezt a ront\u00e1st innen,<\/p>\n<p>tedd, hogy gy\u00e1szunk v\u00e9get \u00e9rjen,<\/p>\n<p>s f\u00f6ln\u00e9zzen r\u00e1d j\u00f3kedv\u00e9ben,<\/p>\n<p>ki e n\u00e9pb\u0151l megmarad.&#8221;<\/p>\n<p>A megeml\u00e9kez\u00e9s v\u00e9g\u00e9n az egyes\u00fclet eln\u00f6ke, Bazs\u00f3n\u00e9 Meggyes Kl\u00e1ra \u00e9s a r\u00e9sztvev\u0151k koszor\u00fat helyeztek el az eml\u00e9km\u0171n\u00e9l, \u00e9s az esem\u00e9ny moder\u00e1tor\u00e1nak,&nbsp;D\u00f3zsa Lajos egyes\u00fcleti titk\u00e1r b\u00e1tor\u00edt\u00e1s\u00e1nak k\u00f6sz\u00f6nhet\u0151en el\u00e9nekelt\u00e9k a magyar ut\u00e1n&nbsp;a lengyel himnuszt is.&nbsp;<\/p>\n<p><drupal-entity data-embed-button=\"image_embed\" data-entity-embed-display=\"view_mode:media.embed_image_into_article\" data-entity-embed-display-settings=\"\" data-entity-type=\"media\" data-entity-uuid=\"96458fe4-f039-49ef-aed1-2526fc0b8427\" data-langcode=\"hu\"><\/drupal-entity><\/p>\n<p><drupal-entity data-embed-button=\"image_embed\" data-entity-embed-display=\"view_mode:media.embed_image_into_article\" data-entity-embed-display-settings=\"\" data-entity-type=\"media\" data-entity-uuid=\"4ea16392-6f08-4137-aae6-2276249c4d57\" data-langcode=\"hu\"><\/drupal-entity><\/p>\n<p>&nbsp;<\/p>","protected":false},"excerpt":{"rendered":"<p>494 \u00e9ve csatlakozott a lengyel seg\u00e9dcsapat a Moh\u00e1cs fele indul\u00f3 II. Lajos sereg\u00e9hez \u00c9rden. Err\u0151l\u00a0eml\u00e9kezett\u00a0meg vas\u00e1rnap\u00a0d\u00e9lel\u0151tt az \u00c9rdi Lengyel-Magyar Kultur\u00e1lis Egyes\u00fclet \u00e9s az \u00f6nkorm\u00e1nyzat.<\/p>","protected":false},"author":8,"featured_media":0,"comment_status":"","ping_status":"","sticky":false,"template":"","format":"standard","meta":{"_acf_changed":false,"_seopress_robots_primary_cat":"","_seopress_titles_title":"","_seopress_titles_desc":"","_seopress_robots_index":"","site-sidebar-layout":"default","site-content-layout":"","ast-site-content-layout":"default","site-content-style":"default","site-sidebar-style":"default","ast-global-header-display":"","ast-banner-title-visibility":"","ast-main-header-display":"","ast-hfb-above-header-display":"","ast-hfb-below-header-display":"","ast-hfb-mobile-header-display":"","site-post-title":"","ast-breadcrumbs-content":"","ast-featured-img":"","footer-sml-layout":"","ast-disable-related-posts":"","theme-transparent-header-meta":"","adv-header-id-meta":"","stick-header-meta":"","header-above-stick-meta":"","header-main-stick-meta":"","header-below-stick-meta":"","astra-migrate-meta-layouts":"default","ast-page-background-enabled":"default","ast-page-background-meta":{"desktop":{"background-color":"","background-image":"","background-repeat":"repeat","background-position":"center center","background-size":"auto","background-attachment":"scroll","background-type":"","background-media":"","overlay-type":"","overlay-color":"","overlay-opacity":"","overlay-gradient":""},"tablet":{"background-color":"","background-image":"","background-repeat":"repeat","background-position":"center center","background-size":"auto","background-attachment":"scroll","background-type":"","background-media":"","overlay-type":"","overlay-color":"","overlay-opacity":"","overlay-gradient":""},"mobile":{"background-color":"","background-image":"","background-repeat":"repeat","background-position":"center center","background-size":"auto","background-attachment":"scroll","background-type":"","background-media":"","overlay-type":"","overlay-color":"","overlay-opacity":"","overlay-gradient":""}},"ast-content-background-meta":{"desktop":{"background-color":"var(--ast-global-color-5)","background-image":"","background-repeat":"repeat","background-position":"center center","background-size":"auto","background-attachment":"scroll","background-type":"","background-media":"","overlay-type":"","overlay-color":"","overlay-opacity":"","overlay-gradient":""},"tablet":{"background-color":"var(--ast-global-color-5)","background-image":"","background-repeat":"repeat","background-position":"center center","background-size":"auto","background-attachment":"scroll","background-type":"","background-media":"","overlay-type":"","overlay-color":"","overlay-opacity":"","overlay-gradient":""},"mobile":{"background-color":"var(--ast-global-color-5)","background-image":"","background-repeat":"repeat","background-position":"center center","background-size":"auto","background-attachment":"scroll","background-type":"","background-media":"","overlay-type":"","overlay-color":"","overlay-opacity":"","overlay-gradient":""}},"footnotes":""},"categories":[1],"cikk_cimkek":[15],"content_flags":[349,348],"content_icons":[354],"class_list":["post-8551","post","type-post","status-publish","format-standard","hentry","category-erdmost","cikk_cimkek-kozelet","content_flags-fontos","content_flags-top","content_icons-video"],"acf":[],"_links":{"self":[{"href":"https:\/\/erdmost.hu\/en\/wp-json\/wp\/v2\/posts\/8551","targetHints":{"allow":["GET"]}}],"collection":[{"href":"https:\/\/erdmost.hu\/en\/wp-json\/wp\/v2\/posts"}],"about":[{"href":"https:\/\/erdmost.hu\/en\/wp-json\/wp\/v2\/types\/post"}],"author":[{"embeddable":true,"href":"https:\/\/erdmost.hu\/en\/wp-json\/wp\/v2\/users\/8"}],"replies":[{"embeddable":true,"href":"https:\/\/erdmost.hu\/en\/wp-json\/wp\/v2\/comments?post=8551"}],"version-history":[{"count":0,"href":"https:\/\/erdmost.hu\/en\/wp-json\/wp\/v2\/posts\/8551\/revisions"}],"wp:attachment":[{"href":"https:\/\/erdmost.hu\/en\/wp-json\/wp\/v2\/media?parent=8551"}],"wp:term":[{"taxonomy":"category","embeddable":true,"href":"https:\/\/erdmost.hu\/en\/wp-json\/wp\/v2\/categories?post=8551"},{"taxonomy":"cikk_cimkek","embeddable":true,"href":"https:\/\/erdmost.hu\/en\/wp-json\/wp\/v2\/cikk_cimkek?post=8551"},{"taxonomy":"content_flags","embeddable":true,"href":"https:\/\/erdmost.hu\/en\/wp-json\/wp\/v2\/content_flags?post=8551"},{"taxonomy":"content_icons","embeddable":true,"href":"https:\/\/erdmost.hu\/en\/wp-json\/wp\/v2\/content_icons?post=8551"}],"curies":[{"name":"wp","href":"https:\/\/api.w.org\/{rel}","templated":true}]}}