{"id":8409,"date":"2020-07-16T08:39:24","date_gmt":"2020-07-16T08:39:24","guid":{"rendered":"https:\/\/wp.erdmost.hu\/2020\/07\/16\/elmaradnak-az-augusztus-20-ai-unnepsegek-tovabbra-kotelezo-maszk-boltokban\/"},"modified":"2020-07-16T08:39:24","modified_gmt":"2020-07-16T08:39:24","slug":"elmaradnak-az-augusztus-20-ai-unnepsegek-tovabbra-kotelezo-maszk-boltokban","status":"publish","type":"post","link":"https:\/\/erdmost.hu\/en\/2020\/07\/16\/elmaradnak-az-augusztus-20-ai-unnepsegek-tovabbra-kotelezo-maszk-boltokban\/","title":{"rendered":"Elmaradnak az augusztus 20-ai \u00fcnneps\u00e9gek, tov\u00e1bbra is k\u00f6telez\u0151 a maszk a boltokban"},"content":{"rendered":"<p>Guly\u00e1s Gergely indokl\u00e1sk\u00e9nt azt mondta, a fert\u0151z\u00e9s vesz\u00e9ly\u00e9t legink\u00e1bb az ilyen t\u00f6megrendezv\u00e9nyek hordozz\u00e1k magukban.<\/p>\n<p>A miniszter hozz\u00e1tette, ha lehet, akkor k\u00e9s\u0151bb megtartj\u00e1k ezeket az \u00fcnneps\u00e9geket, de id\u00e9n nagy val\u00f3sz\u00edn\u0171s\u00e9ggel teljes eg\u00e9sz\u00e9ben elmaradnak &#8211; \u00edrja az MTI.<\/p>\n<p>Az Index t\u00e1j\u00e9koztat\u00e1sa szerint augusztus 15-ig maradnak a korl\u00e1toz\u00e1sok az \u00f6tsz\u00e1z f\u0151n\u00e9l nagyobb rendezv\u00e9nyekre. a tov\u00e1bbiakr\u00f3l j\u00falius v\u00e9g\u00e9n d\u00f6ntenek. \u00edgy csak akkor&nbsp;d\u0151lhet el t\u00f6bb tucat ny\u00e1r v\u00e9g\u00e9re szervezett t\u00f6megrendezv\u00e9ny sorsa. Ha a korm\u00e1ny elutas\u00edtja a korl\u00e1toz\u00e1s felold\u00e1s\u00e1t, az elk\u00e9peszt\u0151 terheket r\u00f3 azokra az esem\u00e9nyekre, amelyeket a j\u00e1rv\u00e1ny miatt k\u00e9s\u0151bbi id\u0151pontokra tettek \u00e1t.&nbsp;<\/p>\n<p>Guly\u00e1s szerint t\u00f6bb \u00e9rv sz\u00f3l ma amellett, hogy ne enyh\u00edtsenek. Hozz\u00e1tette,&nbsp;&nbsp;ha augusztus v\u00e9g\u00e9re sem v\u00e1ltozik a v\u00edrushelyzet, akkor a korm\u00e1ny be tud vezetni egy olyan t\u00e1mogat\u00e1si programot, ami a magyar zeneipart t\u00e1mogatja, \u00edgy a korm\u00e1ny nyitott arra, hogy a szektort seg\u00edtse az \u0151t \u00e9rt vesztes\u00e9gek miatt.<\/p>\n<p>Guly\u00e1s szerint a tisztif\u0151orvos \u00e9s az operat\u00edv t\u00f6rzs d\u00f6nt\u00f6tt \u00fagy, hogy a korl\u00e1toz\u00f3 int\u00e9zked\u00e9seknek maradnia kell, ez\u00e9rt is maradnak el a Szent Istv\u00e1n napi \u00fcnneps\u00e9gek.&nbsp;<\/p>\n<p>A korm\u00e1ny arr\u00f3l is d\u00f6nt\u00f6tt, hogy t\u00f6megk\u00f6zleked\u00e9sen, boltokban, vend\u00e9gl\u00e1t\u00f3helyeken tov\u00e1bbra is k\u00f6telez\u0151 a maszk.<\/p>","protected":false},"excerpt":{"rendered":"<p>A j\u00e1rv\u00e1ny\u00fcgyi v\u00e9dekez\u00e9s miatt elmaradnak az augusztus 20-ai \u00fcnneps\u00e9gek, bele\u00e9rtve a t\u0171zij\u00e1t\u00e9kot \u00e9s a l\u00e9gipar\u00e1d\u00e9t is &#8211; jelentette be a cs\u00fct\u00f6rt\u00f6ki korm\u00e1nyinf\u00f3n Guly\u00e1s Gergely Minisztereln\u00f6ks\u00e9get vezet\u0151 miniszter.<\/p>","protected":false},"author":8,"featured_media":0,"comment_status":"","ping_status":"","sticky":false,"template":"","format":"standard","meta":{"_acf_changed":false,"_seopress_robots_primary_cat":"","_seopress_titles_title":"","_seopress_titles_desc":"","_seopress_robots_index":"","site-sidebar-layout":"default","site-content-layout":"","ast-site-content-layout":"default","site-content-style":"default","site-sidebar-style":"default","ast-global-header-display":"","ast-banner-title-visibility":"","ast-main-header-display":"","ast-hfb-above-header-display":"","ast-hfb-below-header-display":"","ast-hfb-mobile-header-display":"","site-post-title":"","ast-breadcrumbs-content":"","ast-featured-img":"","footer-sml-layout":"","ast-disable-related-posts":"","theme-transparent-header-meta":"","adv-header-id-meta":"","stick-header-meta":"","header-above-stick-meta":"","header-main-stick-meta":"","header-below-stick-meta":"","astra-migrate-meta-layouts":"default","ast-page-background-enabled":"default","ast-page-background-meta":{"desktop":{"background-color":"","background-image":"","background-repeat":"repeat","background-position":"center center","background-size":"auto","background-attachment":"scroll","background-type":"","background-media":"","overlay-type":"","overlay-color":"","overlay-opacity":"","overlay-gradient":""},"tablet":{"background-color":"","background-image":"","background-repeat":"repeat","background-position":"center center","background-size":"auto","background-attachment":"scroll","background-type":"","background-media":"","overlay-type":"","overlay-color":"","overlay-opacity":"","overlay-gradient":""},"mobile":{"background-color":"","background-image":"","background-repeat":"repeat","background-position":"center center","background-size":"auto","background-attachment":"scroll","background-type":"","background-media":"","overlay-type":"","overlay-color":"","overlay-opacity":"","overlay-gradient":""}},"ast-content-background-meta":{"desktop":{"background-color":"var(--ast-global-color-5)","background-image":"","background-repeat":"repeat","background-position":"center center","background-size":"auto","background-attachment":"scroll","background-type":"","background-media":"","overlay-type":"","overlay-color":"","overlay-opacity":"","overlay-gradient":""},"tablet":{"background-color":"var(--ast-global-color-5)","background-image":"","background-repeat":"repeat","background-position":"center center","background-size":"auto","background-attachment":"scroll","background-type":"","background-media":"","overlay-type":"","overlay-color":"","overlay-opacity":"","overlay-gradient":""},"mobile":{"background-color":"var(--ast-global-color-5)","background-image":"","background-repeat":"repeat","background-position":"center center","background-size":"auto","background-attachment":"scroll","background-type":"","background-media":"","overlay-type":"","overlay-color":"","overlay-opacity":"","overlay-gradient":""}},"footnotes":""},"categories":[1],"cikk_cimkek":[104],"content_flags":[],"content_icons":[],"class_list":["post-8409","post","type-post","status-publish","format-standard","hentry","category-erdmost","cikk_cimkek-koronavirus"],"acf":[],"_links":{"self":[{"href":"https:\/\/erdmost.hu\/en\/wp-json\/wp\/v2\/posts\/8409","targetHints":{"allow":["GET"]}}],"collection":[{"href":"https:\/\/erdmost.hu\/en\/wp-json\/wp\/v2\/posts"}],"about":[{"href":"https:\/\/erdmost.hu\/en\/wp-json\/wp\/v2\/types\/post"}],"author":[{"embeddable":true,"href":"https:\/\/erdmost.hu\/en\/wp-json\/wp\/v2\/users\/8"}],"replies":[{"embeddable":true,"href":"https:\/\/erdmost.hu\/en\/wp-json\/wp\/v2\/comments?post=8409"}],"version-history":[{"count":0,"href":"https:\/\/erdmost.hu\/en\/wp-json\/wp\/v2\/posts\/8409\/revisions"}],"wp:attachment":[{"href":"https:\/\/erdmost.hu\/en\/wp-json\/wp\/v2\/media?parent=8409"}],"wp:term":[{"taxonomy":"category","embeddable":true,"href":"https:\/\/erdmost.hu\/en\/wp-json\/wp\/v2\/categories?post=8409"},{"taxonomy":"cikk_cimkek","embeddable":true,"href":"https:\/\/erdmost.hu\/en\/wp-json\/wp\/v2\/cikk_cimkek?post=8409"},{"taxonomy":"content_flags","embeddable":true,"href":"https:\/\/erdmost.hu\/en\/wp-json\/wp\/v2\/content_flags?post=8409"},{"taxonomy":"content_icons","embeddable":true,"href":"https:\/\/erdmost.hu\/en\/wp-json\/wp\/v2\/content_icons?post=8409"}],"curies":[{"name":"wp","href":"https:\/\/api.w.org\/{rel}","templated":true}]}}