{"id":8406,"date":"2020-07-16T07:44:35","date_gmt":"2020-07-16T07:44:35","guid":{"rendered":"https:\/\/wp.erdmost.hu\/2020\/07\/16\/merkely-zart-terben-ismet-hordjunk-maszkot\/"},"modified":"2020-07-16T07:44:35","modified_gmt":"2020-07-16T07:44:35","slug":"merkely-zart-terben-ismet-hordjunk-maszkot","status":"publish","type":"post","link":"https:\/\/erdmost.hu\/en\/2020\/07\/16\/merkely-zart-terben-ismet-hordjunk-maszkot\/","title":{"rendered":"Merkely: Z\u00e1rt t\u00e9rben ism\u00e9t hordjunk maszkot"},"content":{"rendered":"<p>Merkely B\u00e9la felh\u00edvta a figyelmet, hogy a l\u00e9g\u00fati fert\u0151z\u00e9sekre &#8211; mint amilyet a koronav\u00edrus is okoz &#8211; jellemz\u0151 a szezonalit\u00e1s, \u00edgy sok el\u0151ny sz\u00e1rmazhat abb\u00f3l, ha a nyarat a szabadban t\u00f6ltik az emberek. Ugyanakkor a z\u00e1rt, l\u00e9gkondicion\u00e1lt helyis\u00e9gekben, ahol sok ember tart\u00f3zkodik egy\u00fctt, a v\u00edrus fert\u0151z\u0151k\u00e9pes marad. Ez\u00e9rt kellene visszat\u00e9rni a maszk haszn\u00e1lat\u00e1ra p\u00e9ld\u00e1ul az irod\u00e1kban &#8211; f\u0171zte hozz\u00e1.<\/p>\n<p>\u0150sszel ez a helyzet megv\u00e1ltozik &#8211; k\u00f6z\u00f6lte -, arra sz\u00e1m\u00edt, hogy november k\u00f6rny\u00e9k\u00e9n ism\u00e9t megemelkednek az esetsz\u00e1mok. Nem v\u00e9letlen, hogy mindenhol a vil\u00e1gon arra t\u00f6rekednek, hogy a vakcina ekkorra elk\u00e9sz\u00fclj\u00f6n &#8211; mondta.<\/p>\n<p>Egy \u00e9ven bel\u00fcl egy orsz\u00e1got k\u00e9tszer bez\u00e1rni nem lehets\u00e9ges, ez\u00e9rt m\u00e1sfajta strat\u00e9gi\u00e1ra lesz sz\u00fcks\u00e9g. Ennek r\u00e9sze lehet a szigor\u00fa maszkhaszn\u00e1lat \u00e9s a z\u00e1rt t\u00e9rben egyszerre tart\u00f3zkod\u00f3k sz\u00e1m\u00e1nak korl\u00e1toz\u00e1sa &#8211; jelezte.<br \/>\nAzt tervezik, hogy okt\u00f3ber k\u00f6rny\u00e9k\u00e9n, amikor az esetsz\u00e1mok megint emelkedni kezdenek, \u00fajra elv\u00e9gzik az orsz\u00e1gosan reprezentat\u00edv koronav\u00edrusteszt-sorozatot &#8211; mondta Merkely B\u00e9la.<\/p>\n<p>Kit\u00e9rt arra is, mind Magyarorsz\u00e1gon, mind pedig k\u00fclf\u00f6ld\u00f6n folyamatosan cs\u00f6kken a koronav\u00edrushoz k\u00f6thet\u0151 hal\u00e1loz\u00e1s, ebb\u0151l arra lehet k\u00f6vetkeztetni, hogy a v\u00edrus vesz\u00edtett agresszivit\u00e1s\u00e1b\u00f3l.<\/p>","protected":false},"excerpt":{"rendered":"<p>Vissza kellene t\u00e9rni a z\u00e1rt t\u00e9rben val\u00f3 maszkhaszn\u00e1latra &#8211; mondta a Semmelweis Egyetem rektora cs\u00fct\u00f6rt\u00f6k\u00f6n a Kossuth r\u00e1di\u00f3 J\u00f3 reggelt, Magyarorsz\u00e1g! c\u00edm\u0171 m\u0171sor\u00e1ban.<\/p>","protected":false},"author":8,"featured_media":0,"comment_status":"","ping_status":"","sticky":false,"template":"","format":"standard","meta":{"_acf_changed":false,"_seopress_robots_primary_cat":"","_seopress_titles_title":"","_seopress_titles_desc":"","_seopress_robots_index":"","site-sidebar-layout":"default","site-content-layout":"","ast-site-content-layout":"default","site-content-style":"default","site-sidebar-style":"default","ast-global-header-display":"","ast-banner-title-visibility":"","ast-main-header-display":"","ast-hfb-above-header-display":"","ast-hfb-below-header-display":"","ast-hfb-mobile-header-display":"","site-post-title":"","ast-breadcrumbs-content":"","ast-featured-img":"","footer-sml-layout":"","ast-disable-related-posts":"","theme-transparent-header-meta":"","adv-header-id-meta":"","stick-header-meta":"","header-above-stick-meta":"","header-main-stick-meta":"","header-below-stick-meta":"","astra-migrate-meta-layouts":"default","ast-page-background-enabled":"default","ast-page-background-meta":{"desktop":{"background-color":"","background-image":"","background-repeat":"repeat","background-position":"center center","background-size":"auto","background-attachment":"scroll","background-type":"","background-media":"","overlay-type":"","overlay-color":"","overlay-opacity":"","overlay-gradient":""},"tablet":{"background-color":"","background-image":"","background-repeat":"repeat","background-position":"center center","background-size":"auto","background-attachment":"scroll","background-type":"","background-media":"","overlay-type":"","overlay-color":"","overlay-opacity":"","overlay-gradient":""},"mobile":{"background-color":"","background-image":"","background-repeat":"repeat","background-position":"center center","background-size":"auto","background-attachment":"scroll","background-type":"","background-media":"","overlay-type":"","overlay-color":"","overlay-opacity":"","overlay-gradient":""}},"ast-content-background-meta":{"desktop":{"background-color":"var(--ast-global-color-5)","background-image":"","background-repeat":"repeat","background-position":"center center","background-size":"auto","background-attachment":"scroll","background-type":"","background-media":"","overlay-type":"","overlay-color":"","overlay-opacity":"","overlay-gradient":""},"tablet":{"background-color":"var(--ast-global-color-5)","background-image":"","background-repeat":"repeat","background-position":"center center","background-size":"auto","background-attachment":"scroll","background-type":"","background-media":"","overlay-type":"","overlay-color":"","overlay-opacity":"","overlay-gradient":""},"mobile":{"background-color":"var(--ast-global-color-5)","background-image":"","background-repeat":"repeat","background-position":"center center","background-size":"auto","background-attachment":"scroll","background-type":"","background-media":"","overlay-type":"","overlay-color":"","overlay-opacity":"","overlay-gradient":""}},"footnotes":""},"categories":[1],"cikk_cimkek":[104],"content_flags":[],"content_icons":[],"class_list":["post-8406","post","type-post","status-publish","format-standard","hentry","category-erdmost","cikk_cimkek-koronavirus"],"acf":[],"_links":{"self":[{"href":"https:\/\/erdmost.hu\/en\/wp-json\/wp\/v2\/posts\/8406","targetHints":{"allow":["GET"]}}],"collection":[{"href":"https:\/\/erdmost.hu\/en\/wp-json\/wp\/v2\/posts"}],"about":[{"href":"https:\/\/erdmost.hu\/en\/wp-json\/wp\/v2\/types\/post"}],"author":[{"embeddable":true,"href":"https:\/\/erdmost.hu\/en\/wp-json\/wp\/v2\/users\/8"}],"replies":[{"embeddable":true,"href":"https:\/\/erdmost.hu\/en\/wp-json\/wp\/v2\/comments?post=8406"}],"version-history":[{"count":0,"href":"https:\/\/erdmost.hu\/en\/wp-json\/wp\/v2\/posts\/8406\/revisions"}],"wp:attachment":[{"href":"https:\/\/erdmost.hu\/en\/wp-json\/wp\/v2\/media?parent=8406"}],"wp:term":[{"taxonomy":"category","embeddable":true,"href":"https:\/\/erdmost.hu\/en\/wp-json\/wp\/v2\/categories?post=8406"},{"taxonomy":"cikk_cimkek","embeddable":true,"href":"https:\/\/erdmost.hu\/en\/wp-json\/wp\/v2\/cikk_cimkek?post=8406"},{"taxonomy":"content_flags","embeddable":true,"href":"https:\/\/erdmost.hu\/en\/wp-json\/wp\/v2\/content_flags?post=8406"},{"taxonomy":"content_icons","embeddable":true,"href":"https:\/\/erdmost.hu\/en\/wp-json\/wp\/v2\/content_icons?post=8406"}],"curies":[{"name":"wp","href":"https:\/\/api.w.org\/{rel}","templated":true}]}}