{"id":8354,"date":"2020-07-13T08:32:22","date_gmt":"2020-07-13T08:32:22","guid":{"rendered":"https:\/\/wp.erdmost.hu\/2020\/07\/13\/miniszter-szerint-marad-tomegrendezvenyek-tiltasa\/"},"modified":"2020-07-13T08:32:22","modified_gmt":"2020-07-13T08:32:22","slug":"miniszter-szerint-marad-tomegrendezvenyek-tiltasa","status":"publish","type":"post","link":"https:\/\/erdmost.hu\/en\/2020\/07\/13\/miniszter-szerint-marad-tomegrendezvenyek-tiltasa\/","title":{"rendered":"A miniszter szerint marad a t\u00f6megrendezv\u00e9nyek tilt\u00e1sa"},"content":{"rendered":"<p>Palkovics L\u00e1szl\u00f3 a Vil\u00e1ggazdas\u00e1gnak adott interj\u00faj\u00e1ban t\u00f6bbek k\u00f6z\u00f6tt arr\u00f3l is besz\u00e9lt, hogy m\u00e1r t\u00f6bben ker\u00fclnek ki az \u00e1ll\u00e1skeres\u00e9si rendszerb\u0151l, mint be. \u201eA j\u00e1rv\u00e1ny el\u0151tti id\u0151szakhoz k\u00e9pest 100-120 ezres n\u00f6veked\u00e9st lehetett tapasztalni, ami h\u00e1rom h\u00e9ttel ezel\u0151tt \u00e9rte el cs\u00facspontj\u00e1t, az\u00f3ta t\u00f6bben ker\u00fclnek ki a rendszerb\u0151l, mint amennyien be\u201d \u2013 fogalmazott Palkovics, aki kit\u00e9rt arra is, a j\u00e1rv\u00e1ny els\u0151 \u00fctem\u00e9ben nem akart\u00e1k az \u00f6sszes forr\u00e1st kihelyezni, \u00edgy maradhat mozg\u00e1st\u00e9r a m\u00e1sodik hull\u00e1m kezel\u00e9s\u00e9re.<\/p>\n<p>Az ITM minisztere besz\u00e9lt a termel\u00e9s v\u00e1rhat\u00f3 visszaer\u0151s\u00f6d\u00e9s\u00e9r\u0151l, a kiskereskedelem stabilit\u00e1s\u00e1r\u00f3l, a turizmus-vend\u00e9gl\u00e1t\u00e1s kil\u00e1bal\u00e1s\u00e1nak neh\u00e9zs\u00e9geir\u0151l is. A 2021-2027-es uni\u00f3s ciklus forr\u00e1sai kapcs\u00e1n Palkovics L\u00e1szl\u00f3 elmondta, b\u00e1r m\u00e9g nem fogadt\u00e1k el a sz\u00e1mokat, legal\u00e1bb 30-40 sz\u00e1zal\u00e9kos emelked\u00e9ssel sz\u00e1molnak.<\/p>\n<p>Palkovics arr\u00f3l is besz\u00e9lt, v\u00e1rhat\u00f3an nem laz\u00edtanak tov\u00e1bb az int\u00e9zked\u00e9seken, \u00edgy augusztus 15. ut\u00e1n sem kapnak z\u00f6ld utat az 500 f\u0151n\u00e9l nagyobb rendezv\u00e9nyek, olyanokat is megtilthatnak, amelyeket m\u00e1r enged\u00e9lyeztek, \u00edgy p\u00e9ld\u00e1ul az augusztus 20-i \u00fcnneps\u00e9geket \u00e9s a ny\u00e1r v\u00e9g\u00e9re halasztott fesztiv\u00e1lokat is.<\/p>\n<p>Guly\u00e1s Gergely Minisztereln\u00f6ks\u00e9get vezet\u0151 miniszter vas\u00e1rnapi sajt\u00f3t\u00e1j\u00e9koztat\u00f3j\u00e1n elhangzott, a szerdai korm\u00e1ny\u00fcl\u00e9sen sz\u00fclethet d\u00f6nt\u00e9s a t\u00f6megrendezv\u00e9nyeket illet\u0151en.<\/p>","protected":false},"excerpt":{"rendered":"<p>Maradhat p\u00e9nz a j\u00e1rv\u00e1ny m\u00e1sodik hull\u00e1m\u00e1nak kezel\u00e9s\u00e9re, s Palkovics L\u00e1szl\u00f3 innov\u00e1ci\u00f3s \u00e9s technol\u00f3giai miniszter szerint \u00e9rv\u00e9nyben maradhat a t\u00f6megrendezv\u00e9nyeket \u00e9rint\u0151, augusztus 15-ig tart\u00f3 korl\u00e1toz\u00e1s.<\/p>","protected":false},"author":8,"featured_media":0,"comment_status":"","ping_status":"","sticky":false,"template":"","format":"standard","meta":{"_acf_changed":false,"_seopress_robots_primary_cat":"","_seopress_titles_title":"","_seopress_titles_desc":"","_seopress_robots_index":"","site-sidebar-layout":"default","site-content-layout":"","ast-site-content-layout":"default","site-content-style":"default","site-sidebar-style":"default","ast-global-header-display":"","ast-banner-title-visibility":"","ast-main-header-display":"","ast-hfb-above-header-display":"","ast-hfb-below-header-display":"","ast-hfb-mobile-header-display":"","site-post-title":"","ast-breadcrumbs-content":"","ast-featured-img":"","footer-sml-layout":"","ast-disable-related-posts":"","theme-transparent-header-meta":"","adv-header-id-meta":"","stick-header-meta":"","header-above-stick-meta":"","header-main-stick-meta":"","header-below-stick-meta":"","astra-migrate-meta-layouts":"default","ast-page-background-enabled":"default","ast-page-background-meta":{"desktop":{"background-color":"","background-image":"","background-repeat":"repeat","background-position":"center center","background-size":"auto","background-attachment":"scroll","background-type":"","background-media":"","overlay-type":"","overlay-color":"","overlay-opacity":"","overlay-gradient":""},"tablet":{"background-color":"","background-image":"","background-repeat":"repeat","background-position":"center center","background-size":"auto","background-attachment":"scroll","background-type":"","background-media":"","overlay-type":"","overlay-color":"","overlay-opacity":"","overlay-gradient":""},"mobile":{"background-color":"","background-image":"","background-repeat":"repeat","background-position":"center center","background-size":"auto","background-attachment":"scroll","background-type":"","background-media":"","overlay-type":"","overlay-color":"","overlay-opacity":"","overlay-gradient":""}},"ast-content-background-meta":{"desktop":{"background-color":"var(--ast-global-color-5)","background-image":"","background-repeat":"repeat","background-position":"center center","background-size":"auto","background-attachment":"scroll","background-type":"","background-media":"","overlay-type":"","overlay-color":"","overlay-opacity":"","overlay-gradient":""},"tablet":{"background-color":"var(--ast-global-color-5)","background-image":"","background-repeat":"repeat","background-position":"center center","background-size":"auto","background-attachment":"scroll","background-type":"","background-media":"","overlay-type":"","overlay-color":"","overlay-opacity":"","overlay-gradient":""},"mobile":{"background-color":"var(--ast-global-color-5)","background-image":"","background-repeat":"repeat","background-position":"center center","background-size":"auto","background-attachment":"scroll","background-type":"","background-media":"","overlay-type":"","overlay-color":"","overlay-opacity":"","overlay-gradient":""}},"footnotes":""},"categories":[1],"cikk_cimkek":[104,15],"content_flags":[],"content_icons":[],"class_list":["post-8354","post","type-post","status-publish","format-standard","hentry","category-erdmost","cikk_cimkek-koronavirus","cikk_cimkek-kozelet"],"acf":[],"_links":{"self":[{"href":"https:\/\/erdmost.hu\/en\/wp-json\/wp\/v2\/posts\/8354","targetHints":{"allow":["GET"]}}],"collection":[{"href":"https:\/\/erdmost.hu\/en\/wp-json\/wp\/v2\/posts"}],"about":[{"href":"https:\/\/erdmost.hu\/en\/wp-json\/wp\/v2\/types\/post"}],"author":[{"embeddable":true,"href":"https:\/\/erdmost.hu\/en\/wp-json\/wp\/v2\/users\/8"}],"replies":[{"embeddable":true,"href":"https:\/\/erdmost.hu\/en\/wp-json\/wp\/v2\/comments?post=8354"}],"version-history":[{"count":0,"href":"https:\/\/erdmost.hu\/en\/wp-json\/wp\/v2\/posts\/8354\/revisions"}],"wp:attachment":[{"href":"https:\/\/erdmost.hu\/en\/wp-json\/wp\/v2\/media?parent=8354"}],"wp:term":[{"taxonomy":"category","embeddable":true,"href":"https:\/\/erdmost.hu\/en\/wp-json\/wp\/v2\/categories?post=8354"},{"taxonomy":"cikk_cimkek","embeddable":true,"href":"https:\/\/erdmost.hu\/en\/wp-json\/wp\/v2\/cikk_cimkek?post=8354"},{"taxonomy":"content_flags","embeddable":true,"href":"https:\/\/erdmost.hu\/en\/wp-json\/wp\/v2\/content_flags?post=8354"},{"taxonomy":"content_icons","embeddable":true,"href":"https:\/\/erdmost.hu\/en\/wp-json\/wp\/v2\/content_icons?post=8354"}],"curies":[{"name":"wp","href":"https:\/\/api.w.org\/{rel}","templated":true}]}}