{"id":834,"date":"2018-12-17T12:10:04","date_gmt":"2018-12-17T12:10:04","guid":{"rendered":"https:\/\/wp.erdmost.hu\/2018\/12\/17\/ahol-befogadtak-betlehemet\/"},"modified":"2018-12-17T12:10:04","modified_gmt":"2018-12-17T12:10:04","slug":"ahol-befogadtak-betlehemet","status":"publish","type":"post","link":"https:\/\/erdmost.hu\/en\/2018\/12\/17\/ahol-befogadtak-betlehemet\/","title":{"rendered":"Ahol befogadt\u00e1k a betlehemet"},"content":{"rendered":"<p>Csal\u00e1di programmal k\u00e9sz\u00fclt advent harmadik h\u00e9tv\u00e9g\u00e9j\u00e9re a Szepes Gyula M\u0171vel\u0151d\u00e9si K\u00f6zpont: koncertekkel, b\u00e1bel\u0151ad\u00e1ssal, k\u00e9zm\u0171ves foglalkoz\u00e1ssal v\u00e1rt\u00e1k a kicsiket \u00e9s nagyokat.<\/p>\n<p><drupal-entity data-align=\"center\" data-embed-button=\"image_embed\" data-entity-embed-display=\"view_mode:media.embed_image_into_article\" data-entity-type=\"media\" data-entity-uuid=\"2d263cf4-ab01-4440-993b-b686f2568681\"><\/drupal-entity><\/p>\n<p><drupal-entity data-align=\"center\" data-embed-button=\"image_embed\" data-entity-embed-display=\"view_mode:media.embed_image_into_article\" data-entity-type=\"media\" data-entity-uuid=\"b2ef03ea-8c32-4e3d-ae7b-92f649b34ce0\"><\/drupal-entity><\/p>\n<p>A program a Had\u00edkfalvi betlehemessel z\u00e1rult, azzal a k\u00fcl\u00f6nleges, autentikus p\u00e1sztorj\u00e1t\u00e9kkal, amelyet felvettek a Magyar Kultur\u00e1lis \u00d6r\u00f6ks\u00e9g list\u00e1j\u00e1ra, mint kiemelten v\u00e9dett \u00e9s meg\u00f3v\u00e1st \u00e9rdeml\u0151 rendezv\u00e9nyt. Els\u0151k\u00e9nt a n\u00e9pdalk\u00f6r el\u0151ad\u00e1s\u00e1ban hallhattunk kar\u00e1csonyi dalokat, majd k\u00e9t kisgyermek id\u00e9zte fel az erd\u00e9lyi paradicsomol\u00e1st. K\u00f3ka Roz\u00e1lia erd\u00e9lyi kar\u00e1csonyi mes\u00e9ivel nemcsak a gyerekeknek, hanem a feln\u0151tteknek is \u00f6r\u00f6met szerzett, ahogy a betlehemez\u00e9s sem csup\u00e1n a kicsik sz\u00edv\u00e9ben teremtett\u00fcnnepi hangulatot.<\/p>\n<p><drupal-entity data-align=\"center\" data-embed-button=\"image_embed\" data-entity-embed-display=\"view_mode:media.embed_image_into_article\" data-entity-type=\"media\" data-entity-uuid=\"575d86d3-33bb-493c-b3a1-9f52452fca2b\"><\/drupal-entity><\/p>\n<p>K\u00f3ka Roz\u00e1lia, a N\u00e9pdalk\u00f6r alap\u00edt\u00f3ja \u00e9s vezet\u0151je tud\u00f3s\u00edt\u00f3nknak elmondta, a betlehemest \u00e9vtizedekig nem j\u00e1tszhatt\u00e1k a Bukovin\u00e1b\u00f3l kitelep\u00edtett sz\u00e9kelyek, a hagyom\u00e1nyt 1986-ban rekonstru\u00e1lta \u00e9s \u00e9lesztette \u00fajra, a N\u00e9prajzi M\u00fazeum sz\u00f6vege alapj\u00e1n, felkutatva az eredeti dallamot m\u00e9g ismer\u0151 embereket. A p\u00e1sztorj\u00e1t\u00e9kot \u2013 avagy csob\u00e1nol\u00e1st \u2013 \u00e9vr\u0151l \u00e9vre el\u0151adj\u00e1k a m\u0171vel\u0151d\u00e9si k\u00f6zpontban \u00edgy kar\u00e1csony-t\u00e1jt \u2013 ha m\u00e1r nem tudnak h\u00e1zr\u00f3l h\u00e1zra j\u00e1rni vele, mint annak idej\u00e9n (amikor a betlehemez\u00e9s bizony szentest\u00e9t\u0151l v\u00edzkeresztig eltartott), legal\u00e1bb egybegy\u0171lve l\u00e1thassa a k\u00f6z\u00f6ns\u00e9g.<\/p>\n<p><drupal-entity data-align=\"center\" data-embed-button=\"image_embed\" data-entity-embed-display=\"view_mode:media.embed_image_into_article\" data-entity-type=\"media\" data-entity-uuid=\"4215833f-8784-40c3-97ed-61003b927871\"><\/drupal-entity><\/p>\n<p>Domokos Gyula, az \u00c9rdi Bukovinai Sz\u00e9kelyek Egyes\u00fclet\u00e9nek eln\u00f6k\u00e9t\u0151l megtudtuk azt is: a betlehemest komoly el\u0151k\u00e9sz\u00fcletek, kiv\u00e1laszt\u00e1s, felk\u00e9sz\u00fcl\u00e9s el\u0151zte meg, \u00e9s nagy dics\u0151s\u00e9g volt, ha valaki beker\u00fclt a betlehemez\u0151k k\u00f6z\u00e9 (annak idej\u00e9n csak f\u00e9rfiak csob\u00e1nolhattak). Sz\u00f6vege, dallama egyszer\u0171, k\u00f6nnyen \u00e9rthet\u0151 \u00e9s k\u00f6vethet\u0151 volt; sz\u00e1jr\u00f3l sz\u00e1jra j\u00e1rt, \u00e9s nemzed\u00e9kr\u0151l nemzed\u00e9kre hagyom\u00e1nyozt\u00e1k tov\u00e1bb \u2013 \u00edgy maradhatott fent, \u00e9s l\u00e1thatjuk most is minden kar\u00e1csonykor a Szepes Gyula M\u0171vel\u0151d\u00e9si K\u00f6zpont sz\u00ednpad\u00e1n. A betlehemest a sz\u00e9kelyek szeretetvend\u00e9gs\u00e9ge k\u00f6vette: a ter\u00edtett asztalok mellett besz\u00e9lgethettek, falatozhattak,&nbsp; koccinthattak a n\u00e9pdalk\u00f6r, valamint az egyes\u00fclet tagjai, illetve a k\u00f6z\u00f6ns\u00e9g.<\/p>","protected":false},"excerpt":{"rendered":"<p>T\u00f6bb \u00e9vsz\u00e1zados hagyom\u00e1ny \u00e9lesztett fel K\u00f3ka Roz\u00e1lia, mikor harminc esztendeje rekonstru\u00e1lta a Hadikfalvi betlehemest. A p\u00e1sztorj\u00e1t\u00e9kot vas\u00e1rnap este mutatt\u00e1k be a Szepes Gyula M\u0171vel\u0151d\u00e9si K\u00f6zpontban, az adventi csal\u00e1di d\u00e9lut\u00e1n k\u00fcl\u00f6nleges \u00e9s meghat\u00f3 z\u00e1r\u00f3 programjak\u00e9nt.<\/p>","protected":false},"author":5,"featured_media":0,"comment_status":"","ping_status":"","sticky":false,"template":"","format":"standard","meta":{"_acf_changed":false,"_seopress_robots_primary_cat":"","_seopress_titles_title":"","_seopress_titles_desc":"","_seopress_robots_index":"","site-sidebar-layout":"default","site-content-layout":"","ast-site-content-layout":"default","site-content-style":"default","site-sidebar-style":"default","ast-global-header-display":"","ast-banner-title-visibility":"","ast-main-header-display":"","ast-hfb-above-header-display":"","ast-hfb-below-header-display":"","ast-hfb-mobile-header-display":"","site-post-title":"","ast-breadcrumbs-content":"","ast-featured-img":"","footer-sml-layout":"","ast-disable-related-posts":"","theme-transparent-header-meta":"","adv-header-id-meta":"","stick-header-meta":"","header-above-stick-meta":"","header-main-stick-meta":"","header-below-stick-meta":"","astra-migrate-meta-layouts":"default","ast-page-background-enabled":"default","ast-page-background-meta":{"desktop":{"background-color":"","background-image":"","background-repeat":"repeat","background-position":"center center","background-size":"auto","background-attachment":"scroll","background-type":"","background-media":"","overlay-type":"","overlay-color":"","overlay-opacity":"","overlay-gradient":""},"tablet":{"background-color":"","background-image":"","background-repeat":"repeat","background-position":"center center","background-size":"auto","background-attachment":"scroll","background-type":"","background-media":"","overlay-type":"","overlay-color":"","overlay-opacity":"","overlay-gradient":""},"mobile":{"background-color":"","background-image":"","background-repeat":"repeat","background-position":"center center","background-size":"auto","background-attachment":"scroll","background-type":"","background-media":"","overlay-type":"","overlay-color":"","overlay-opacity":"","overlay-gradient":""}},"ast-content-background-meta":{"desktop":{"background-color":"var(--ast-global-color-5)","background-image":"","background-repeat":"repeat","background-position":"center center","background-size":"auto","background-attachment":"scroll","background-type":"","background-media":"","overlay-type":"","overlay-color":"","overlay-opacity":"","overlay-gradient":""},"tablet":{"background-color":"var(--ast-global-color-5)","background-image":"","background-repeat":"repeat","background-position":"center center","background-size":"auto","background-attachment":"scroll","background-type":"","background-media":"","overlay-type":"","overlay-color":"","overlay-opacity":"","overlay-gradient":""},"mobile":{"background-color":"var(--ast-global-color-5)","background-image":"","background-repeat":"repeat","background-position":"center center","background-size":"auto","background-attachment":"scroll","background-type":"","background-media":"","overlay-type":"","overlay-color":"","overlay-opacity":"","overlay-gradient":""}},"footnotes":""},"categories":[1],"cikk_cimkek":[5],"content_flags":[348],"content_icons":[],"class_list":["post-834","post","type-post","status-publish","format-standard","hentry","category-erdmost","cikk_cimkek-kultura","content_flags-top"],"acf":[],"_links":{"self":[{"href":"https:\/\/erdmost.hu\/en\/wp-json\/wp\/v2\/posts\/834","targetHints":{"allow":["GET"]}}],"collection":[{"href":"https:\/\/erdmost.hu\/en\/wp-json\/wp\/v2\/posts"}],"about":[{"href":"https:\/\/erdmost.hu\/en\/wp-json\/wp\/v2\/types\/post"}],"author":[{"embeddable":true,"href":"https:\/\/erdmost.hu\/en\/wp-json\/wp\/v2\/users\/5"}],"replies":[{"embeddable":true,"href":"https:\/\/erdmost.hu\/en\/wp-json\/wp\/v2\/comments?post=834"}],"version-history":[{"count":0,"href":"https:\/\/erdmost.hu\/en\/wp-json\/wp\/v2\/posts\/834\/revisions"}],"wp:attachment":[{"href":"https:\/\/erdmost.hu\/en\/wp-json\/wp\/v2\/media?parent=834"}],"wp:term":[{"taxonomy":"category","embeddable":true,"href":"https:\/\/erdmost.hu\/en\/wp-json\/wp\/v2\/categories?post=834"},{"taxonomy":"cikk_cimkek","embeddable":true,"href":"https:\/\/erdmost.hu\/en\/wp-json\/wp\/v2\/cikk_cimkek?post=834"},{"taxonomy":"content_flags","embeddable":true,"href":"https:\/\/erdmost.hu\/en\/wp-json\/wp\/v2\/content_flags?post=834"},{"taxonomy":"content_icons","embeddable":true,"href":"https:\/\/erdmost.hu\/en\/wp-json\/wp\/v2\/content_icons?post=834"}],"curies":[{"name":"wp","href":"https:\/\/api.w.org\/{rel}","templated":true}]}}