{"id":8335,"date":"2020-07-11T07:23:04","date_gmt":"2020-07-11T07:23:04","guid":{"rendered":"https:\/\/wp.erdmost.hu\/2020\/07\/11\/idojaras-haromszoros-figyelmeztetes-van-ervenyben\/"},"modified":"2020-07-11T07:23:04","modified_gmt":"2020-07-11T07:23:04","slug":"idojaras-haromszoros-figyelmeztetes-van-ervenyben","status":"publish","type":"post","link":"https:\/\/erdmost.hu\/en\/2020\/07\/11\/idojaras-haromszoros-figyelmeztetes-van-ervenyben\/","title":{"rendered":"Id\u0151j\u00e1r\u00e1s: h\u00e1romszoros figyelmeztet\u00e9s van \u00e9rv\u00e9nyben"},"content":{"rendered":"<p>Szombaton eleinte orsz\u00e1gszerte napos id\u0151 v\u00e1rhat\u00f3, majd kora d\u00e9lut\u00e1nt\u00f3l el\u0151bb a Nyugat-Dun\u00e1nt\u00falon \u00e9s \u00e9szakkeleten, k\u00e9s\u0151bb egyre nagyobb ter\u00fcleten megn\u00f6vekszik a felh\u0151zet, de az Alf\u00f6ld nagy r\u00e9sz\u00e9n estig napos marad az id\u0151, arrafel\u00e9 csapad\u00e9kra is kicsi az es\u00e9ly.<\/p>\n<p>Kora d\u00e9lut\u00e1nt\u00f3l el\u0151bb a Dun\u00e1nt\u00fal nyugati t\u00e1jain, azt\u00e1n helyenk\u00e9nt \u00e9szakkeleten, majd egyre nagyobb ter\u00fcleten val\u00f3sz\u00edn\u0171 es\u0151, z\u00e1por, elsz\u00f3rtan zivatar is kialakulhat.<\/p>\n<p>D\u00e9lut\u00e1nt\u00f3l az \u00e9szaknyugatira, \u00e9szakira fordul\u00f3 szelet a nyugati orsz\u00e1gr\u00e9szben \u00e9s n\u00e9hol \u00e9szakkeleten viharos l\u00f6k\u00e9sek k\u00eds\u00e9rik. A legmagasabb nappali h\u0151m\u00e9rs\u00e9klet t\u00f6bbnyire 30 \u00e9s 35 fok k\u00f6z\u00f6tt alakul, de a nyugati megy\u00e9kben n\u00e9h\u00e1ny fokkal h\u0171v\u00f6sebb is lehet. K\u00e9s\u0151 este 18, 26 fok val\u00f3sz\u00edn\u0171 \u2013 \u00edrja a Kider\u00fcl.hu.<\/p>\n<p>Vesz\u00e9lyes id\u0151j\u00e1r\u00e1si helyzetek<br \/>\nAz Orsz\u00e1gos Meteorol\u00f3giai Szolg\u00e1lat minden megy\u00e9re figyelmeztet\u0151 el\u0151rejelz\u00e9st adott ki a h\u0151s\u00e9g vagy er\u0151s sz\u00e9l \u00e9s zivatarok miatt. A sz\u00f6veges indokl\u00e1s szerint napk\u00f6zben egy hidegfront hat\u00e1s\u00e1ra \u00e9szaknyugat fel\u0151l egyre nagyobb ter\u00fcleten fordul \u00e1t a d\u00e9lies ir\u00e1ny\u00fa sz\u00e9l \u00e9szaknyugati, \u00e9szaki ir\u00e1nyba (a d\u00e9lkeleti orsz\u00e1gr\u00e9szben csak az esti \u00f3r\u00e1kban) \u00e9s meger\u0151s\u00f6dik, d\u00e9lut\u00e1nt\u00f3l a Dun\u00e1nt\u00falon, est\u00e9t\u0151l pedig az \u00e9szakkeleti orsz\u00e1gr\u00e9szben vihaross\u00e1 (70-90 km\/h) is fokoz\u00f3dik.<\/p>\n<p>Kiemelten a Dun\u00e1nt\u00fali-k\u00f6z\u00e9phegys\u00e9g ter\u00fclet\u00e9n \u00e9s a Balaton t\u00e9rs\u00e9g\u00e9ben 90 km\/h k\u00f6r\u00fcli sz\u00e9ll\u00f6k\u00e9sek is el\u0151fordulhatnak. A k\u00e9s\u0151 esti \u00f3r\u00e1kra n\u00e9mileg vesz\u00edt erej\u00e9b\u0151l a l\u00e9gmozg\u00e1s, de er\u0151s l\u00f6k\u00e9sek (40-60 km\/h) m\u00e9g vas\u00e1rnapra virrad\u00f3 \u00e9jszaka is lehetnek.<\/p>\n<p>A hidegfront el\u0151ter\u00e9ben az Alf\u00f6ld\u00f6n m\u00e9g szombaton is marad a h\u0151s\u00e9g, t\u00f6bb helyen 25 fok feletti, d\u00e9lkeleten n\u00e9hol 27 fok k\u00f6r\u00fcli napi k\u00f6z\u00e9ph\u0151m\u00e9rs\u00e9klettel.<\/p>\n<p>A d\u00e9lut\u00e1ni \u00f3r\u00e1kt\u00f3l kezdve \u00e9szaknyugat fel\u0151l elsz\u00f3rtan lehet sz\u00e1m\u00edtani zivatarok kialakul\u00e1s\u00e1ra, \u2013 nagyobb es\u00e9llyel nyugaton, d\u00e9lnyugaton, illetve az \u00c9szaki-k\u00f6z\u00e9phegys\u00e9g t\u00e9rs\u00e9g\u00e9ben \u2013 itt egy-egy hevesebb zivatar is kialakulhat. A z\u00e1porok, zivatarok legk\u00e9s\u0151bb (a vas\u00e1rnap \u00e9jjeli \u00f3r\u00e1kban) a d\u00e9lkeleti orsz\u00e1gr\u00e9szt \u00e9rhetik el, \u00edgy ott szombaton zivatarok kialakul\u00e1s\u00e1nak kicsi az es\u00e9lye. A zivatarokat els\u0151sorban viharos sz\u00e9ll\u00f6k\u00e9s (60-80 km\/h), esetleg j\u00e9ges\u0151, valamint az \u00c9szaki-k\u00f6z\u00e9phegys\u00e9g t\u00e9rs\u00e9g\u00e9ben ak\u00e1r felh\u0151szakad\u00e1s (helyenk\u00e9nt &gt; 20-30 mm) is k\u00eds\u00e9rheti.<\/p>\n<p>Vas\u00e1rnap \u00e1tvonul<br \/>\nVas\u00e1rnap \u00e9jszaka t\u00f6bbnyire er\u0151sen felh\u0151s vagy borult \u00e9gre, \u00e9s sokfel\u00e9 es\u0151re, z\u00e1porra van kil\u00e1t\u00e1s, egy-egy zivatar is kialakulhat. reggelre a Dun\u00e1nt\u00falon, majd napk\u00f6zben k\u00f6z\u00e9pen \u00e9s keleten is cs\u00f6kken a felh\u0151zet, m\u00e1r csak nappali gomolyfelh\u0151-k\u00e9pz\u0151d\u00e9re sz\u00e1m\u00edthatunk.<\/p>\n<p>A front\u00e1lis csapad\u00e9k a d\u00e9li \u00f3r\u00e1kra a keleti hat\u00e1r ment\u00e9n is megsz\u0171nik, az \u00e9szaknyugati sz\u00e9l nagy ter\u00fcleten er\u0151s, helyenk\u00e9nt viharos lesz, de est\u00e9re jelent\u0151sen vesz\u00edt erej\u00e9b\u0151l. A legalacsonyabb \u00e9jszakai h\u0151m\u00e9rs\u00e9klet 10, 16, a legmagasabb nappali h\u0151m\u00e9rs\u00e9klet 20, 26 fok k\u00f6z\u00f6tt alakul.<\/p>\n<p>A front nyom\u00e1ban a maximumh\u0151m\u00e9rs\u00e9kletek napokig 30 fok alatt maradnak, orsz\u00e1gos \u00e1tlagban 22-29 fok k\u00f6z\u00f6tt alakulnak majd.<\/p>","protected":false},"excerpt":{"rendered":"<p>Er\u0151s sz\u00e9llel, z\u00e1porokkal, zivatarokkal \u00e9rkezik a hidegfront, a nyom\u00e1ban j\u00f3 t\u00edz fokot esik a h\u0151m\u00e9rs\u00e9klet. Az Alf\u00f6ld\u00f6n viszont m\u00e9g szombaton is h\u0151s\u00e9gre kell sz\u00e1m\u00edtani.<\/p>","protected":false},"author":8,"featured_media":0,"comment_status":"","ping_status":"","sticky":false,"template":"","format":"standard","meta":{"_acf_changed":false,"_seopress_robots_primary_cat":"","_seopress_titles_title":"","_seopress_titles_desc":"","_seopress_robots_index":"","site-sidebar-layout":"default","site-content-layout":"","ast-site-content-layout":"default","site-content-style":"default","site-sidebar-style":"default","ast-global-header-display":"","ast-banner-title-visibility":"","ast-main-header-display":"","ast-hfb-above-header-display":"","ast-hfb-below-header-display":"","ast-hfb-mobile-header-display":"","site-post-title":"","ast-breadcrumbs-content":"","ast-featured-img":"","footer-sml-layout":"","ast-disable-related-posts":"","theme-transparent-header-meta":"","adv-header-id-meta":"","stick-header-meta":"","header-above-stick-meta":"","header-main-stick-meta":"","header-below-stick-meta":"","astra-migrate-meta-layouts":"default","ast-page-background-enabled":"default","ast-page-background-meta":{"desktop":{"background-color":"","background-image":"","background-repeat":"repeat","background-position":"center center","background-size":"auto","background-attachment":"scroll","background-type":"","background-media":"","overlay-type":"","overlay-color":"","overlay-opacity":"","overlay-gradient":""},"tablet":{"background-color":"","background-image":"","background-repeat":"repeat","background-position":"center center","background-size":"auto","background-attachment":"scroll","background-type":"","background-media":"","overlay-type":"","overlay-color":"","overlay-opacity":"","overlay-gradient":""},"mobile":{"background-color":"","background-image":"","background-repeat":"repeat","background-position":"center center","background-size":"auto","background-attachment":"scroll","background-type":"","background-media":"","overlay-type":"","overlay-color":"","overlay-opacity":"","overlay-gradient":""}},"ast-content-background-meta":{"desktop":{"background-color":"var(--ast-global-color-5)","background-image":"","background-repeat":"repeat","background-position":"center center","background-size":"auto","background-attachment":"scroll","background-type":"","background-media":"","overlay-type":"","overlay-color":"","overlay-opacity":"","overlay-gradient":""},"tablet":{"background-color":"var(--ast-global-color-5)","background-image":"","background-repeat":"repeat","background-position":"center center","background-size":"auto","background-attachment":"scroll","background-type":"","background-media":"","overlay-type":"","overlay-color":"","overlay-opacity":"","overlay-gradient":""},"mobile":{"background-color":"var(--ast-global-color-5)","background-image":"","background-repeat":"repeat","background-position":"center center","background-size":"auto","background-attachment":"scroll","background-type":"","background-media":"","overlay-type":"","overlay-color":"","overlay-opacity":"","overlay-gradient":""}},"footnotes":""},"categories":[1],"cikk_cimkek":[26],"content_flags":[350],"content_icons":[357],"class_list":["post-8335","post","type-post","status-publish","format-standard","hentry","category-erdmost","cikk_cimkek-kozerdeku","content_flags-erdekes","content_icons-informacio"],"acf":[],"_links":{"self":[{"href":"https:\/\/erdmost.hu\/en\/wp-json\/wp\/v2\/posts\/8335","targetHints":{"allow":["GET"]}}],"collection":[{"href":"https:\/\/erdmost.hu\/en\/wp-json\/wp\/v2\/posts"}],"about":[{"href":"https:\/\/erdmost.hu\/en\/wp-json\/wp\/v2\/types\/post"}],"author":[{"embeddable":true,"href":"https:\/\/erdmost.hu\/en\/wp-json\/wp\/v2\/users\/8"}],"replies":[{"embeddable":true,"href":"https:\/\/erdmost.hu\/en\/wp-json\/wp\/v2\/comments?post=8335"}],"version-history":[{"count":0,"href":"https:\/\/erdmost.hu\/en\/wp-json\/wp\/v2\/posts\/8335\/revisions"}],"wp:attachment":[{"href":"https:\/\/erdmost.hu\/en\/wp-json\/wp\/v2\/media?parent=8335"}],"wp:term":[{"taxonomy":"category","embeddable":true,"href":"https:\/\/erdmost.hu\/en\/wp-json\/wp\/v2\/categories?post=8335"},{"taxonomy":"cikk_cimkek","embeddable":true,"href":"https:\/\/erdmost.hu\/en\/wp-json\/wp\/v2\/cikk_cimkek?post=8335"},{"taxonomy":"content_flags","embeddable":true,"href":"https:\/\/erdmost.hu\/en\/wp-json\/wp\/v2\/content_flags?post=8335"},{"taxonomy":"content_icons","embeddable":true,"href":"https:\/\/erdmost.hu\/en\/wp-json\/wp\/v2\/content_icons?post=8335"}],"curies":[{"name":"wp","href":"https:\/\/api.w.org\/{rel}","templated":true}]}}