{"id":8048,"date":"2020-06-22T04:40:21","date_gmt":"2020-06-22T04:40:21","guid":{"rendered":"https:\/\/wp.erdmost.hu\/2020\/06\/22\/elhunyt-balint-gazda\/"},"modified":"2020-06-22T04:40:21","modified_gmt":"2020-06-22T04:40:21","slug":"elhunyt-balint-gazda","status":"publish","type":"post","link":"https:\/\/erdmost.hu\/en\/2020\/06\/22\/elhunyt-balint-gazda\/","title":{"rendered":"Elhunyt B\u00e1lint gazda"},"content":{"rendered":"<p>B\u00e1lint Gy\u00f6rgy 1919. j\u00falius 28-\u00e1n Gy\u00f6ngy\u00f6s\u00f6n sz\u00fcletett, kert\u00e9szm\u00e9rn\u00f6ki oklevel\u00e9t a budapesti Magyar Kir\u00e1lyi Kert\u00e9szeti Akad\u00e9mi\u00e1n 1941-ben kapta meg, majd 1949-ben a Magyar Agr\u00e1rtudom\u00e1nyi Egyetemen agr\u00e1rm\u00e9rn\u00f6ki diplom\u00e1t is szerzett. Dolgozott f\u0151agron\u00f3musk\u00e9nt \u00e9s f\u0151kert\u00e9szk\u00e9nt, agr\u00e1rtank\u00f6nyveket \u00edrt, k\u00fcl\u00f6nb\u00f6z\u0151 kert\u00e9szeti szaklapokat szerkesztett \u00e9s t\u00f6bb \u00fajs\u00e1gban rendszeresen publik\u00e1lt is.<\/p>\n<p>1981-t\u0151l 2009-ig a Magyar Telev\u00edzi\u00f3 Ablak c\u00edm\u0171 k\u00f6z\u00e9rdek\u0171 magazinm\u0171sor\u00e1nak \u00e1lland\u00f3 munkat\u00e1rsa volt, 1991-t\u0151l f\u0151szerkeszt\u0151je lett a csatorna Gazdak\u00e9pz\u0151 c\u00edm\u0171 ad\u00e1s\u00e1nak. Telev\u00edzi\u00f3s szerepv\u00e1llal\u00e1sa \u00f3ta nevezik &#8222;B\u00e1lint gazd\u00e1nak&#8221;.<\/p>\n<p>1994-ben bel\u00e9pett a Szabad Demokrat\u00e1k Sz\u00f6vets\u00e9g\u00e9be, a p\u00e1rt Orsz\u00e1gos Tan\u00e1cs\u00e1nak tagj\u00e1v\u00e1 v\u00e1lasztott\u00e1k. 1994 \u00e9s 1998 k\u00f6z\u00f6tt orsz\u00e1ggy\u0171l\u00e9si k\u00e9pvisel\u0151 volt. 1995-ben megszerezte kandid\u00e1tusi fokozat\u00e1t a kommunik\u00e1ci\u00f3 t\u00e9mak\u00f6r\u00e9b\u0151l. 2009-ben kil\u00e9pett az SZDSZ-b\u0151l, alap\u00edt\u00f3 tagk\u00e9nt r\u00e9szt vett a Szabadelv\u0171 Polg\u00e1ri Egyes\u00fclet (SZPE) megalap\u00edt\u00e1s\u00e1ban.<\/p>\n<p>Munk\u00e1ss\u00e1g\u00e1t t\u00f6bbek k\u00f6zt a Magyar K\u00f6zt\u00e1rsas\u00e1gi \u00c9rdemrend tisztikeresztj\u00e9vel (2005) \u00e9s Prima Primissima D\u00edjjal (2017) is elismert\u00e9k, Budapest \u00e9s Gy\u00f6ngy\u00f6s d\u00edszpolg\u00e1ra is volt.<\/p>\n<p>Cs\u0151zik L\u00e1szl\u00f3, polg\u00e1rmester az al\u00e1bbi gondolatokkal b\u00facs\u00fazott t\u0151le&nbsp; Facebookon:<\/p>\n<blockquote>\n<p>Elment B\u00e1lint Gyuri b\u00e1csi, egy sz\u00e9p hossz\u00fa, tartalmas \u00e9s \u00e9rt\u00e9kes \u00e9let ut\u00e1n itt hagyott benn\u00fcnket az orsz\u00e1g B\u00e1lint Gazd\u00e1ja, akire \u00c9rd is j\u00f3 sz\u00edvvel, s k\u00f6zelebbr\u0151l is eml\u00e9kezhet, hiszen 1994 tavasz\u00e1n n\u00e9h\u00e1ny h\u00f3napra szinte idek\u00f6lt\u00f6z\u00f6tt hozz\u00e1nk, ebben a v\u00e1laszt\u00f3ker\u00fcletben indult a parlamenti v\u00e1laszt\u00e1son, mivel sz\u00ednes \u00e9lete sor\u00e1n m\u00e9g honatya is volt.<\/p>\n<p>Elszomorodtam nagyon. Egy remek, igaz, s nagyon szerethet\u0151 ember l\u00e9pett most \u00e1t az \u00f6r\u00f6kk\u00e9val\u00f3s\u00e1gba.<\/p>\n<p>Tavaly, a 100. sz\u00fclet\u00e9snapj\u00e1ra azt \u00edrtam, hogy szer\u00e9nys\u00e9ge, al\u00e1zata elcsendes\u00edt, t\u00f6preng\u00e9sre k\u00e9sztet. Minden helyzetben ember maradt, pedig volt r\u00e9sze rendesen sorsford\u00edt\u00f3 pillanatokban, melyekben a legt\u00f6bben bizony elbuktunk volna. \u0150 nem, de soha nem is k\u00e9rkedett vel\u00fck, \u00fagy nyilv\u00e1nul meg, mintha a vil\u00e1g j\u00f3 volna, s benne a legterm\u00e9szetesebb dolog lenne szembesz\u00e1llni a rosszal, s szolg\u00e1lni, adni, v\u00e9deni, t\u00f6r\u0151dni m\u00e1sok \u00fcgy\u00e9vel, baj\u00e1val.<\/p>\n<p>Szel\u00edd, b\u00f6lcs, k\u00f6zvetlen von\u00e1sai rend\u00edthetetlen bels\u0151 b\u00e9k\u00e9r\u0151l tan\u00faskodnak. H\u00e1l\u00e1s vagyok \u00e9rte, hogy ha csak egy picinyk\u00e9t is, de k\u00f6zelebbr\u0151l megismerhettem \u0151t, s id\u0151t t\u00f6lthettem vele. Meg\u00e9rte minden perc\u00e9t.<\/p>\n<\/blockquote>","protected":false},"excerpt":{"rendered":"<p>\u00c9let\u00e9nek 101. \u00e9v\u00e9ben vas\u00e1rnap este meghalt B\u00e1lint Gy\u00f6rgy, n\u00e9pszer\u0171 nev\u00e9n B\u00e1lint gazda Prima Primissima-d\u00edjas kert\u00e9szm\u00e9rn\u00f6k, \u00fajs\u00e1g\u00edr\u00f3, a mez\u0151gazdas\u00e1gi tudom\u00e1nyok kandid\u00e1tusa, volt orsz\u00e1ggy\u0171l\u00e9si k\u00e9pvisel\u0151 &#8211; k\u00f6z\u00f6lt\u00e9k a m\u00e9diakert\u00e9sz k\u00f6z\u00f6ss\u00e9gi oldalon.<\/p>","protected":false},"author":8,"featured_media":0,"comment_status":"","ping_status":"","sticky":false,"template":"","format":"standard","meta":{"_acf_changed":false,"_seopress_robots_primary_cat":"","_seopress_titles_title":"","_seopress_titles_desc":"","_seopress_robots_index":"","site-sidebar-layout":"default","site-content-layout":"","ast-site-content-layout":"default","site-content-style":"default","site-sidebar-style":"default","ast-global-header-display":"","ast-banner-title-visibility":"","ast-main-header-display":"","ast-hfb-above-header-display":"","ast-hfb-below-header-display":"","ast-hfb-mobile-header-display":"","site-post-title":"","ast-breadcrumbs-content":"","ast-featured-img":"","footer-sml-layout":"","ast-disable-related-posts":"","theme-transparent-header-meta":"","adv-header-id-meta":"","stick-header-meta":"","header-above-stick-meta":"","header-main-stick-meta":"","header-below-stick-meta":"","astra-migrate-meta-layouts":"default","ast-page-background-enabled":"default","ast-page-background-meta":{"desktop":{"background-color":"","background-image":"","background-repeat":"repeat","background-position":"center center","background-size":"auto","background-attachment":"scroll","background-type":"","background-media":"","overlay-type":"","overlay-color":"","overlay-opacity":"","overlay-gradient":""},"tablet":{"background-color":"","background-image":"","background-repeat":"repeat","background-position":"center center","background-size":"auto","background-attachment":"scroll","background-type":"","background-media":"","overlay-type":"","overlay-color":"","overlay-opacity":"","overlay-gradient":""},"mobile":{"background-color":"","background-image":"","background-repeat":"repeat","background-position":"center center","background-size":"auto","background-attachment":"scroll","background-type":"","background-media":"","overlay-type":"","overlay-color":"","overlay-opacity":"","overlay-gradient":""}},"ast-content-background-meta":{"desktop":{"background-color":"var(--ast-global-color-5)","background-image":"","background-repeat":"repeat","background-position":"center center","background-size":"auto","background-attachment":"scroll","background-type":"","background-media":"","overlay-type":"","overlay-color":"","overlay-opacity":"","overlay-gradient":""},"tablet":{"background-color":"var(--ast-global-color-5)","background-image":"","background-repeat":"repeat","background-position":"center center","background-size":"auto","background-attachment":"scroll","background-type":"","background-media":"","overlay-type":"","overlay-color":"","overlay-opacity":"","overlay-gradient":""},"mobile":{"background-color":"var(--ast-global-color-5)","background-image":"","background-repeat":"repeat","background-position":"center center","background-size":"auto","background-attachment":"scroll","background-type":"","background-media":"","overlay-type":"","overlay-color":"","overlay-opacity":"","overlay-gradient":""}},"footnotes":""},"categories":[1],"cikk_cimkek":[15],"content_flags":[351],"content_icons":[],"class_list":["post-8048","post","type-post","status-publish","format-standard","hentry","category-erdmost","cikk_cimkek-kozelet","content_flags-jobbfent"],"acf":[],"_links":{"self":[{"href":"https:\/\/erdmost.hu\/en\/wp-json\/wp\/v2\/posts\/8048","targetHints":{"allow":["GET"]}}],"collection":[{"href":"https:\/\/erdmost.hu\/en\/wp-json\/wp\/v2\/posts"}],"about":[{"href":"https:\/\/erdmost.hu\/en\/wp-json\/wp\/v2\/types\/post"}],"author":[{"embeddable":true,"href":"https:\/\/erdmost.hu\/en\/wp-json\/wp\/v2\/users\/8"}],"replies":[{"embeddable":true,"href":"https:\/\/erdmost.hu\/en\/wp-json\/wp\/v2\/comments?post=8048"}],"version-history":[{"count":0,"href":"https:\/\/erdmost.hu\/en\/wp-json\/wp\/v2\/posts\/8048\/revisions"}],"wp:attachment":[{"href":"https:\/\/erdmost.hu\/en\/wp-json\/wp\/v2\/media?parent=8048"}],"wp:term":[{"taxonomy":"category","embeddable":true,"href":"https:\/\/erdmost.hu\/en\/wp-json\/wp\/v2\/categories?post=8048"},{"taxonomy":"cikk_cimkek","embeddable":true,"href":"https:\/\/erdmost.hu\/en\/wp-json\/wp\/v2\/cikk_cimkek?post=8048"},{"taxonomy":"content_flags","embeddable":true,"href":"https:\/\/erdmost.hu\/en\/wp-json\/wp\/v2\/content_flags?post=8048"},{"taxonomy":"content_icons","embeddable":true,"href":"https:\/\/erdmost.hu\/en\/wp-json\/wp\/v2\/content_icons?post=8048"}],"curies":[{"name":"wp","href":"https:\/\/api.w.org\/{rel}","templated":true}]}}