{"id":80397,"date":"2023-10-30T16:00:08","date_gmt":"2023-10-30T15:00:08","guid":{"rendered":"https:\/\/erdmost.hu\/?p=80397"},"modified":"2023-10-30T18:25:11","modified_gmt":"2023-10-30T17:25:11","slug":"kepeken-az-orszag-ahol-meg-az-utcakat-futik","status":"publish","type":"post","link":"https:\/\/erdmost.hu\/en\/2023\/10\/30\/kepeken-az-orszag-ahol-meg-az-utcakat-futik\/","title":{"rendered":"K\u00e9peken az orsz\u00e1g, ahol m\u00e9g az utc\u00e1kat is f\u0171tik"},"content":{"rendered":"<p>Ki hinn\u00e9, hogy Izland a vil\u00e1g egyik legz\u00f6ldebb orsz\u00e1ga (m\u00e1rmint k\u00f6rnyezetv\u00e9delmi szempontb\u00f3l), ahol eg\u00e9sz \u00e9vben lehet a szabadban f\u00fcrdeni a meleg viz\u0171 forr\u00e1sokban, \u00e9s ahol minden z\u00f6ldf\u00e9le megterem, m\u00e9g a ban\u00e1n is &#8211; persze, nem a szabadban, hanem a melegh\u00e1zakban?<\/p>\n<p>Azok, akik m\u00e1r j\u00e1rtak a t\u0171z \u00e9s a j\u00e9g f\u00f6ldj\u00e9n, k\u00e9szs\u00e9ggel tan\u00fas\u00edthatj\u00e1k, hogy ez \u00edgy van, \u00e9s hogy Izlandra nem csup\u00e1n a sarki f\u00e9ny miatt \u00e9rdemes ell\u00e1togatni.<\/p>\n<figure id=\"attachment_80460\" aria-describedby=\"caption-attachment-80460\" style=\"width: 1710px\" class=\"wp-caption aligncenter\"><img fetchpriority=\"high\" decoding=\"async\" class=\"wp-image-80460 size-full\" src=\"https:\/\/erdmost.hu\/wp-content\/uploads\/2023\/10\/010_meradalir_lavaszokokut-scaled.jpg\" alt=\"\" width=\"1710\" height=\"2560\" srcset=\"https:\/\/erdmost.hu\/wp-content\/uploads\/2023\/10\/010_meradalir_lavaszokokut-scaled.jpg 1710w, https:\/\/erdmost.hu\/wp-content\/uploads\/2023\/10\/010_meradalir_lavaszokokut-200x300.jpg 200w, https:\/\/erdmost.hu\/wp-content\/uploads\/2023\/10\/010_meradalir_lavaszokokut-768x1150.jpg 768w, https:\/\/erdmost.hu\/wp-content\/uploads\/2023\/10\/010_meradalir_lavaszokokut-374x560.jpg 374w\" sizes=\"(max-width: 1710px) 100vw, 1710px\" \/><figcaption id=\"caption-attachment-80460\" class=\"wp-caption-text\"><em>Meradalir l\u00e1vasz\u00f6k\u0151k\u00fat (Fot\u00f3: Nagy G\u00e1bor)<\/em><\/figcaption><\/figure>\n<p>E f\u00f6ld csod\u00e1ir\u00f3l, sz\u00e9ps\u00e9g\u00e9r\u0151l mes\u00e9lnek azok a fot\u00f3k, amelyeket Nagy G\u00e1bor geogr\u00e1fus, idegenvezet\u0151 k\u00e9sz\u00edtett sz\u00e1mtalan izlandi l\u00e1togat\u00e1sa alkalm\u00e1val.<\/p>\n<p>A k\u00e9peket a M\u00fazeumok \u0150szi Fesztiv\u00e1lja programsorozat\u00e1nak keret\u00e9ben mutatja be a Magyar F\u00f6ldrajzi M\u00fazeum,<em>\u00a0(Majdnem) mindent l\u00e1ttam Izlandon <\/em>c\u00edmmel.<\/p>\n<figure id=\"attachment_80442\" aria-describedby=\"caption-attachment-80442\" style=\"width: 2000px\" class=\"wp-caption aligncenter\"><img decoding=\"async\" class=\"wp-image-80442 size-full\" src=\"https:\/\/erdmost.hu\/wp-content\/uploads\/2023\/10\/1260883.jpg\" alt=\"\" width=\"2000\" height=\"1353\" srcset=\"https:\/\/erdmost.hu\/wp-content\/uploads\/2023\/10\/1260883.jpg 2000w, https:\/\/erdmost.hu\/wp-content\/uploads\/2023\/10\/1260883-300x203.jpg 300w, https:\/\/erdmost.hu\/wp-content\/uploads\/2023\/10\/1260883-768x520.jpg 768w, https:\/\/erdmost.hu\/wp-content\/uploads\/2023\/10\/1260883-828x560.jpg 828w\" sizes=\"(max-width: 2000px) 100vw, 2000px\" \/><figcaption id=\"caption-attachment-80442\" class=\"wp-caption-text\"><em>A fot\u00f3m\u0171v\u00e9sz k\u00f6zel harmincszor j\u00e1rt m\u00e1r Izlandon <\/em><\/figcaption><\/figure>\n<p>Az okt\u00f3ber 24-ei megnyit\u00f3n Nagy G\u00e1bor sz\u00e1mtalan \u00e9rdekess\u00e9get mes\u00e9lt a fot\u00f3k keletkez\u00e9s\u00e9vel kapcsolatban, illetve azokr\u00f3l a t\u00e1jakr\u00f3l, amelyeket lencsev\u00e9gre kapott.<\/p>\n<p>Kar\u00e1tson D\u00e1vid geogr\u00e1fus, az ELTE TTK egyetemi tan\u00e1ra, tansz\u00e9kvezet\u0151je pedig Izland f\u00f6ldrajzi, geol\u00f3giai csod\u00e1it, vulk\u00e1njait mutatta be.<\/p>\n<figure id=\"attachment_80461\" aria-describedby=\"caption-attachment-80461\" style=\"width: 2560px\" class=\"wp-caption aligncenter\"><img decoding=\"async\" class=\"wp-image-80461 size-full\" src=\"https:\/\/erdmost.hu\/wp-content\/uploads\/2023\/10\/001_sarki_feny_reykjavik_felett-scaled.jpg\" alt=\"\" width=\"2560\" height=\"1924\" srcset=\"https:\/\/erdmost.hu\/wp-content\/uploads\/2023\/10\/001_sarki_feny_reykjavik_felett-scaled.jpg 2560w, https:\/\/erdmost.hu\/wp-content\/uploads\/2023\/10\/001_sarki_feny_reykjavik_felett-300x226.jpg 300w, https:\/\/erdmost.hu\/wp-content\/uploads\/2023\/10\/001_sarki_feny_reykjavik_felett-768x577.jpg 768w, https:\/\/erdmost.hu\/wp-content\/uploads\/2023\/10\/001_sarki_feny_reykjavik_felett-745x560.jpg 745w\" sizes=\"(max-width: 2560px) 100vw, 2560px\" \/><figcaption id=\"caption-attachment-80461\" class=\"wp-caption-text\"><em>Sarki f\u00e9ny Reykjav\u00edk felett (Fot\u00f3: Nagy G\u00e1bor)<\/em><\/figcaption><\/figure>\n<p>A ki\u00e1ll\u00edtott k\u00e9pek sz\u00f6veges magyar\u00e1zat n\u00e9lk\u00fcl is leny\u0171g\u00f6zik a k\u00f6z\u00f6ns\u00e9get: sarki r\u00f3ka, izlandi p\u00f3ni, vulk\u00e1nkit\u00f6r\u00e9s, gejz\u00edr \u00e9s m\u00e9g sz\u00e1mtalan term\u00e9szeti sz\u00e9ps\u00e9g gy\u00f6ny\u00f6rk\u00f6dteti a szemet.<\/p>\n<p>&#8222;Ez a ki\u00e1ll\u00edt\u00e1s k\u00f6zel harminc \u00fat lenyomata. K\u00e9tszer k\u00f6rbej\u00e1rtam a szigetet, \u00e9s huszonhat vagy -h\u00e9t Reykjav\u00edk k\u00f6r\u00fcli csillagt\u00far\u00e1t tettem. A k\u00e9pekb\u0151l most negyvenhat ker\u00fclt ki a falakra&#8221; &#8211; mondta az \u00c9rdMostnak Nagy G\u00e1bor, hangs\u00falyozva: ezek \u00e1tlagos turist\u00e1k sz\u00e1m\u00e1ra el\u00e9rhet\u0151 helysz\u00edneken k\u00e9sz\u00fcltek, kiv\u00e9ve az, amelyik a vulk\u00e1nkit\u00f6r\u00e9sn\u00e9l k\u00e9sz\u00fclt &#8211; oda kellett minim\u00e1lis t\u00faratapasztalat is.<\/p>\n<figure id=\"attachment_80462\" aria-describedby=\"caption-attachment-80462\" style=\"width: 2560px\" class=\"wp-caption aligncenter\"><img loading=\"lazy\" decoding=\"async\" class=\"wp-image-80462 size-full\" src=\"https:\/\/erdmost.hu\/wp-content\/uploads\/2023\/10\/fekete_part-scaled.jpg\" alt=\"\" width=\"2560\" height=\"1819\" srcset=\"https:\/\/erdmost.hu\/wp-content\/uploads\/2023\/10\/fekete_part-scaled.jpg 2560w, https:\/\/erdmost.hu\/wp-content\/uploads\/2023\/10\/fekete_part-300x213.jpg 300w, https:\/\/erdmost.hu\/wp-content\/uploads\/2023\/10\/fekete_part-768x546.jpg 768w, https:\/\/erdmost.hu\/wp-content\/uploads\/2023\/10\/fekete_part-788x560.jpg 788w\" sizes=\"(max-width: 2560px) 100vw, 2560px\" \/><figcaption id=\"caption-attachment-80462\" class=\"wp-caption-text\"><em>Fekete part (Nagy G\u00e1bor alkot\u00e1sa)<\/em><\/figcaption><\/figure>\n<p>Persze, nagy k\u00e9rd\u00e9s, hogy egy \u00e1tlagos turista sz\u00e1m\u00e1ra egy\u00e1ltal\u00e1n mennyire el\u00e9rhet\u0151 Izland. Az idegenvezet\u0151 szerint a hazai infl\u00e1ci\u00f3 miatt nem t\u0171nik m\u00e1r olyan dr\u00e1g\u00e1nak ez az \u00fati c\u00e9l, mint \u00f6t-t\u00edz \u00e9ve.<\/p>\n<p>&#8222;A legszebb dolgok, azaz a t\u00e1jk\u00e9pi elemek ingyen vannak, \u00e9s az oda\u00fat sem dr\u00e1ga. Ami viszont igen, az az Izlandon bel\u00fcli k\u00f6zleked\u00e9s. Az \u00e9lelmiszerek sem olcs\u00f3k, de ezeket a diszkont\u00e1ruh\u00e1zakban nagyon j\u00f3 \u00e1ron lehet beszerezni&#8221; &#8211; tudtuk meg az idegenvezet\u0151t\u0151l, aki azt is el\u00e1rulta: ahhoz, hogy belek\u00f3stoljunk Izland csod\u00e1iba, nem kell bej\u00e1rnunk az eg\u00e9sz szigetet, a Reykjav\u00edk k\u00f6zel\u00e9ben lev\u0151 t\u00e9rs\u00e9g is sz\u00e1mtalan l\u00e1tnival\u00f3t k\u00edn\u00e1l.<\/p>\n<figure id=\"attachment_80443\" aria-describedby=\"caption-attachment-80443\" style=\"width: 2560px\" class=\"wp-caption aligncenter\"><img loading=\"lazy\" decoding=\"async\" class=\"wp-image-80443 size-full\" src=\"https:\/\/erdmost.hu\/wp-content\/uploads\/2023\/10\/044-scaled.jpg\" alt=\"\" width=\"2560\" height=\"2540\" srcset=\"https:\/\/erdmost.hu\/wp-content\/uploads\/2023\/10\/044-scaled.jpg 2560w, https:\/\/erdmost.hu\/wp-content\/uploads\/2023\/10\/044-300x298.jpg 300w, https:\/\/erdmost.hu\/wp-content\/uploads\/2023\/10\/044-768x762.jpg 768w, https:\/\/erdmost.hu\/wp-content\/uploads\/2023\/10\/044-564x560.jpg 564w\" sizes=\"(max-width: 2560px) 100vw, 2560px\" \/><figcaption id=\"caption-attachment-80443\" class=\"wp-caption-text\"><em>Fot\u00f3z\u00e1s k\u00f6zben<\/em><\/figcaption><\/figure>\n<p>A hidegt\u0151l sem \u00e9rdemes f\u00e9lni: egyr\u00e9szt sok helyen f\u0171tik az utc\u00e1kat, \u00edgy j\u00e9g- \u00e9s h\u00f3mentesek, m\u00e1sr\u00e9szt a h\u0151m\u00e9rs\u00e9klet sem olyan alacsony, mint hinn\u00e9nk: t\u00e9len nulla fok k\u00f6r\u00fcl van (lehet persze plusz 5 \u00e9s m\u00ednusz 10 is), ny\u00e1ron pedig 10-15 fok k\u00f6r\u00fcl.<\/p>\n<p>&#8222;Izland olyan f\u00f6ld, ami a szem\u00fcnk l\u00e1tt\u00e1ra sz\u00fcletik folyton \u00fajj\u00e1 &#8211; gondoljunk csak a t\u0171zh\u00e1ny\u00f3kra \u00e9s a gleccserekre. Sokan k\u00e9rdezik, hogy mikor \u00e9rdemes utazni. \u00c9n az augusztus 20-szeptember 1. k\u00f6z\u00f6tti id\u0151szakot szoktam aj\u00e1nlani, mert akkor m\u00e9g van lunda mad\u00e1r, m\u00e1r van sarki f\u00e9ny, \u00e9s term\u00e9szetesen van b\u00e1lna is&#8221; &#8211; tette hozz\u00e1.<\/p>\n<figure id=\"attachment_80464\" aria-describedby=\"caption-attachment-80464\" style=\"width: 2560px\" class=\"wp-caption aligncenter\"><img loading=\"lazy\" decoding=\"async\" class=\"wp-image-80464 size-full\" src=\"https:\/\/erdmost.hu\/wp-content\/uploads\/2023\/10\/008_lunda-scaled.jpg\" alt=\"\" width=\"2560\" height=\"1444\" srcset=\"https:\/\/erdmost.hu\/wp-content\/uploads\/2023\/10\/008_lunda-scaled.jpg 2560w, https:\/\/erdmost.hu\/wp-content\/uploads\/2023\/10\/008_lunda-300x169.jpg 300w, https:\/\/erdmost.hu\/wp-content\/uploads\/2023\/10\/008_lunda-768x433.jpg 768w, https:\/\/erdmost.hu\/wp-content\/uploads\/2023\/10\/008_lunda-993x560.jpg 993w\" sizes=\"(max-width: 2560px) 100vw, 2560px\" \/><figcaption id=\"caption-attachment-80464\" class=\"wp-caption-text\"><em>Lunda mad\u00e1r (Fot\u00f3: Nagy G\u00e1bor)<\/em><\/figcaption><\/figure>\n<p>Nagy G\u00e1bor k\u00e9pkollekci\u00f3j\u00e1nak az \u00e9rdi az \u0151sbemutat\u00f3ja: soha \u00edgy m\u00e9g nem ker\u00fcltek ki a falakra. Aki szeretn\u00e9 l\u00e1tni, milyen Izland egy fot\u00f3s, geogr\u00e1fus \u00e9s idegenvezet\u0151 szem\u00e9vel, 2024. m\u00e1jus 26-ig megtekintheti a k\u00e9peket a m\u00fazeum nyitvatart\u00e1si idej\u00e9ben.<\/p>","protected":false},"excerpt":{"rendered":"<p>Izland csod\u00e1ir\u00f3l ny\u00edlt fot\u00f3ki\u00e1ll\u00edt\u00e1s a Magyar F\u00f6ldrajzi M\u00fazeumban. <\/p>","protected":false},"author":5,"featured_media":80463,"comment_status":"closed","ping_status":"closed","sticky":false,"template":"","format":"standard","meta":{"_acf_changed":false,"_seopress_robots_primary_cat":"none","_seopress_titles_title":"","_seopress_titles_desc":"","_seopress_robots_index":"","site-sidebar-layout":"default","site-content-layout":"default","ast-site-content-layout":"default","site-content-style":"default","site-sidebar-style":"default","ast-global-header-display":"","ast-banner-title-visibility":"","ast-main-header-display":"","ast-hfb-above-header-display":"","ast-hfb-below-header-display":"","ast-hfb-mobile-header-display":"","site-post-title":"","ast-breadcrumbs-content":"","ast-featured-img":"","footer-sml-layout":"","ast-disable-related-posts":"","theme-transparent-header-meta":"default","adv-header-id-meta":"","stick-header-meta":"","header-above-stick-meta":"","header-main-stick-meta":"","header-below-stick-meta":"","astra-migrate-meta-layouts":"default","ast-page-background-enabled":"default","ast-page-background-meta":{"desktop":{"background-color":"","background-image":"","background-repeat":"repeat","background-position":"center center","background-size":"auto","background-attachment":"scroll","background-type":"","background-media":"","overlay-type":"","overlay-color":"","overlay-opacity":"","overlay-gradient":""},"tablet":{"background-color":"","background-image":"","background-repeat":"repeat","background-position":"center center","background-size":"auto","background-attachment":"scroll","background-type":"","background-media":"","overlay-type":"","overlay-color":"","overlay-opacity":"","overlay-gradient":""},"mobile":{"background-color":"","background-image":"","background-repeat":"repeat","background-position":"center center","background-size":"auto","background-attachment":"scroll","background-type":"","background-media":"","overlay-type":"","overlay-color":"","overlay-opacity":"","overlay-gradient":""}},"ast-content-background-meta":{"desktop":{"background-color":"var(--ast-global-color-5)","background-image":"","background-repeat":"repeat","background-position":"center center","background-size":"auto","background-attachment":"scroll","background-type":"","background-media":"","overlay-type":"","overlay-color":"","overlay-opacity":"","overlay-gradient":""},"tablet":{"background-color":"var(--ast-global-color-5)","background-image":"","background-repeat":"repeat","background-position":"center center","background-size":"auto","background-attachment":"scroll","background-type":"","background-media":"","overlay-type":"","overlay-color":"","overlay-opacity":"","overlay-gradient":""},"mobile":{"background-color":"var(--ast-global-color-5)","background-image":"","background-repeat":"repeat","background-position":"center center","background-size":"auto","background-attachment":"scroll","background-type":"","background-media":"","overlay-type":"","overlay-color":"","overlay-opacity":"","overlay-gradient":""}},"footnotes":""},"categories":[1,463,461,462,1410,1608,460],"cikk_cimkek":[3580,3741,137,3742],"content_flags":[],"content_icons":[],"class_list":["post-80397","post","type-post","status-publish","format-standard","has-post-thumbnail","hentry","category-erdmost","category-fontos","category-jobbfent","category-kiemelt","category-kultura","category-mindennapok","category-top","cikk_cimkek-fotokiallitas","cikk_cimkek-izland","cikk_cimkek-magyar-foldrajzi-muzeum","cikk_cimkek-nagy-gabor"],"acf":[],"_links":{"self":[{"href":"https:\/\/erdmost.hu\/en\/wp-json\/wp\/v2\/posts\/80397","targetHints":{"allow":["GET"]}}],"collection":[{"href":"https:\/\/erdmost.hu\/en\/wp-json\/wp\/v2\/posts"}],"about":[{"href":"https:\/\/erdmost.hu\/en\/wp-json\/wp\/v2\/types\/post"}],"author":[{"embeddable":true,"href":"https:\/\/erdmost.hu\/en\/wp-json\/wp\/v2\/users\/5"}],"replies":[{"embeddable":true,"href":"https:\/\/erdmost.hu\/en\/wp-json\/wp\/v2\/comments?post=80397"}],"version-history":[{"count":5,"href":"https:\/\/erdmost.hu\/en\/wp-json\/wp\/v2\/posts\/80397\/revisions"}],"predecessor-version":[{"id":80814,"href":"https:\/\/erdmost.hu\/en\/wp-json\/wp\/v2\/posts\/80397\/revisions\/80814"}],"wp:featuredmedia":[{"embeddable":true,"href":"https:\/\/erdmost.hu\/en\/wp-json\/wp\/v2\/media\/80463"}],"wp:attachment":[{"href":"https:\/\/erdmost.hu\/en\/wp-json\/wp\/v2\/media?parent=80397"}],"wp:term":[{"taxonomy":"category","embeddable":true,"href":"https:\/\/erdmost.hu\/en\/wp-json\/wp\/v2\/categories?post=80397"},{"taxonomy":"cikk_cimkek","embeddable":true,"href":"https:\/\/erdmost.hu\/en\/wp-json\/wp\/v2\/cikk_cimkek?post=80397"},{"taxonomy":"content_flags","embeddable":true,"href":"https:\/\/erdmost.hu\/en\/wp-json\/wp\/v2\/content_flags?post=80397"},{"taxonomy":"content_icons","embeddable":true,"href":"https:\/\/erdmost.hu\/en\/wp-json\/wp\/v2\/content_icons?post=80397"}],"curies":[{"name":"wp","href":"https:\/\/api.w.org\/{rel}","templated":true}]}}