{"id":78625,"date":"2023-10-09T16:18:29","date_gmt":"2023-10-09T14:18:29","guid":{"rendered":"https:\/\/erdmost.hu\/?p=78625"},"modified":"2023-10-11T16:27:16","modified_gmt":"2023-10-11T14:27:16","slug":"ilyen-meg-nem-volt-jon-az-erdi-oktoberfest","status":"publish","type":"post","link":"https:\/\/erdmost.hu\/en\/2023\/10\/09\/ilyen-meg-nem-volt-jon-az-erdi-oktoberfest\/","title":{"rendered":"Ilyen m\u00e9g nem volt: j\u00f6n az \u00e9rdi Oktoberfest"},"content":{"rendered":"<p>H\u00e9t magyar \u00e9s n\u00e9gy cseh s\u00f6rf\u0151zde k\u00e9pviselteti mag\u00e1t okt\u00f3ber 13-\u00e1n \u00e9s 14-\u00e9n az <a href=\"https:\/\/erdmost.hu\/en\/esemenyek\/i-erdi-sor-es-gasztrofesztival\/\" target=\"_blank\" rel=\"noopener\">I. \u00c9rdi S\u00f6r- \u00e9s Gasztrofesztiv\u00e1lon.<\/a> A rendezv\u00e9ny \u00f6tlete a CSEHveg\u0151 K\u00e9zm\u0171ves S\u00f6r\u00f6z\u0151t\u0151l sz\u00e1rmazik, de a v\u00e1ros annyira j\u00f3nak tal\u00e1lta az elk\u00e9pzel\u00e9st, hogy nemcsak t\u00e1mogat\u00f3ja, hanem szervez\u0151je is lett a fesztiv\u00e1lnak.<\/p>\n<p>&#8222;T\u00f6bb alkalommal rendezt\u00fcnk m\u00e1r Parkv\u00e1rosban s\u00f6rpikniket. Ezek annyira j\u00f3l siker\u00fcltek, hogy \u00fagy d\u00f6nt\u00f6tt\u00fcnk, id\u00e9n \u0151sszel v\u00e1rosi szint\u0171 rendezv\u00e9nyt tartunk a f\u0151t\u00e9ren, mindenki sz\u00e1m\u00e1ra k\u00f6nnyen el\u00e9rhet\u0151 helyen, az eddigiekn\u00e9l j\u00f3val t\u00f6bb s\u00f6rf\u0151zde jelenl\u00e9t\u00e9vel&#8221; &#8211; mondta el az \u00c9rdMostnak Luk\u00e1csi Krisztina, a rendezv\u00e9ny egyik szervez\u0151je, aki el\u00e1rulta azt is: gasztrofesztiv\u00e1lr\u00f3l l\u00e9v\u00e9n sz\u00f3, a s\u00f6r\u00f6k mellett lesznek borok is.<\/p>\n<p>No meg sok, a s\u00f6rh\u00f6z, borhoz ill\u0151 harapnival\u00f3, a s\u00fclt kolb\u00e1szt\u00f3l kezdve a grillezett \u00e9teleken \u00e1t a zs\u00edros keny\u00e9rig. B\u00e1r a rendezv\u00e9ny ink\u00e1bb a feln\u0151tteket c\u00e9lozza meg, gondoltak a gyermekekkel \u00e9rkez\u0151kre is, ez\u00e9rt a k\u00edn\u00e1latban szerepel a k\u00fcrt\u0151s kal\u00e1cs \u00e9s m\u00e1s, gyerekek \u00e1ltal kedvelt finoms\u00e1g is.<\/p>\n<p><img fetchpriority=\"high\" decoding=\"async\" class=\"aligncenter size-full wp-image-78368\" src=\"https:\/\/erdmost.hu\/wp-content\/uploads\/2023\/10\/gasztrofesztival_231003.jpg\" alt=\"\" width=\"960\" height=\"502\" srcset=\"https:\/\/erdmost.hu\/wp-content\/uploads\/2023\/10\/gasztrofesztival_231003.jpg 960w, https:\/\/erdmost.hu\/wp-content\/uploads\/2023\/10\/gasztrofesztival_231003-768x402.jpg 768w, https:\/\/erdmost.hu\/wp-content\/uploads\/2023\/10\/gasztrofesztival_231003-300x157.jpg 300w\" sizes=\"(max-width: 960px) 100vw, 960px\" \/><\/p>\n<p>Ami a helysz\u00ednt illeti, a f\u0151t\u00e9ren s\u00f6rpadokat \u00e9s asztalokat helyeznek el, hogy legyen hol \u00fcld\u00f6g\u00e9lni, besz\u00e9lgetni, no meg k\u00f3stolgatni a s\u00f6r\u00f6ket. Szerencs\u00e9re van m\u00f3d \u00e9s hely arra, hogy az \u00fcl\u0151helyeket \u00fagy alak\u00edts\u00e1k, hogy a koncerteket lehessen ugyan l\u00e1tni, de kisebb hanger\u0151vel hallatsz\u00f3djon oda a zene.<\/p>\n<p>P\u00e9nteken <strong>5 \u00f3rakor nyitnak<\/strong>, a zenekarok f\u00e9l hatt\u00f3l l\u00e9pnek sz\u00ednpadra. Szombaton kett\u0151t\u0151l v\u00e1rj\u00e1k a k\u00f6z\u00f6ns\u00e9get, \u00e9s \u00f6t \u00f3rakor lesz az els\u0151 koncert. A s\u00f6rfesztiv\u00e1l mindk\u00e9t napon 11 \u00f3rakor z\u00e1r majd.<\/p>\n<p>P\u00e9nteken Tom White &amp; The Mad Circus, valamint a Sati&#8217;sfaction, szombaton G\u00e1l Csaba &#8222;Boogie&#8221; \u00e9s a B\u00e1nomis\u00e9n l\u00e9p fel. 14-\u00e9n este DJ Lenox z\u00e1rja a fesztiv\u00e1lt.<\/p>\n<p>&#8222;Gondoltunk azokra is, akik n\u00e9zn\u00e9k a magyar &#8211; szerb futballm\u00e9rk\u0151z\u00e9st. K\u00f6zvet\u00edteni nem fogjuk, hiszen koncertek lesznek, de a dalok sz\u00fcneteiben bemondjuk a g\u00f3lokat&#8221; &#8211; tette hozz\u00e1 Luk\u00e1csi Krisztina.<\/p>\n<figure id=\"attachment_77429\" aria-describedby=\"caption-attachment-77429\" style=\"width: 1024px\" class=\"wp-caption aligncenter\"><img decoding=\"async\" class=\"wp-image-77429 size-large\" src=\"https:\/\/erdmost.hu\/wp-content\/uploads\/2023\/09\/1695639656035-1024x768.jpg\" alt=\"\" width=\"1024\" height=\"768\" srcset=\"https:\/\/erdmost.hu\/wp-content\/uploads\/2023\/09\/1695639656035-1024x768.jpg 1024w, https:\/\/erdmost.hu\/wp-content\/uploads\/2023\/09\/1695639656035-768x576.jpg 768w, https:\/\/erdmost.hu\/wp-content\/uploads\/2023\/09\/1695639656035-300x225.jpg 300w, https:\/\/erdmost.hu\/wp-content\/uploads\/2023\/09\/1695639656035-747x560.jpg 747w\" sizes=\"(max-width: 1024px) 100vw, 1024px\" \/><figcaption id=\"caption-attachment-77429\" class=\"wp-caption-text\"><em>Fot\u00f3nk illusztr\u00e1ci\u00f3<\/em><\/figcaption><\/figure>\n<p>Az I. \u00c9rdi S\u00f6r- \u00e9s Gasztrofesztiv\u00e1l k\u00fcl\u00f6nlegess\u00e9ge, hogy a kedvelt magyar kis\u00fczemi, valamint a cseh s\u00f6rf\u0151zd\u00e9k nagy sz\u00e1mban sorakoznak fel. Mint azt Krisztina elmondta, viszonylag ritka az a fesztiv\u00e1l, ahol ilyen sok sz\u00ednvonalas s\u00f6rf\u0151zde van jelen.<\/p>\n<p>\u00c9lvezz\u00fck h\u00e1t ki a finom s\u00f6r\u00f6ket, harapnival\u00f3kat, \u00e9s b\u00facs\u00faztassuk a v\u00e9nasszonyok nyar\u00e1t egy kellemes \u00e9rdi mulats\u00e1ggal.<\/p>\n<p>&nbsp;<\/p>","protected":false},"excerpt":{"rendered":"<p>A n\u00e9pszer\u0171 parkv\u00e1rosi s\u00f6rpiknik nagytestv\u00e9re igazi csemeg\u00e9ket k\u00edn\u00e1l a s\u00f6rkedvel\u0151knek, de a borosokra is gondolnak a szervez\u0151k.<\/p>","protected":false},"author":5,"featured_media":78662,"comment_status":"closed","ping_status":"closed","sticky":false,"template":"","format":"standard","meta":{"_acf_changed":false,"_seopress_robots_primary_cat":"none","_seopress_titles_title":"","_seopress_titles_desc":"","_seopress_robots_index":"","site-sidebar-layout":"default","site-content-layout":"default","ast-site-content-layout":"default","site-content-style":"default","site-sidebar-style":"default","ast-global-header-display":"","ast-banner-title-visibility":"","ast-main-header-display":"","ast-hfb-above-header-display":"","ast-hfb-below-header-display":"","ast-hfb-mobile-header-display":"","site-post-title":"","ast-breadcrumbs-content":"","ast-featured-img":"","footer-sml-layout":"","ast-disable-related-posts":"","theme-transparent-header-meta":"default","adv-header-id-meta":"","stick-header-meta":"","header-above-stick-meta":"","header-main-stick-meta":"","header-below-stick-meta":"","astra-migrate-meta-layouts":"default","ast-page-background-enabled":"default","ast-page-background-meta":{"desktop":{"background-color":"","background-image":"","background-repeat":"repeat","background-position":"center center","background-size":"auto","background-attachment":"scroll","background-type":"","background-media":"","overlay-type":"","overlay-color":"","overlay-opacity":"","overlay-gradient":""},"tablet":{"background-color":"","background-image":"","background-repeat":"repeat","background-position":"center center","background-size":"auto","background-attachment":"scroll","background-type":"","background-media":"","overlay-type":"","overlay-color":"","overlay-opacity":"","overlay-gradient":""},"mobile":{"background-color":"","background-image":"","background-repeat":"repeat","background-position":"center center","background-size":"auto","background-attachment":"scroll","background-type":"","background-media":"","overlay-type":"","overlay-color":"","overlay-opacity":"","overlay-gradient":""}},"ast-content-background-meta":{"desktop":{"background-color":"var(--ast-global-color-5)","background-image":"","background-repeat":"repeat","background-position":"center center","background-size":"auto","background-attachment":"scroll","background-type":"","background-media":"","overlay-type":"","overlay-color":"","overlay-opacity":"","overlay-gradient":""},"tablet":{"background-color":"var(--ast-global-color-5)","background-image":"","background-repeat":"repeat","background-position":"center center","background-size":"auto","background-attachment":"scroll","background-type":"","background-media":"","overlay-type":"","overlay-color":"","overlay-opacity":"","overlay-gradient":""},"mobile":{"background-color":"var(--ast-global-color-5)","background-image":"","background-repeat":"repeat","background-position":"center center","background-size":"auto","background-attachment":"scroll","background-type":"","background-media":"","overlay-type":"","overlay-color":"","overlay-opacity":"","overlay-gradient":""}},"footnotes":""},"categories":[1,463,461,462,460],"cikk_cimkek":[3648,7],"content_flags":[],"content_icons":[],"class_list":["post-78625","post","type-post","status-publish","format-standard","has-post-thumbnail","hentry","category-erdmost","category-fontos","category-jobbfent","category-kiemelt","category-top","cikk_cimkek-i-erdi-sor-es-gasztrofesztival","cikk_cimkek-szorakozas"],"acf":[],"_links":{"self":[{"href":"https:\/\/erdmost.hu\/en\/wp-json\/wp\/v2\/posts\/78625","targetHints":{"allow":["GET"]}}],"collection":[{"href":"https:\/\/erdmost.hu\/en\/wp-json\/wp\/v2\/posts"}],"about":[{"href":"https:\/\/erdmost.hu\/en\/wp-json\/wp\/v2\/types\/post"}],"author":[{"embeddable":true,"href":"https:\/\/erdmost.hu\/en\/wp-json\/wp\/v2\/users\/5"}],"replies":[{"embeddable":true,"href":"https:\/\/erdmost.hu\/en\/wp-json\/wp\/v2\/comments?post=78625"}],"version-history":[{"count":5,"href":"https:\/\/erdmost.hu\/en\/wp-json\/wp\/v2\/posts\/78625\/revisions"}],"predecessor-version":[{"id":79130,"href":"https:\/\/erdmost.hu\/en\/wp-json\/wp\/v2\/posts\/78625\/revisions\/79130"}],"wp:featuredmedia":[{"embeddable":true,"href":"https:\/\/erdmost.hu\/en\/wp-json\/wp\/v2\/media\/78662"}],"wp:attachment":[{"href":"https:\/\/erdmost.hu\/en\/wp-json\/wp\/v2\/media?parent=78625"}],"wp:term":[{"taxonomy":"category","embeddable":true,"href":"https:\/\/erdmost.hu\/en\/wp-json\/wp\/v2\/categories?post=78625"},{"taxonomy":"cikk_cimkek","embeddable":true,"href":"https:\/\/erdmost.hu\/en\/wp-json\/wp\/v2\/cikk_cimkek?post=78625"},{"taxonomy":"content_flags","embeddable":true,"href":"https:\/\/erdmost.hu\/en\/wp-json\/wp\/v2\/content_flags?post=78625"},{"taxonomy":"content_icons","embeddable":true,"href":"https:\/\/erdmost.hu\/en\/wp-json\/wp\/v2\/content_icons?post=78625"}],"curies":[{"name":"wp","href":"https:\/\/api.w.org\/{rel}","templated":true}]}}