{"id":7408,"date":"2020-05-05T11:06:15","date_gmt":"2020-05-05T11:06:15","guid":{"rendered":"https:\/\/wp.erdmost.hu\/2020\/05\/05\/negyszer-nagyobb-az-uj-parkvarosi-viztorony\/"},"modified":"2020-05-05T11:06:15","modified_gmt":"2020-05-05T11:06:15","slug":"negyszer-nagyobb-az-uj-parkvarosi-viztorony","status":"publish","type":"post","link":"https:\/\/erdmost.hu\/en\/2020\/05\/05\/negyszer-nagyobb-az-uj-parkvarosi-viztorony\/","title":{"rendered":"N\u00e9gyszer nagyobb az \u00faj parkv\u00e1rosi v\u00edztorony"},"content":{"rendered":"<p><iframe width=\"560\" height=\"315\" src=\"https:\/\/www.youtube.com\/embed\/jwYMNlKxyLE\"  frameborder=\"0\" allow=\"accelerometer; autoplay; clipboard-write; encrypted-media; gyroscope; picture-in-picture\" allowfullscreen><\/iframe><\/p>\n<p>&#8222;D\u00f6nteni kellett a r\u00e9gi v\u00edztorony sors\u00e1r\u00f3l, hogy mi is legyen vele, mert nem volt egy\u00e9rtelm\u0171 a szerz\u0151d\u00e9s alapj\u00e1n, hogy a v\u00e1llalkoz\u00f3nak k\u00f6teless\u00e9ge-e elvinni saj\u00e1t k\u00f6lts\u00e9g\u00e9re, vagy nek\u00fcnk kell megtartanunk. V\u00e9g\u00fcl az a d\u00f6nt\u00e9s sz\u00fcletett egy kedvez\u0151 megkeres\u00e9s folyt\u00e1n, hogy D\u00e9legyh\u00e1za \u00f6nkorm\u00e1nyzata veszi \u00e1t \u00e9s r\u00e1ad\u00e1sul m\u00e9g p\u00e9nzt is kapunk \u00e9rte\u201d \u2013 v\u00e1gott a projekt k\u00f6zep\u00e9be a v\u00edztorony bej\u00e1r\u00e1sa sor\u00e1n Cs\u0151zik L\u00e1szl\u00f3.<\/p>\n<p>A polg\u00e1rmester eml\u00e9keztetett, Parkv\u00e1rosban t\u00f6bb \u00e9vtizedes probl\u00e9ma volt a nem megfelel\u0151 v\u00edznyom\u00e1s.<\/p>\n<blockquote>\n<p>\u201eHuszon\u00e9vesen, alpolg\u00e1rmesterk\u00e9nt eml\u00e9kszem a borzaszt\u00f3 v\u00edzhi\u00e1nyok id\u0151szak\u00e1ra, amikor eg\u00e9sz Parkv\u00e1rosban h\u00f6r\u00f6gtek a csapok, zuhanyozni csak a hajnali \u00f3r\u00e1kban lehetett nyaranta\u201d<\/p>\n<\/blockquote>\n<p>\u2013 mondta, kit\u00e9rve arra, hogy az akkori id\u0151szakban a gerincvezet\u00e9k lefektet\u00e9s\u00e9vel siker\u00fclt ezt enyh\u00edteni, de a r\u00e9gi 50 k\u00f6bm\u00e9teres v\u00edztorony kapacit\u00e1sa eleny\u00e9sz\u0151en kicsi&nbsp;a lakoss\u00e1gi ig\u00e9nyek kiel\u00e9g\u00edt\u00e9s\u00e9hez.<\/p>\n<p>A v\u00e1rosvezet\u0151 kit\u00e9rt r\u00e1, az \u00faj, n\u00e9gyszer nagyobb, 200 k\u00f6bm\u00e9teres t\u00e9rfogat\u00fa, 41 m\u00e9ter magas v\u00edztorony nem csak a lakoss\u00e1got szolg\u00e1lja ki, hiszen a nem eg\u00e9sz 400 milli\u00f3 forint \u00e9rt\u00e9k\u0171 projekt r\u00e9szek\u00e9nt a v\u00edztorony k\u00f6zvetlen kapcsolatban lesz a j\u00f6v\u0151re \u00e1tadand\u00f3 Fenyves-Parkv\u00e1rosi K\u00f6znevel\u00e9si Centrummal \u00e9s a hozz\u00e1 tartoz\u00f3 l\u00e9tes\u00edtm\u00e9nyekkel, \u00edgy p\u00e9ld\u00e1ul az uszod\u00e1val is.<\/p>\n<p>Cs\u0151zik L\u00e1szl\u00f3 a parkv\u00e1rosi fejleszt\u00e9sekkel kapcsolatban elmondta, a napokban der\u00fcl ki, nyert-e a v\u00e1ros azon a p\u00e1ly\u00e1zaton, mellyel l\u00e9trej\u00f6het a v\u00e1rosr\u00e9sz els\u0151 igazi parkja. \u201eMindig mondtuk, hogy ennek a v\u00e1rosr\u00e9sznek a nev\u00e9ben ott szerepel a park sz\u00f3, de val\u00f3j\u00e1ban nincs benne egy sz\u00e1l, igaz\u00e1n \u00e9rtelmezhet\u0151 park sem. &nbsp;Az Akt\u00edv Magyarorsz\u00e1g\u00e9rt felel\u0151s korm\u00e1nybiztoss\u00e1g p\u00e1ly\u00e1zat\u00e1n indultunk a m\u00falt h\u00e9ten, melynek hamarosan kider\u00fcl a sorsa.\u201d<\/p>\n<p>\u201eAzt\u00e1n itt van a b\u0151 k\u00e9t \u00e9vtizedes probl\u00e9m\u00e1t jelent\u0151 L\u0151t\u00e9r-projekt, amit a lakosok nem szerettek, ugyanakkor a v\u00edztorony mellett fekv\u0151 ter\u00fcleten m\u00e9gis ott van egy p\u00e1ratlan term\u00e9szeti sz\u00e9ps\u00e9gekkel rendelkez\u0151 ter\u00fclet, aminek a jogi hovatartoz\u00e1sa \u00e9s j\u00f6v\u0151beli funkci\u00f3ja rendezetlen ma. Szeretn\u00e9k ut\u00e1naj\u00e1rni ennek a dolognak, szeretn\u00e9m, ha<\/p>\n<blockquote>\n<p>egy megold\u00e1sra v\u00e1r\u00f3 projektk\u00e9nt szabadid\u0151park vagy term\u00e9szeti \u00e9rt\u00e9keket bemutat\u00f3 tan\u00f6sv\u00e9ny, m\u00e1s l\u00e1tv\u00e1nyoss\u00e1g \u00e9p\u00fclhetne,<\/p>\n<\/blockquote>\n<p>ami nem azzal j\u00e1r, hogy n\u00f6velj\u00fck a lakoss\u00e1got, hanem vonz\u00f3bb\u00e1, \u00e9lhet\u0151bb\u00e9 tessz\u00fck ezt a k\u00f6rnyezetet \u00e9s behozunk egy sor olyan funkci\u00f3t, amely hi\u00e1nyzik ebb\u0151l a v\u00e1rosr\u00e9szb\u0151l\u201d \u2013 f\u0171zte hozz\u00e1 Cs\u0151zik L\u00e1szl\u00f3.<\/p>","protected":false},"excerpt":{"rendered":"<p>Az eddigi 50 k\u00f6bm\u00e9teres v\u00edzt\u00e1roz\u00f3 hely\u00e9t egy n\u00e9gyszer nagyobb t\u00e9rfogat\u00fa vette \u00e1t az elm\u00falt hetekben a fels\u0151-parkv\u00e1rosi Fon\u00f3 utc\u00e1ban. A Modern V\u00e1rosok Program r\u00e9szek\u00e9nt l\u00e9trej\u00f6tt beruh\u00e1z\u00e1ssal \u00e9vtizedes probl\u00e9m\u00e1t oldottak meg, mik\u00f6zben az eddigi hidrogl\u00f3busz m\u00e1s telep\u00fcl\u00e9sen \u00e1ll szolg\u00e1latba.<\/p>","protected":false},"author":8,"featured_media":0,"comment_status":"","ping_status":"","sticky":false,"template":"","format":"standard","meta":{"_acf_changed":false,"_seopress_robots_primary_cat":"","_seopress_titles_title":"","_seopress_titles_desc":"","_seopress_robots_index":"","site-sidebar-layout":"default","site-content-layout":"","ast-site-content-layout":"default","site-content-style":"default","site-sidebar-style":"default","ast-global-header-display":"","ast-banner-title-visibility":"","ast-main-header-display":"","ast-hfb-above-header-display":"","ast-hfb-below-header-display":"","ast-hfb-mobile-header-display":"","site-post-title":"","ast-breadcrumbs-content":"","ast-featured-img":"","footer-sml-layout":"","ast-disable-related-posts":"","theme-transparent-header-meta":"","adv-header-id-meta":"","stick-header-meta":"","header-above-stick-meta":"","header-main-stick-meta":"","header-below-stick-meta":"","astra-migrate-meta-layouts":"default","ast-page-background-enabled":"default","ast-page-background-meta":{"desktop":{"background-color":"","background-image":"","background-repeat":"repeat","background-position":"center center","background-size":"auto","background-attachment":"scroll","background-type":"","background-media":"","overlay-type":"","overlay-color":"","overlay-opacity":"","overlay-gradient":""},"tablet":{"background-color":"","background-image":"","background-repeat":"repeat","background-position":"center center","background-size":"auto","background-attachment":"scroll","background-type":"","background-media":"","overlay-type":"","overlay-color":"","overlay-opacity":"","overlay-gradient":""},"mobile":{"background-color":"","background-image":"","background-repeat":"repeat","background-position":"center center","background-size":"auto","background-attachment":"scroll","background-type":"","background-media":"","overlay-type":"","overlay-color":"","overlay-opacity":"","overlay-gradient":""}},"ast-content-background-meta":{"desktop":{"background-color":"var(--ast-global-color-5)","background-image":"","background-repeat":"repeat","background-position":"center center","background-size":"auto","background-attachment":"scroll","background-type":"","background-media":"","overlay-type":"","overlay-color":"","overlay-opacity":"","overlay-gradient":""},"tablet":{"background-color":"var(--ast-global-color-5)","background-image":"","background-repeat":"repeat","background-position":"center center","background-size":"auto","background-attachment":"scroll","background-type":"","background-media":"","overlay-type":"","overlay-color":"","overlay-opacity":"","overlay-gradient":""},"mobile":{"background-color":"var(--ast-global-color-5)","background-image":"","background-repeat":"repeat","background-position":"center center","background-size":"auto","background-attachment":"scroll","background-type":"","background-media":"","overlay-type":"","overlay-color":"","overlay-opacity":"","overlay-gradient":""}},"footnotes":""},"categories":[1],"cikk_cimkek":[15,25],"content_flags":[349],"content_icons":[354],"class_list":["post-7408","post","type-post","status-publish","format-standard","hentry","category-erdmost","cikk_cimkek-kozelet","cikk_cimkek-mindennapok","content_flags-fontos","content_icons-video"],"acf":[],"_links":{"self":[{"href":"https:\/\/erdmost.hu\/en\/wp-json\/wp\/v2\/posts\/7408","targetHints":{"allow":["GET"]}}],"collection":[{"href":"https:\/\/erdmost.hu\/en\/wp-json\/wp\/v2\/posts"}],"about":[{"href":"https:\/\/erdmost.hu\/en\/wp-json\/wp\/v2\/types\/post"}],"author":[{"embeddable":true,"href":"https:\/\/erdmost.hu\/en\/wp-json\/wp\/v2\/users\/8"}],"replies":[{"embeddable":true,"href":"https:\/\/erdmost.hu\/en\/wp-json\/wp\/v2\/comments?post=7408"}],"version-history":[{"count":0,"href":"https:\/\/erdmost.hu\/en\/wp-json\/wp\/v2\/posts\/7408\/revisions"}],"wp:attachment":[{"href":"https:\/\/erdmost.hu\/en\/wp-json\/wp\/v2\/media?parent=7408"}],"wp:term":[{"taxonomy":"category","embeddable":true,"href":"https:\/\/erdmost.hu\/en\/wp-json\/wp\/v2\/categories?post=7408"},{"taxonomy":"cikk_cimkek","embeddable":true,"href":"https:\/\/erdmost.hu\/en\/wp-json\/wp\/v2\/cikk_cimkek?post=7408"},{"taxonomy":"content_flags","embeddable":true,"href":"https:\/\/erdmost.hu\/en\/wp-json\/wp\/v2\/content_flags?post=7408"},{"taxonomy":"content_icons","embeddable":true,"href":"https:\/\/erdmost.hu\/en\/wp-json\/wp\/v2\/content_icons?post=7408"}],"curies":[{"name":"wp","href":"https:\/\/api.w.org\/{rel}","templated":true}]}}