{"id":70926,"date":"2023-06-30T18:13:29","date_gmt":"2023-06-30T16:13:29","guid":{"rendered":"https:\/\/erdmost.hu\/?p=70926"},"modified":"2024-02-06T17:43:02","modified_gmt":"2024-02-06T16:43:02","slug":"gasztroenterologust-nogyogyaszt-diabetologust-ma-felvennek-ha-lenne","status":"publish","type":"post","link":"https:\/\/erdmost.hu\/en\/2023\/06\/30\/gasztroenterologust-nogyogyaszt-diabetologust-ma-felvennek-ha-lenne\/","title":{"rendered":"Gasztroenterol\u00f3gust, n\u0151gy\u00f3gy\u00e1szt, diabetol\u00f3gust ma felvenn\u00e9nek, ha lenne"},"content":{"rendered":"<p>J\u00falius elseje, mint a magyar eg\u00e9szs\u00e9g\u00fcgy napja 1992 \u00f3ta \u00fcnnep Magyarorsz\u00e1gon. 2011-t\u0151l pedig m\u00e1r munkasz\u00fcneti napnak is sz\u00e1m\u00edt az eg\u00e9szs\u00e9g\u00fcgyi dolgoz\u00f3k sz\u00e1m\u00e1ra.<\/p>\n<p>B\u00e1r\u00e1ny Zsolt, a Dr. Romics L\u00e1szl\u00f3 Eg\u00e9szs\u00e9g\u00fcgyi Int\u00e9zm\u00e9ny f\u0151igazgat\u00f3ja az \u00c9rdMost k\u00e9rd\u00e9s\u00e9re \u00fagy fogalmazott, noha lehet, volt id\u0151, amikor ezen a napon csak \u00fagy rutinszer\u0171en k\u00f6sz\u00f6nt\u00f6tt\u00e9k az orvosokat, \u00e1pol\u00f3kat. Azonban az elm\u00falt esztend\u0151k neh\u00e9zs\u00e9gei, mint p\u00e9ld\u00e1ul a koronav\u00edrus-j\u00e1rv\u00e1ny, az energia\u00e1r robban\u00e1sa vagy \u00e9pp az eg\u00e9szs\u00e9g\u00fcgyi szolg\u00e1lati jogviszony \u00fcgye mind-mind komoly kitart\u00e1st ig\u00e9nyelt az \u00e1gazatban dolgoz\u00f3k r\u00e9sz\u00e9r\u0151l.<\/p>\n<blockquote><p>&#8222;Ez\u00e9rt egy\u00e1ltal\u00e1n nem k\u00f6zhely, hogy most megk\u00f6sz\u00f6nj\u00fck a koll\u00e9g\u00e1k er\u0151fesz\u00edt\u00e9seit.&#8221;<\/p><\/blockquote>\n<p>A sz\u00f3beli elismer\u00e9seken t\u00fal, a helyi Semmelweis-nap r\u00e9gi hagyom\u00e1nya, hogy vir\u00e1ggal \u00e9s oklev\u00e9llel k\u00f6sz\u00f6ntik a t\u00f6rzsg\u00e1rda tagokat, vagyis azokat, akik m\u00e1r legal\u00e1bb 5 \u00e9ve Romicsban dolgoznak.<\/p>\n<p><img fetchpriority=\"high\" decoding=\"async\" class=\"aligncenter size-large wp-image-70946\" src=\"https:\/\/erdmost.hu\/wp-content\/uploads\/2023\/06\/ALX8937-1024x683.jpg\" alt=\"\" width=\"1024\" height=\"683\" srcset=\"https:\/\/erdmost.hu\/wp-content\/uploads\/2023\/06\/ALX8937-1024x683.jpg 1024w, https:\/\/erdmost.hu\/wp-content\/uploads\/2023\/06\/ALX8937-840x560.jpg 840w, https:\/\/erdmost.hu\/wp-content\/uploads\/2023\/06\/ALX8937-300x200.jpg 300w\" sizes=\"(max-width: 1024px) 100vw, 1024px\" \/><\/p>\n<p>&#8222;J\u00f3l es\u0151 \u00e9rz\u00e9s, hogy elismerik a munk\u00e1mat&#8221; &#8211; \u00e1rulta el Ferencz M\u00f3nika, az egyik kit\u00fcntetett.<\/p>\n<p>Az int\u00e9zm\u00e9nyvezet\u0151 f\u0151n\u0151v\u00e9r helyettes p\u00e9ld\u00e1ul m\u00e1r 15 \u00e9ve az \u00e9rdi szakrendel\u0151 munkat\u00e1rsa, ami nem v\u00e9letlen, hiszen szereti a hivat\u00e1s\u00e1t \u00e9s szeret a Romicsban dolgozni.<\/p>\n<blockquote><p>&#8222;Rengeteg sz\u00e9ps\u00e9ge van, sok pozit\u00edv dolgot kapsz t\u0151le. L\u00e1tod ha j\u00f3t tett\u00e9l valakivel, mert jobban \u00e9rzi mag\u00e1t. Amikor hazam\u00e9sz \u00e9s este visszagondolsz r\u00e1, akkor \u00f6r\u00f6mmel t\u00f6lt el, hogy tudt\u00e1l rajta seg\u00edteni.&#8221;<\/p><\/blockquote>\n<p>&#8211; fogalmazott.<\/p>\n<p>Ennek ellen\u00e9re a probl\u00e9m\u00e1kat is \u00e9rz\u00e9keli, \u00e9s legink\u00e1bb az ut\u00e1np\u00f3tl\u00e1s hi\u00e1ny\u00e1t\u00f3l tart.<\/p>\n<p><img decoding=\"async\" class=\"aligncenter size-large wp-image-70947\" src=\"https:\/\/erdmost.hu\/wp-content\/uploads\/2023\/06\/ALX8914-1024x683.jpg\" alt=\"\" width=\"1024\" height=\"683\" srcset=\"https:\/\/erdmost.hu\/wp-content\/uploads\/2023\/06\/ALX8914-1024x683.jpg 1024w, https:\/\/erdmost.hu\/wp-content\/uploads\/2023\/06\/ALX8914-840x560.jpg 840w, https:\/\/erdmost.hu\/wp-content\/uploads\/2023\/06\/ALX8914-300x200.jpg 300w\" sizes=\"(max-width: 1024px) 100vw, 1024px\" \/><\/p>\n<p>A f\u0151igazgat\u00f3 szerint egy\u00e9rtelm\u0171, hogy a k\u00f6zeg\u00e9szs\u00e9g\u00fcgy alulfinansz\u00edrozott, ami l\u00e1tszik a k\u00f3rh\u00e1zak ad\u00f3ss\u00e1g\u00e1llom\u00e1ny\u00e1nak &#8222;rak\u00e9ta jelleg\u0171 n\u00f6veked\u00e9s\u00e9b\u0151l&#8221;. \u00c9s ez nyilv\u00e1n a j\u00e1r\u00f3beteg szakell\u00e1t\u00f3kat is \u00e9rinti, az \u0151 lehet\u0151s\u00e9geik is cs\u00f6kkenek.<\/p>\n<p>M\u00e1sr\u00e9szt, orvoshi\u00e1ny van. B\u00e1r\u00e1ny Zsolt felid\u00e9zte a Orsz\u00e1gos K\u00f3rh\u00e1zi F\u0151igazgat\u00f3s\u00e1g f\u0151igazgat\u00f3-helyettes\u00e9nek <a href=\"https:\/\/nepszava.hu\/3199863_orvoshiany-okfo-egeszsegugy-magyarorszag\">n\u00e9h\u00e1ny nappal ezel\u0151tti kijelent\u00e9s\u00e9t<\/a>, miszerint a jelenlegi k\u00f6zell\u00e1t\u00e1s fenntart\u00e1s\u00e1hoz ak\u00e1r elegend\u0151 is lehetne a haz\u00e1nkban nyilv\u00e1ntartott 39 ezer orvos, de csak \u00fagy, ha valamennyien teljes munkaidej\u00fckben, azaz 8 \u00f3r\u00e1ban az \u00e1llami int\u00e9zm\u00e9nyekben gy\u00f3gy\u00edtan\u00e1nak.<\/p>\n<p>Hangs\u00falyozta, ez \u00c9rden is gond. Hiszen amilyen j\u00f3l \u00e1ll a Romics a m\u0171szaki felszerelts\u00e9g, olyannyira neh\u00e9z a helyzet az \u00e1llom\u00e1ny tekintet\u00e9ben.<\/p>\n<blockquote><p>&#8222;J\u00f3 n\u00e9h\u00e1ny gasztroenterol\u00f3gust, n\u0151gy\u00f3gy\u00e1szt vagy diabetol\u00f3gust azonnal fel tudn\u00e1nk venni, ha lenne. De nincs!&#8221;<\/p><\/blockquote>\n<p><img decoding=\"async\" class=\"aligncenter size-large wp-image-70948\" src=\"https:\/\/erdmost.hu\/wp-content\/uploads\/2023\/06\/ALX8870-1024x683.jpg\" alt=\"\" width=\"1024\" height=\"683\" srcset=\"https:\/\/erdmost.hu\/wp-content\/uploads\/2023\/06\/ALX8870-1024x683.jpg 1024w, https:\/\/erdmost.hu\/wp-content\/uploads\/2023\/06\/ALX8870-840x560.jpg 840w, https:\/\/erdmost.hu\/wp-content\/uploads\/2023\/06\/ALX8870-300x200.jpg 300w\" sizes=\"(max-width: 1024px) 100vw, 1024px\" \/><\/p>\n<p>B\u00e1r\u00e1ny Zsolt kiemelte, am\u00edg a szakdolgoz\u00f3k l\u00e9tsz\u00e1ma \u00e9s \u00e9letkora rendben van, addig a szakorvosok t\u00f6bb ter\u00fcleten is hi\u00e1nyoznak. R\u00e1ad\u00e1sul sok a nyugd\u00edjas, illetve a 60 \u00e9v feletti k\u00f6zt\u00fck. Vagyis az egy \u00fajabb kih\u00edv\u00e1s lesz, amikor nyug\u00e1llom\u00e1nyba vonulnak.<\/p>\n<p>Ugyanakkor a f\u0151igazgat\u00f3 pozit\u00edvumk\u00e9nt eml\u00edtette, hogy j\u00faliust\u00f3l 18 sz\u00e1zal\u00e9kkal n\u0151 <a href=\"https:\/\/24.hu\/fn\/gazdasag\/2023\/05\/16\/eldolt-juliustol-18-szazalekkal-no-az-egeszsegugyi-szakdolgozok-bere\/\">az eg\u00e9szs\u00e9g\u00fcgyi szakdolgoz\u00f3k b\u00e9re<\/a>. \u00c9s \u00fagy v\u00e9li, az is megnyugv\u00e1ssal t\u00f6ltheti el a Romicsban dolgoz\u00f3kat, hogy nemr\u00e9giben kider\u00fclt, nem \u00e1llamos\u00edtj\u00e1k az int\u00e9zm\u00e9nyt. J\u00f3llehet B\u00e1r\u00e1ny z\u00e1r\u00f3jelben hozz\u00e1f\u0171zte: egyel\u0151re.<\/p>","protected":false},"excerpt":{"rendered":"<p>A neh\u00e9zs\u00e9gek ellen\u00e9re az eg\u00e9szs\u00e9g\u00fcgyi dolgoz\u00f3k tov\u00e1bbra is kitartanak, hangzott el az \u00e9rdi Semmelweis-napi \u00fcnneps\u00e9gen.<\/p>","protected":false},"author":42,"featured_media":70943,"comment_status":"closed","ping_status":"closed","sticky":false,"template":"","format":"standard","meta":{"_acf_changed":false,"_seopress_robots_primary_cat":"none","_seopress_titles_title":"","_seopress_titles_desc":"","_seopress_robots_index":"","site-sidebar-layout":"default","site-content-layout":"default","ast-site-content-layout":"default","site-content-style":"default","site-sidebar-style":"default","ast-global-header-display":"","ast-banner-title-visibility":"","ast-main-header-display":"","ast-hfb-above-header-display":"","ast-hfb-below-header-display":"","ast-hfb-mobile-header-display":"","site-post-title":"","ast-breadcrumbs-content":"","ast-featured-img":"","footer-sml-layout":"","ast-disable-related-posts":"","theme-transparent-header-meta":"default","adv-header-id-meta":"","stick-header-meta":"","header-above-stick-meta":"","header-main-stick-meta":"","header-below-stick-meta":"","astra-migrate-meta-layouts":"default","ast-page-background-enabled":"default","ast-page-background-meta":{"desktop":{"background-color":"","background-image":"","background-repeat":"repeat","background-position":"center center","background-size":"auto","background-attachment":"scroll","background-type":"","background-media":"","overlay-type":"","overlay-color":"","overlay-opacity":"","overlay-gradient":""},"tablet":{"background-color":"","background-image":"","background-repeat":"repeat","background-position":"center center","background-size":"auto","background-attachment":"scroll","background-type":"","background-media":"","overlay-type":"","overlay-color":"","overlay-opacity":"","overlay-gradient":""},"mobile":{"background-color":"","background-image":"","background-repeat":"repeat","background-position":"center center","background-size":"auto","background-attachment":"scroll","background-type":"","background-media":"","overlay-type":"","overlay-color":"","overlay-opacity":"","overlay-gradient":""}},"ast-content-background-meta":{"desktop":{"background-color":"var(--ast-global-color-5)","background-image":"","background-repeat":"repeat","background-position":"center center","background-size":"auto","background-attachment":"scroll","background-type":"","background-media":"","overlay-type":"","overlay-color":"","overlay-opacity":"","overlay-gradient":""},"tablet":{"background-color":"var(--ast-global-color-5)","background-image":"","background-repeat":"repeat","background-position":"center center","background-size":"auto","background-attachment":"scroll","background-type":"","background-media":"","overlay-type":"","overlay-color":"","overlay-opacity":"","overlay-gradient":""},"mobile":{"background-color":"var(--ast-global-color-5)","background-image":"","background-repeat":"repeat","background-position":"center center","background-size":"auto","background-attachment":"scroll","background-type":"","background-media":"","overlay-type":"","overlay-color":"","overlay-opacity":"","overlay-gradient":""}},"footnotes":""},"categories":[1,463,461,462,460],"cikk_cimkek":[1854,117,3121,3120],"content_flags":[],"content_icons":[],"class_list":["post-70926","post","type-post","status-publish","format-standard","has-post-thumbnail","hentry","category-erdmost","category-fontos","category-jobbfent","category-kiemelt","category-top","cikk_cimkek-dr-romics-laszlo-egeszsegugyi-intezmeny","cikk_cimkek-egeszsegugy","cikk_cimkek-orvoshiany","cikk_cimkek-semmelweis-nap"],"acf":[],"_links":{"self":[{"href":"https:\/\/erdmost.hu\/en\/wp-json\/wp\/v2\/posts\/70926","targetHints":{"allow":["GET"]}}],"collection":[{"href":"https:\/\/erdmost.hu\/en\/wp-json\/wp\/v2\/posts"}],"about":[{"href":"https:\/\/erdmost.hu\/en\/wp-json\/wp\/v2\/types\/post"}],"author":[{"embeddable":true,"href":"https:\/\/erdmost.hu\/en\/wp-json\/wp\/v2\/users\/42"}],"replies":[{"embeddable":true,"href":"https:\/\/erdmost.hu\/en\/wp-json\/wp\/v2\/comments?post=70926"}],"version-history":[{"count":5,"href":"https:\/\/erdmost.hu\/en\/wp-json\/wp\/v2\/posts\/70926\/revisions"}],"predecessor-version":[{"id":74476,"href":"https:\/\/erdmost.hu\/en\/wp-json\/wp\/v2\/posts\/70926\/revisions\/74476"}],"wp:featuredmedia":[{"embeddable":true,"href":"https:\/\/erdmost.hu\/en\/wp-json\/wp\/v2\/media\/70943"}],"wp:attachment":[{"href":"https:\/\/erdmost.hu\/en\/wp-json\/wp\/v2\/media?parent=70926"}],"wp:term":[{"taxonomy":"category","embeddable":true,"href":"https:\/\/erdmost.hu\/en\/wp-json\/wp\/v2\/categories?post=70926"},{"taxonomy":"cikk_cimkek","embeddable":true,"href":"https:\/\/erdmost.hu\/en\/wp-json\/wp\/v2\/cikk_cimkek?post=70926"},{"taxonomy":"content_flags","embeddable":true,"href":"https:\/\/erdmost.hu\/en\/wp-json\/wp\/v2\/content_flags?post=70926"},{"taxonomy":"content_icons","embeddable":true,"href":"https:\/\/erdmost.hu\/en\/wp-json\/wp\/v2\/content_icons?post=70926"}],"curies":[{"name":"wp","href":"https:\/\/api.w.org\/{rel}","templated":true}]}}