{"id":6339,"date":"2020-02-22T10:10:20","date_gmt":"2020-02-22T10:10:20","guid":{"rendered":"https:\/\/wp.erdmost.hu\/2020\/02\/22\/gyerekek-fak-konyvek\/"},"modified":"2020-02-22T10:10:20","modified_gmt":"2020-02-22T10:10:20","slug":"gyerekek-fak-konyvek","status":"publish","type":"post","link":"https:\/\/erdmost.hu\/en\/2020\/02\/22\/gyerekek-fak-konyvek\/","title":{"rendered":"Gyerekek, f\u00e1k, k\u00f6nyvek"},"content":{"rendered":"<p><strong>H\u00fasz \u00e9v ut\u00e1n ism\u00e9t visszat\u00e9rt sz\u00fcl\u0151v\u00e1ros\u00e1ba, hogy B\u00f6jte Csaba alap\u00edtv\u00e1ny\u00e1nak nagyv\u00e1radi gyermekotthon\u00e1t vezesse. Bartos Csilla Korn\u00e9lia ma b\u00fcszke \u00e9s boldog, nyolcunok\u00e1s nagymama, aki \u00fajra \u00e9rdi otthon\u00e1ban \u00e9li b\u00e9k\u00e9s mindennapjait. \u00c9vekig koll\u00e9g\u00e1k voltunk, \u00edgy tegez\u0151dve besz\u00e9lgett\u00fcnk.<\/strong><\/p>\n<p><em>-K\u00f6zel h\u00e1rom \u00e9vtizede ismerlek, de nem tudtam, hogy \u00f6r\u00f6kbe fogadtak. Hogyan t\u00f6rt\u00e9nt?<\/em><\/p>\n<p>-A sz\u00fcl\u0151any\u00e1m a k\u00f3rh\u00e1zban \u201efelejtett\u201d, \u00e1rvah\u00e1zba ker\u00fcltem, majd m\u00e1sf\u00e9l \u00e9ves koromban \u00f6r\u00f6kbe fogadtak. Sz\u00e1momra \u0151k az \u00e9des sz\u00fcleim. Az \u00c9desap\u00e1m \u00e9s az \u00c9desany\u00e1m \u2013 sosem tudtam volna m\u00e1sk\u00e9nt sz\u00f3l\u00edtani \u0151ket, m\u00e9g gondolatban sem. Szeretetben, k\u00e9nyeztet\u00e9sben neveltek, mindent megkaptam, ami erej\u00fckb\u0151l tellett, tal\u00e1n azon fel\u00fcl is. Nekik nem lehetett gyermek\u00fck, s hosszas v\u00edv\u00f3d\u00e1s ut\u00e1n, 46 \u00e9ves korukban d\u00f6nt\u00f6ttek az \u00f6r\u00f6kbefogad\u00e1s mellett. Abban az id\u0151ben nem volt ez olyan term\u00e9szetes jelens\u00e9g, kicsit tabuk\u00e9nt is kezelt\u00e9k, nem sz\u00edvesen besz\u00e9ltek r\u00f3la.<\/p>\n<p><em>-M\u00e1r kicsi gyermekkorodban \u00fajs\u00e1g\u00edr\u00f3 szerett\u00e9l volna lenni, de hossz\u00fa \u00fat vezetett od\u00e1ig, hogy val\u00f3ra v\u00e1ljon az \u00e1lmod. Mi motiv\u00e1lt erre a p\u00e1ly\u00e1ra?<\/em><\/p>\n<p>-Volt egy keresztap\u00e1m, aki agyv\u00e9rz\u00e9s k\u00f6vetkezt\u00e9ben megb\u00e9nult \u00e9s h\u00e9t \u00e9vig \u00e1gyhoz, illetve fotelhez volt k\u00f6tve, \u00edgy b\u0151ven volt ideje velem foglalkozni. Amit magyar t\u00f6rt\u00e9nelemb\u0151l, irodalomb\u00f3l magamba sz\u00edvhattam, mind t\u0151le tanultam. K\u00edv\u00fclr\u0151l kellett f\u00fajnom a Nemzeti dalt, a Himnuszt. Rengeteg \u00e9rt\u00e9kes k\u00f6nyvet adott a kezembe, k\u00f6zt\u00fck indexen l\u00e9v\u0151 \u2013 betiltott \u2013 \u00edr\u00f3, k\u00f6lt\u0151 m\u0171veihez is hozz\u00e1f\u00e9rhettem, amelyeket az akkori rom\u00e1n rezsim nem engedett forgalmazni. Izgalmas olvasm\u00e1nyok voltak ezek, \u00e9s az is tetszett, hogy Keresztapa nem csak olvasott ember volt, de \u0151 maga is \u00edrogatott. Az \u00e9rdekl\u0151d\u00e9semre tekintettel, hetedikes koromt\u00f3l egy nagyv\u00e1radi \u00fajs\u00e1g\u00edr\u00f3n\u0151 kezdett el velem foglalkozni. A szomsz\u00e9ds\u00e1gunkban lakott, t\u0151le tanultam sok mindent, hisz eg\u00e9sz Rom\u00e1ni\u00e1ban nem volt magyar nyelv\u0171 \u00fajs\u00e1g\u00edr\u00f3 iskola. Nem besz\u00e9lve arr\u00f3l, hogy annak, aki \u00fajs\u00e1g\u00edr\u00f3k\u00e9nt szeretett volna elhelyezkedni, el\u0151bb be kellett l\u00e9pnie a kommunista p\u00e1rtba. Sem akkor, sem k\u00e9s\u0151bb soha, egyetlen p\u00e1rtnak sem k\u00edv\u00e1ntam tagja lenni, \u00edgy es\u00e9lyem sem volt a bukaresti \u2013 magunk k\u00f6z\u00f6tt csak \u201eGyuriPist\u00e1nak\u201d bec\u00e9zett \u2013 rom\u00e1n nyelv\u0171 egyetemre bejutni, ahol \u00fajs\u00e1g\u00edr\u00e1st is oktattak \u2013 rom\u00e1nul. Dolgoztam konzervgy\u00e1rban, varr\u00f3n\u0151 is voltam, meg cip\u0151gy\u00e1rban b\u00e9relsz\u00e1mol\u00f3 \u00e9s csak 1990-ben, a rendszerv\u00e1lt\u00f3 fordulattal \u2013 amikor nagy forradalmi h\u00e9vvel elfoglaltuk a szerkeszt\u0151s\u00e9get \u2013 kezd\u0151dhetett el az \u00fajs\u00e1g\u00edr\u00f3i p\u00e1lyafut\u00e1som. A Bihari Napl\u00f3 ut\u00e1n az Erd\u00e9lyi Napl\u00f3hoz ker\u00fcltem, amely napilapk\u00e9nt indult, azt\u00e1n hetilap lett, de f\u00e9nykor\u00e1ban 65 ezres p\u00e9ld\u00e1nysz\u00e1mban jelent meg.<\/p>\n<p><em>-1992-ben m\u00e1r Magyarorsz\u00e1gon folytattad. Fogtad a n\u00e9gy iskol\u00e1s l\u00e1nyodat \u00e9s nekiv\u00e1gt\u00e1l az ismeretlennek. Itt hogyan siker\u00fclt \u00fajs\u00e1g\u00edr\u00f3k\u00e9nt elhelyezkedned?<\/em><\/p>\n<p>-Szerencs\u00e9m volt, hogy azokra az \u00e9vekre m\u00e9g jellemz\u0151 volt, ami ma biztosan nem \u00edgy t\u00f6rt\u00e9nne! Csal\u00e1dfenntart\u00f3k\u00e9nt nyilv\u00e1n az volt az els\u0151 feladahttps:\/\/erdmost.hu\/wp-content\/uploads\/2021\/06\/business-blog-session-cover-img-03.jpg, hogy munk\u00e1t keressek. Halv\u00e1ny fogalmam sem volt arr\u00f3l, melyik \u00fajs\u00e1g, milyen p\u00e1rthoz k\u00f6thet\u0151. Megvettem az \u00f6sszes napi- \u00e9s hetilapot \u00e9s amelyik a legjobban tetszett, felkerestem a szerkeszt\u0151s\u00e9g\u00e9t. A Magyar H\u00edrlapra esett a v\u00e1laszt\u00e1som. N\u00e9meth P\u00e9ter volt akkor a f\u0151szerkeszt\u0151je. Akkoriban nem kellett el\u0151re bejelentkezni, id\u0151pontot k\u00e9rni, egyszer\u0171en bementem a titk\u00e1rs\u00e1gra, k\u00f6z\u00f6ltem mi j\u00e1ratban vagyok, s m\u00e1r mutatt\u00e1k is, melyik ajt\u00f3n kopogjak be. Elmondtam, ki vagyok, honnan \u00e9rkeztem, hogy n\u00e9gy gyermekem van, \u00e9s itt szeretn\u00e9k dolgozni. J\u00f3t besz\u00e9lgett\u00fcnk \u00e9s v\u00e9g\u00fcl a f\u0151szerkeszt\u0151 megk\u00e9rdezte: Akkor holnap h\u00e1nyra j\u00f6n? \u2013 H\u00e1nyra kell? \u2013 k\u00e9rdeztem meglepetten \u2013 T\u00edzre v\u00e1rjuk! \u2013 \u00cdgy kezd\u0151d\u00f6tt, de sajnos m\u00e1sf\u00e9l h\u00f3nap ut\u00e1n kider\u00fclt, hogy nem tud st\u00e1tusba felvenni, nekem viszont l\u00e9tk\u00e9rd\u00e9s volt, hiszen rom\u00e1n \u00e1llampolg\u00e1rk\u00e9nt leteleped\u00e9si enged\u00e9lyre volt sz\u00fcks\u00e9gem a marad\u00e1shoz. Ahhoz pedig, hogy azt megkapjam, munkaviszonyt kellett igazolnom. Sebaj \u2013 mondta \u2013 felh\u00edvom Franka Tibort. \u0150 az Esti H\u00edrlapot vezette, jobboldali p\u00e1rt\u00e1ll\u00e1s\u00fa volt, m\u00edg N\u00e9meth P\u00e9ter k\u00f6ztudottan baloldali, m\u00e9gis \u00fagy h\u00edvta fel, mintha a vil\u00e1g legterm\u00e9szetesebb dolga lenne, hogy t\u0151le k\u00e9rjen sz\u00edvess\u00e9get. Itt van egy nagyv\u00e1radi h\u00f6lgy, n\u00e9gy gyermekkel, nagy sz\u00fcks\u00e9ge van munkaviszonyra. Nem tudn\u00e1d \u0151t elhelyezni a lapn\u00e1l? \u2013 K\u00fcldd csak hozz\u00e1m, megoldjuk! \u2013 hangzott a v\u00e1lasz. \u00c9s m\u00e1snapt\u00f3l dolgoztam\u2026<\/p>\n<p><em>-Hogy ker\u00fclt\u00e9l a f\u0151v\u00e1rosb\u00f3l \u00c9rdre, ahol v\u00e9g\u00fcl igazi otthonra lelt\u00e9l a gyermekeiddel?<\/em><\/p>\n<p>-Csepelen laktunk alb\u00e9rletben, amikor m\u00e1r a Pest Megyei H\u00edrlapn\u00e1l dolgoztam. Mindenki egy-egy r\u00e9gi\u00f3 esem\u00e9nyeit k\u00eds\u00e9rte figyelemmel. \u00c9rd akkoriban egy koll\u00e9g\u00e1\u00e9 volt, aki \u00e9pp megbetegedett, \u00edgy a f\u0151szerkeszt\u0151 engem k\u00fcld\u00f6tt ki, hogy egy esem\u00e9nyr\u0151l tud\u00f3s\u00edtsak. Harmat B\u00e9la polg\u00e1rmesternek tetszett, amit \u00edrtam, ez\u00e9rt megk\u00e9rte a lap f\u0151szerkeszt\u0151j\u00e9t, hogy \u00c9rdre ink\u00e1bb engem k\u00fcldj\u00f6n. K\u00e9s\u0151bb a polg\u00e1rmester arra is felk\u00e9rt, hogy szakmailag seg\u00edtsem az \u00c9rdi \u00dajs\u00e1g k\u00e9sz\u00edt\u00e9s\u00e9t, majd p\u00e1r \u00e9vig a szerkeszt\u00e9s\u00e9vel is megb\u00edzott. K\u00f6zben volt m\u00e1s munkahelyem is, hiszen egyed\u00fcl\u00e1ll\u00f3 anyak\u00e9nt tartottam el a csal\u00e1domat. El\u0151fordult, hogy h\u00e1rom \u00e1ll\u00e1som is volt egyszerre. K\u00e9s\u0151bb egy kiad\u00f3i bet\u00e9ti t\u00e1rsas\u00e1got alap\u00edtottam, ezen bel\u00fcl k\u00f6nyveket szerkesztettem, kiadv\u00e1nyokat lektor\u00e1ltam, s\u0151t saj\u00e1t \u00fajs\u00e1got is \u00edrtam, szerkesztettem. N\u00e9h\u00e1ny \u00e9v ut\u00e1n azonban moderniz\u00e1l\u00f3dott a k\u00f6nyvipar, egyre nehezebb helyzetbe ker\u00fcltek a kis kiad\u00f3k, nem volt gazdas\u00e1gos m\u0171k\u00f6dtetni, \u00edgy feladtuk a tev\u00e9kenys\u00e9get.<\/p>\n<p><em>-K\u00f6zben a K\u00f6rnyezetv\u00e9d\u0151 Egyes\u00fcletet is vezetted. Mikor kapcsol\u00f3dt\u00e1l be a munk\u00e1jukba?<\/em><\/p>\n<p>-Glavati Istv\u00e1n alap\u00edtotta, aki a V\u00e1rosv\u00e9d\u0151 Egyes\u00fcletet is l\u00e9trehozta. Alap\u00edt\u00f3tagja voltam, \u00e9s 2004-ben vettem \u00e1t a vezet\u00e9s\u00e9t. Egyet tudtunk: rengeteg a tenni val\u00f3 a v\u00e1rosban, kezdve a Fundoklia \u00e9s a Duna-part kitakar\u00edt\u00e1s\u00e1t\u00f3l a Beliczay-sziget tan\u00f6sv\u00e9ny\u00e9ig. Amikor belev\u00e1gtunk, nem csak a tags\u00e1g volt kev\u00e9s, de anyagi forr\u00e1sunk \u00e9s eszk\u00f6z\u00fcnk sem volt ahhoz, hogy megoldjuk az akkor m\u00e9g lehetetlennek t\u0171n\u0151 feladatokat. Kezdt\u00fck azzal, hogy h\u00e9tv\u00e9geken meghirdett\u00fck a Fundokli\u00e1ban, vagy a Duna-parton a szem\u00e9tszed\u00e9st. Kezdetben el\u0151fordult, hogy csak h\u00e1rman voltunk, de a rekord 265 \u00f6nk\u00e9ntes volt, igaz ez m\u00e1r a finisben t\u00f6rt\u00e9nt, amikor nagyon r\u00e1szerveztem a kamp\u00e1nyra. Minden \u00e9rdi iskol\u00e1ba, nyugd\u00edjas klubba, p\u00e1rtk\u00e9pviseletbe, int\u00e9zm\u00e9nybe szem\u00e9lyesen mentem el, hogy meggy\u0151zzem \u0151ket, sz\u00fcks\u00e9g\u00fcnk van az \u00f6nk\u00e9ntes seg\u00edts\u00e9gre. Ugyanakkor a p\u00e1ly\u00e1zat megval\u00f3s\u00edt\u00e1s\u00e1nak utols\u00f3 szakasz\u00e1ban rengeteg seg\u00edts\u00e9get kaptunk p\u00e9ld\u00e1ul a t\u0171zolt\u00f3kt\u00f3l, speci\u00e1lis ment\u0151s\u00f6kt\u0151l, akik cs\u00f6rl\u0151vel h\u00fazt\u00e1k fel a Fundokli\u00e1ba kidobott \u00f3ri\u00e1si, traktor- meg kamion gumikat. \u00c9n meg minden szem\u00e9tszed\u00e9ssel telt h\u00e9tv\u00e9g\u00e9t a rend\u0151rs\u00e9gen v\u00e9geztem \u2013 no, nem az\u00e9rt, mert bevittek \u2013, hanem, hogy leadjam az \u00f6sszegy\u0171jt\u00f6tt aut\u00f3kulcsokat, bankk\u00e1rty\u00e1kat, iratokat, \u00e9s egy\u00e9b, a szem\u00e9t k\u00f6z\u00f6tt fellelt, v\u00e9lhet\u0151en lopott holmit. Rengeteget seg\u00edtett Pat\u00f3 Simon, a v\u00e1rosi hullad\u00e9ksz\u00e1ll\u00edt\u00f3 v\u00e1llalat igazgat\u00f3ja, aki akkor is k\u00fcld\u00f6tt teheraut\u00f3t a szem\u00e9t elsz\u00e1ll\u00edt\u00e1s\u00e1ra, amikor nem tudtunk \u00e9rte fizetni. Iszony\u00fa mennyis\u00e9g\u0171 szemetet gy\u0171jt\u00f6tt\u00fcnk be a term\u00e9szetv\u00e9delmet \u00e9lvez\u0151 ter\u00fcleten. Az utols\u00f3 ilyen akci\u00f3nkon 465 k\u00f6bm\u00e9tert gy\u0171jt\u00f6tt\u00fcnk \u00f6ssze, \u00e1m ebbe nem ker\u00fcltek be a gumiabroncsok, amelyeket egy olyan c\u00e9g sz\u00e1ll\u00edtott el, amely aszfalt\u00fat \u00e9p\u00edt\u00e9s\u00e9hez hasznos\u00edtotta azokat.<\/p>\n<p><em>-Sok seg\u00edts\u00e9get kapt\u00e1l, rengeteg \u00f6nk\u00e9ntes vett r\u00e9szt a munk\u00e1ban, \u00e1m mindezt meg kellett szervezni, levez\u00e9nyelni, ami nem kev\u00e9s er\u0151fesz\u00edt\u00e9st k\u00f6vetelt a r\u00e9szedr\u0151l.<\/em><\/p>\n<p>-B\u00fcszke is vagyok r\u00e1, b\u00e1r nem ezt tekintem a f\u0151 m\u0171vemnek, hiszen, ha rangsorolnom kellene, az \u00e9letem f\u0151 m\u0171ve a n\u00e9gy l\u00e1nyom, meg a nyolc unoka, akikre m\u00e9lt\u00e1n b\u00fcszke lehetek! Azt\u00e1n itt van ez az \u00f6t k\u00f6nyv, amelyeket magam szerkesztettem, vagy \u00edrtam, k\u00f6zt\u00fck a K\u00f6rnyezetv\u00e9d\u0151 Egyes\u00fclet \u00e9gisze alatt megjelent h\u00e1rom kis k\u00f6tet, valamint a n\u00e9hai Gyurk\u00f3 J\u00e1nos tanulm\u00e1nyait \u00f6sszefoglal\u00f3 k\u00e9t sz\u00e9p, k\u00e9pekkel teli k\u00f6nyv. Ezek, amik megmaradnak, k\u00e9zzel foghat\u00f3ak. A Sz\u00e1szr\u00e9gen \u00e9s k\u00f6rny\u00e9ke c\u00edm\u0171 k\u00f6nyvet ma is sokan keresik. A Fundoklia, a Duna-part rendbe t\u00e9tel\u00e9re is b\u00fcszke vagyok. Mindent \u00f6sszevetve el\u00e9gedett lehetek, hiszen egy k\u00ednai mond\u00e1s szerint: Ha sz\u00fclt\u00e9l egy fi\u00fat, el\u00fcltett\u00e9l egy f\u00e1t \u00e9s l\u00e9trehozt\u00e1l egy k\u00f6nyvet \u2013 nem \u00e9lt\u00e9l hi\u00e1ba. Ha \u00fagy vessz\u00fck, ennek t\u00f6bbsz\u00f6r\u00f6sen is eleget tettem, b\u00e1r l\u00e1nyaim vannak, de az unok\u00e1im k\u00f6z\u00fcl h\u00e1rom fi\u00fa!<\/p>\n<p><em>-Mes\u00e9lj a Szepes Gyula M\u0171vel\u0151d\u00e9si K\u00f6zpontban elt\u00f6lt\u00f6tt \u00e9vekr\u0151l, amelyek szint\u00e9n mozgalmasak voltak. Mik\u00e9nt eml\u00e9kszel erre az id\u0151szakra?<\/em><\/p>\n<p>-\u00dagy t\u0171nik, az \u00e9letemben h\u00e9t\u00e9venk\u00e9nt t\u00f6rt\u00e9ntek a fordulatok, az \u00e9rdi m\u0171vel\u0151d\u00e9si h\u00e1zban is ennyi ideig dolgoztam. Nagyon szerettem, \u00e9lveztem azt az id\u0151szakot. K\u00f6zel 25 k\u00f6r, klub m\u0171k\u00f6d\u00e9s\u00e9t seg\u00edtettem. Eml\u00e9kezetes volt sz\u00e1momra, amikor a bukovinai sz\u00e9kelyeknek megszerveztem, hogy eljussanak a sz\u00fcl\u0151f\u00f6ldj\u00fckre. Meghat\u00f3 volt sz\u00e1momra, mennyire megillet\u0151dtek azok az id\u0151s asszonyok, akik pici gyermekkorukban elker\u00fcltek onnan, vagy tal\u00e1n m\u00e9g meg sem sz\u00fclettek, amikor a sz\u00fcleik elhagyni k\u00e9nyszer\u00fcltek az otthonukat \u00e9s soha nem j\u00e1rtak Bukovin\u00e1ba. A temet\u0151kben egy\u00fctt kerest\u00fck, kutattuk, hogy a fejf\u00e1kra \u00edrt nevek k\u00f6z\u00f6tt, r\u00e1bukkannunk-e felmen\u0151ik s\u00edrjaira.<\/p>\n<p><em>-El\u0151tted is voltak pr\u00f3b\u00e1lkoz\u00e1sok egy ifj\u00fas\u00e1gi sz\u00ednj\u00e1tsz\u00f3k\u00f6r megalak\u00edt\u00e1s\u00e1ra, de csak neked siker\u00fclt. Hogy csin\u00e1ltad?<\/em><\/p>\n<p>-Nagyon szerettem volna, ha \u00c9rden is lenne, hiszen magamr\u00f3l tudtam, hogy iskol\u00e1s koromban milyen sz\u00edvesen j\u00e1rtam amat\u0151r sz\u00ednj\u00e1tsz\u00f3 csoportba. Profi sz\u00ednm\u0171v\u00e9szt v\u00e1lasztottam vezet\u0151j\u00fcknek, aki fiatal \u00e9s ambici\u00f3zus volt, j\u00f6ttek is a fiatalok. B\u00e1r v\u00e1ltoz\u00f3 volt az \u00e9rdekl\u0151d\u00e9s, de minden \u00e9vben tartottunk v\u00e1logat\u00e1st \u00e9s n\u00e9gy-\u00f6t, nagy siker\u0171 bemutat\u00f3t hoztunk \u00f6ssze \u00e9vente. A sz\u00ednj\u00e1tsz\u00e1s \u00e9s a szerepl\u00e9s \u00e9lm\u00e9ny\u00e9n t\u00fal, az is figyelemre m\u00e9lt\u00f3 eredm\u00e9ny, hogy a fiatalok k\u00f6r\u00e9ben k\u00e9t h\u00e1zass\u00e1g sz\u00fcletett, \u00e9s egyik tagunk, Ostorh\u00e1zy Bernadett hivat\u00e1sos sz\u00ednm\u0171v\u00e9sz lett, N\u00e9meth \u00c1gi meg dr\u00e1mapedag\u00f3gusk\u00e9nt dolgozik. Eg\u00e9szen biztos, hogy mindegyik\u00fckb\u0151l sz\u00ednh\u00e1zszeret\u0151, sz\u00ednh\u00e1zba j\u00e1r\u00f3 ember lett. Nagyszer\u0171 k\u00f6z\u00f6ss\u00e9gi \u00e9lm\u00e9nyt jelentettek sz\u00e1mukra a pr\u00f3b\u00e1k, a fell\u00e9p\u00e9sek ezt csak fokozni tudt\u00e1k. A ma oly sikeres irodalmi k\u00f6r is annak k\u00f6sz\u00f6nhet\u0151, hogy siker\u00fclt meggy\u0151zn\u00f6m Dar\u00f3ci M\u00e1rt\u00e1t \u2013 aki a l\u00e1nyaim magyar tan\u00e1ra volt \u2013, v\u00e1llalja el a vezet\u00e9s\u00e9t. J\u00f3 v\u00e1laszt\u00e1s volt, nem kell r\u00e9szleteznem, milyen sikeresen m\u0171k\u00f6dik az\u00f3ta a klub, de eml\u00edthetn\u00e9m a fot\u00f3szakk\u00f6r fel\u00e9leszt\u00e9s\u00e9t, K\u00f6rmendy Zizi vezet\u00e9s\u00e9vel, akik szint\u00e9n kiv\u00e1l\u00f3 eredm\u00e9nyekkel dicsekedhetnek.<\/p>\n<p><em>-Azt\u00e1n megint j\u00f6tt egy \u00fajabb m\u00e9rf\u00f6ldk\u0151 az \u00e9letedben, amikor a sz\u00fcl\u0151v\u00e1rosodban elszeg\u0151dt\u00e9l B\u00f6jte Csaba gyermekotthon\u00e1ba h\u00e1zvezet\u0151nek. Mi vitt erre a d\u00f6nt\u00e9sre?<\/em><\/p>\n<p>-Nem egy hirtelen d\u00f6nt\u00e9s, hanem hosszas megfontol\u00e1s eredm\u00e9nye volt, ami azzal indult, hogy m\u00e1r kor\u00e1bban is t\u00e1mogat\u00f3ja \u00e9s id\u0151szakos \u00f6nk\u00e9ntese voltam B\u00f6jte Csaba alap\u00edtv\u00e1ny\u00e1nak, ami tal\u00e1n annak volt k\u00f6sz\u00f6nhet\u0151, hogy 2003-ban r\u00e9szt vettem egy olaszorsz\u00e1gi t\u00far\u00e1n, amelyen Szent Ferenc \u00fatj\u00e1t j\u00e1rtuk v\u00e9gig. Evang\u00e9likus vagyok, de Szent Ferenc \u00e9lete, \u00edr\u00e1sai midig meg\u00e9rintettek, minden fellelhet\u0151 k\u00f6nyvet elolvastam \u00e9s megn\u00e9ztem a r\u00f3la k\u00e9sz\u00fclt filmeket. Nem tudom, sorsszer\u0171-e, de B\u00f6jte Csaba nev\u00e9vel \u00e9s szolg\u00e1lat\u00e1val akkor tal\u00e1lkoztam el\u0151sz\u00f6r, amikor visszat\u00e9rtem err\u0151l az olaszorsz\u00e1gi \u00fatr\u00f3l. Felvettem vele a kapcsolatot, gy\u0171jt\u00e9seket szerveztem az alap\u00edtv\u00e1nya r\u00e9sz\u00e9re, id\u0151nk\u00e9nt \u00e9n is mentem, de vittem is \u00f6nk\u00e9ntes seg\u00edt\u0151 csoportokat D\u00e9v\u00e1ra, Szov\u00e1t\u00e1ra a gyermekotthonaiba. 2012-ben megh\u00edvott Cs\u00edksomly\u00f3ra egy kert\u00e9p\u00edt\u0151 lelki gyakorlatra. Akkor \u00fagy mell\u00e9kesen megk\u00e9rdezte t\u0151lem, nem lenne-e kedvem visszak\u00f6lt\u00f6zni a sz\u00fcl\u0151v\u00e1rosomba, Nagyv\u00e1radra? \u2013 Visszak\u00f6lt\u00f6zni? Most, hogy a h\u00e1zam, a gyermekeim, az unok\u00e1im, a munkahelyem, az egyes\u00fcletem, a bar\u00e1taim mind \u00c9rdhez k\u00f6tnek? \u2013 ez volt az els\u0151 reakci\u00f3m. Sebaj, kapok h\u00e1zat, munkahelyet is, lesznek gyerekeim is, bar\u00e1taim, meg seg\u00edt\u0151im is \u2013 folytatta Csaba testv\u00e9r. Mint kider\u00fclt, az alap\u00edtv\u00e1ny nagyv\u00e1radi gyermekotthon\u00e1nak vezet\u00e9s\u00e9t sz\u00e1nd\u00e9kozta r\u00e1m b\u00edzni. Meglepet\u00e9sk\u00e9nt \u00e9rt, v\u00edv\u00f3dtam is magammal, besz\u00e9ltem a gyermekeimmel \u00e9s \u2013 b\u00e1r volt, aki hetekig nem \u00e1llt velem sz\u00f3ba emiatt \u2013 \u00fagy d\u00f6nt\u00f6ttem elfogadom B\u00f6jte Csaba aj\u00e1nlat\u00e1t. Elvarrtam itthon a sz\u00e1lakat, felmondtam a munkahelyemen, az egyes\u00fcletet az \u00faj eln\u00f6k, Martin Norbert gondjaira, a h\u00e1zamat egyik, \u00e9pp bab\u00e1t v\u00e1r\u00f3 l\u00e1nyomra \u00e9s f\u00e9rj\u00e9re b\u00edztam, majd visszacuccoltam Nagyv\u00e1radra.<\/p>\n<p><em>-Milyen \u00e9rvek sz\u00f3ltak az igen mellett?<\/em><\/p>\n<p>-\u00dagy \u00e9reztem, valamit vissza kell adnom az univerzumnak, a j\u00f3 Istennek, a sz\u00fcleim eml\u00e9k\u00e9nek abb\u00f3l a sok j\u00f3b\u00f3l, sz\u00e9p \u00e9lm\u00e9nyb\u0151l, amit kaptam. \u00c9n m\u00e1r megb\u00e9k\u00e9ltem azzal az asszonnyal, aki elhagyott, akit \u00e9vtizedekig gy\u0171l\u00f6ltem, d\u00fch\u00f6s voltam r\u00e1, de l\u00e1tni, megismerni soha sem akartam. Valami\u00e9rt az \u00dar 2012-ben Csaba testv\u00e9rt arra ind\u00edtotta, hogy r\u00e1m b\u00edzza az orsolyita n\u0151v\u00e9rekt\u0151l akkor kapott h\u00e1zat, az oda bek\u00e9redzked\u0151 gyermekekkel. B\u00e1r a sz\u00fcl\u0151any\u00e1m ind\u00edt\u00e9kait sosem tudtam meg\u00e9rteni, de megtanultam \u00e9rt\u00e9kelni, hogy nem dobott a kuk\u00e1ba, vagy nem tett ki annak az \u00e9letform\u00e1nak, amit az alap\u00edtv\u00e1ny gyermekeinek sors\u00e1ban l\u00e1ttam.<\/p>\n<p><em>-Visszan\u00e9zve, tiszt\u00e1ban volt\u00e1l azzal, mit v\u00e1llalsz?<\/em><\/p>\n<p>-Egy\u00e1ltal\u00e1n nem! N\u00e9gy gyermeket neveltem fel, gyakorlatilag egyed\u00fcl, de nevel\u0151sz\u00fcl\u0151nek lenni egy olyan h\u00e1zban, ahol t\u00edz egyn\u00e9h\u00e1ny, k\u00fcl\u00f6nb\u00f6z\u0151 kor\u00fa \u00e9s m\u00e1s-m\u00e1s csal\u00e1di h\u00e1tt\u00e9rb\u0151l \u00e9rkez\u0151, szeretet\u00e9hes l\u00e1ny- \u00e9s fi\u00fagyermek \u00e9l \u2013 \u00f6ssze sem lehet hasonl\u00edtani a saj\u00e1t nagycsal\u00e1doddal! Nyilv\u00e1nval\u00f3, hogy ezek a gyermekek lelkileg s\u00e9r\u00fcltek, hiszen a sz\u00fcl\u0151k elhagyj\u00e1k, elhanyagolj\u00e1k \u0151ket, esetleg nincsenek sz\u00fcleik, ha meg vannak is, nem t\u00f6r\u0151dnek a gyermekeikkel. 24 \u00f3r\u00e1s k\u00e9sz\u00fclts\u00e9gben kell lenni minden nap, belet\u00f6r\u0151dni, hogy az \u00e9jszaka k\u00f6zep\u00e9n bekopog, hogy nem tud aludni, f\u00e1j a hasa, rosszul van, vagy csak f\u00e9l, ott szeretne aludni veled, mert hi\u00e1nyzik az anyuk\u00e1ja. Legink\u00e1bb a t\u00f6r\u0151d\u00e9st, odafigyel\u00e9st, gondoskod\u00e1st \u00e9s a szeretetet ig\u00e9nylik. De meg kell szokni azt is, hogy hi\u00e1ba teszed ki a lelked \u00e9rt\u00fck, k\u00f6sz\u00f6net, h\u00e1la nincs. A sz\u00fcl\u0151k r\u00e9sz\u00e9r\u0151l m\u00e9g kev\u00e9sb\u00e9, akik id\u0151nk\u00e9nt l\u00e1togat\u00f3ba j\u00f6nnek a gyermekeikhez. Ha olykor Csaba testv\u00e9rnek panaszkodtam emiatt, \u00edgy vigasztalt: \u201eNe b\u00fasulj, majd harminc-negyven \u00e9v m\u00falva, ha a mennyek orsz\u00e1g\u00e1nak erk\u00e9ly\u00e9n \u00e1lldog\u00e1lva, len\u00e9z\u00fcnk a gyermekeinkre \u00e9s meghalljuk, \u201eezt is Csilla n\u00e9nit\u0151l tanultam\u201d, \u201eazt Csaba testv\u00e9r \u00edgy tan\u00edtotta\u201d, meglesz a siker\u00e9lm\u00e9ny\u00fcnk!\u201d &nbsp;<\/p>\n<p><em>-Minden neh\u00e9zs\u00e9g dac\u00e1ra kitartott\u00e1l h\u00e9t \u00e9vig, majd \u00fajra visszat\u00e9rt\u00e9l \u00c9rdre. Maradhatt\u00e1l volna m\u00e9g?<\/em><\/p>\n<p>-Hatvanh\u00e1rom \u00e9ves vagyok, elf\u00e1radtam. Itt vannak nekem az unok\u00e1k, az otthonom, vel\u00fck szeretn\u00e9k foglalkozni \u00e9s pihenni szeretn\u00e9k. Az ember le\u00e1nya hatvan \u00e9ven fel\u00fcl m\u00e1r hossz\u00fa t\u00e1v\u00fa terveket nem sz\u00f6v\u00f6get. \u201eEl\u00e9g minden napnak a maga baja.\u201d De ha j\u00f6nne a j\u00f3 angyal \u00e9s lehetne k\u00e9rni, h\u00e1t n\u00e9gy gyermekemnek, vejeimnek \u00e9s \u2013 egyel\u0151re \u2013 nyolc unok\u00e1mnak eg\u00e9szs\u00e9get, boldogs\u00e1got k\u00e9rn\u00e9k. A vil\u00e1gnak tisztas\u00e1got, rendet, minden embernek fekhelyet \u00e9s \u00e9lelmet, B\u00f6jte Csaba alap\u00edtv\u00e1ny\u00e1nak kev\u00e9s gyermeket. De h\u00e1t a j\u00f3 angyal tudja: Isten minden sz\u00fcks\u00e9ges eszk\u00f6zt a kez\u00fcnkbe ad, csakis rajtunk m\u00falik, hogyan haszn\u00e1ljuk \u0151ket.<\/p>","protected":false},"excerpt":{"rendered":"<p>Partiumban, Nagyv\u00e1radon sz\u00fcletett, \u00e9lt, m\u00edgnem egy sorsford\u00edt\u00f3 pillanatban, 1992-ben fogta a n\u00e9gy iskol\u00e1s le\u00e1ny\u00e1t \u00e9s Magyarorsz\u00e1gra, majd \u00c9rdre j\u00f6tt \u00fajs\u00e1got \u00edrni, k\u00f6nyveket szerkeszteni, k\u00f6rnyezetet v\u00e9deni, n\u00e9pm\u0171vel\u00e9st gyakorolni, sz\u00ednj\u00e1tsz\u00f3 k\u00f6rt alap\u00edtani \u2013 tenni az\u00e9rt a k\u00f6z\u00f6ss\u00e9g\u00e9rt, ami befogadta.<\/p>","protected":false},"author":8,"featured_media":0,"comment_status":"","ping_status":"","sticky":false,"template":"","format":"standard","meta":{"_acf_changed":false,"_seopress_robots_primary_cat":"","_seopress_titles_title":"","_seopress_titles_desc":"","_seopress_robots_index":"","site-sidebar-layout":"default","site-content-layout":"","ast-site-content-layout":"default","site-content-style":"default","site-sidebar-style":"default","ast-global-header-display":"","ast-banner-title-visibility":"","ast-main-header-display":"","ast-hfb-above-header-display":"","ast-hfb-below-header-display":"","ast-hfb-mobile-header-display":"","site-post-title":"","ast-breadcrumbs-content":"","ast-featured-img":"","footer-sml-layout":"","ast-disable-related-posts":"","theme-transparent-header-meta":"","adv-header-id-meta":"","stick-header-meta":"","header-above-stick-meta":"","header-main-stick-meta":"","header-below-stick-meta":"","astra-migrate-meta-layouts":"default","ast-page-background-enabled":"default","ast-page-background-meta":{"desktop":{"background-color":"","background-image":"","background-repeat":"repeat","background-position":"center center","background-size":"auto","background-attachment":"scroll","background-type":"","background-media":"","overlay-type":"","overlay-color":"","overlay-opacity":"","overlay-gradient":""},"tablet":{"background-color":"","background-image":"","background-repeat":"repeat","background-position":"center center","background-size":"auto","background-attachment":"scroll","background-type":"","background-media":"","overlay-type":"","overlay-color":"","overlay-opacity":"","overlay-gradient":""},"mobile":{"background-color":"","background-image":"","background-repeat":"repeat","background-position":"center center","background-size":"auto","background-attachment":"scroll","background-type":"","background-media":"","overlay-type":"","overlay-color":"","overlay-opacity":"","overlay-gradient":""}},"ast-content-background-meta":{"desktop":{"background-color":"var(--ast-global-color-5)","background-image":"","background-repeat":"repeat","background-position":"center center","background-size":"auto","background-attachment":"scroll","background-type":"","background-media":"","overlay-type":"","overlay-color":"","overlay-opacity":"","overlay-gradient":""},"tablet":{"background-color":"var(--ast-global-color-5)","background-image":"","background-repeat":"repeat","background-position":"center center","background-size":"auto","background-attachment":"scroll","background-type":"","background-media":"","overlay-type":"","overlay-color":"","overlay-opacity":"","overlay-gradient":""},"mobile":{"background-color":"var(--ast-global-color-5)","background-image":"","background-repeat":"repeat","background-position":"center center","background-size":"auto","background-attachment":"scroll","background-type":"","background-media":"","overlay-type":"","overlay-color":"","overlay-opacity":"","overlay-gradient":""}},"footnotes":""},"categories":[1],"cikk_cimkek":[10],"content_flags":[350,351],"content_icons":[],"class_list":["post-6339","post","type-post","status-publish","format-standard","hentry","category-erdmost","cikk_cimkek-portre","content_flags-erdekes","content_flags-jobbfent"],"acf":[],"_links":{"self":[{"href":"https:\/\/erdmost.hu\/en\/wp-json\/wp\/v2\/posts\/6339","targetHints":{"allow":["GET"]}}],"collection":[{"href":"https:\/\/erdmost.hu\/en\/wp-json\/wp\/v2\/posts"}],"about":[{"href":"https:\/\/erdmost.hu\/en\/wp-json\/wp\/v2\/types\/post"}],"author":[{"embeddable":true,"href":"https:\/\/erdmost.hu\/en\/wp-json\/wp\/v2\/users\/8"}],"replies":[{"embeddable":true,"href":"https:\/\/erdmost.hu\/en\/wp-json\/wp\/v2\/comments?post=6339"}],"version-history":[{"count":0,"href":"https:\/\/erdmost.hu\/en\/wp-json\/wp\/v2\/posts\/6339\/revisions"}],"wp:attachment":[{"href":"https:\/\/erdmost.hu\/en\/wp-json\/wp\/v2\/media?parent=6339"}],"wp:term":[{"taxonomy":"category","embeddable":true,"href":"https:\/\/erdmost.hu\/en\/wp-json\/wp\/v2\/categories?post=6339"},{"taxonomy":"cikk_cimkek","embeddable":true,"href":"https:\/\/erdmost.hu\/en\/wp-json\/wp\/v2\/cikk_cimkek?post=6339"},{"taxonomy":"content_flags","embeddable":true,"href":"https:\/\/erdmost.hu\/en\/wp-json\/wp\/v2\/content_flags?post=6339"},{"taxonomy":"content_icons","embeddable":true,"href":"https:\/\/erdmost.hu\/en\/wp-json\/wp\/v2\/content_icons?post=6339"}],"curies":[{"name":"wp","href":"https:\/\/api.w.org\/{rel}","templated":true}]}}