{"id":6311,"date":"2020-02-20T09:14:29","date_gmt":"2020-02-20T09:14:29","guid":{"rendered":"https:\/\/wp.erdmost.hu\/2020\/02\/20\/aprilisban-ujra-nyolcezres-csucsra-indul-klein-david\/"},"modified":"2020-02-20T09:14:29","modified_gmt":"2020-02-20T09:14:29","slug":"aprilisban-ujra-nyolcezres-csucsra-indul-klein-david","status":"publish","type":"post","link":"https:\/\/erdmost.hu\/en\/2020\/02\/20\/aprilisban-ujra-nyolcezres-csucsra-indul-klein-david\/","title":{"rendered":"\u00c1prilisban \u00fajra nyolcezres cs\u00facsra indul Klein D\u00e1vid"},"content":{"rendered":"<p>Klein \u00e9s Suhajda tavaly a vil\u00e1g m\u00e1sodik legmagasabb cs\u00facs\u00e1nak sz\u00e1m\u00edt\u00f3 pakiszt\u00e1ni K2-re vezettek sikeres exped\u00edci\u00f3t, amelynek v\u00e9g\u00e9n Suhajda els\u0151 magyark\u00e9nt \u00e9rte el a 8611 m\u00e9teres cs\u00facsot.&nbsp;<\/p>\n<p>Klein sajnos nem tudott f\u00f6ljutni a cs\u00facsra, mert elrontotta a gyomr\u00e1t \u00e9s vissza kellett fordulnia. A du\u00f3 m\u00e1r akkor elhat\u00e1rozta, hogy a k\u00f6vetkez\u0151 nagy c\u00e9ljuk az lesz, hogy p\u00f3tl\u00f3lagos oxig\u00e9n n\u00e9lk\u00fcl megh\u00f3d\u00edts\u00e1k a 8850 m\u00e9teres Mount Everestet. Azt is eld\u00f6nt\u00f6tt\u00e9k viszont, hogy a vil\u00e1g legmagasabb cs\u00facs\u00e1nak csak 2021-ben v\u00e1gnak neki, addig felk\u00e9sz\u00fclnek a t\u00far\u00e1ra. 2020-ra \u00edgy egy olyan, 8000 m\u00e9tern\u00e9l magasabb cs\u00facsot kerestek, ami seg\u00edtheti a felk\u00e9sz\u00fcl\u00e9s\u00fcket, \u00edgy esett a v\u00e1laszt\u00e1suk a vil\u00e1g \u00f6t\u00f6dik legmagasabb cs\u00facs\u00e1nak sz\u00e1m\u00edt\u00f3, Nep\u00e1l \u00e9s Tibet hat\u00e1r\u00e1n elter\u00fcl\u0151 Makalura.&nbsp;<\/p>\n<p>A p\u00e1ros c\u00e9lja a h\u00e1rom himal\u00e1jai \u201eleg\u201d teljes\u00edt\u00e9se. A legvesz\u00e9lyesebb Annapurna (melyet Klein D\u00e1vid m\u00e1szott meg els\u0151, \u00e9s eddig egyed\u00fcli magyark\u00e9nt 2016-ban), a legnehezebbnek tartott K2 (melyet Suhajda Szil\u00e1rd m\u00e1szott meg tavaly), valamint a legmagasabb Mount Everest k\u00f6z\u00fcl m\u00e1r csak a harmadik, az Everest palack n\u00e9lk\u00fcli megm\u00e1sz\u00e1sa van h\u00e1tra. Klein D\u00e1vid kiemelte, hogy a feladat s\u00faly\u00e1t j\u00f3l jelzi, hogy pontosan ez az a h\u00e1rom feladat, amelyet a n\u00e9hai Er\u0151ss Zsoltnak sem siker\u00fclt megoldania, \u00e9s f\u00e1j\u00f3n korai hal\u00e1la miatt m\u00e1r nem is volt lehet\u0151s\u00e9ge \u00fajra pr\u00f3b\u00e1lkozni. Zsolt \u00edgy valahol ki is jel\u00f6lte a magyar magashegyi m\u00e1sz\u00e1s sz\u00e1m\u00e1ra a k\u00f6vetend\u0151 utat.<\/p>\n<p>Mivel a 2020-as tavaszi szezont az Everesthez t\u00fal korainak \u00e9rezt\u00e9k, \u00edgy az a k\u00f6vetkez\u0151 \u00e9vre marad. Szerettek volna azonban egy teljesen \u00faj strat\u00e9gi\u00e1t kialak\u00edtani \u00e9s tesztelni az Everest el\u0151tt:<\/p>\n<p>\u201cA feladat hatalmas: 8600 m\u00e9ter felett, oxig\u00e9npalack n\u00e9lk\u00fcl egy teljesen \u00faj dimenzi\u00f3ba l\u00e9p\u00fcnk be. Ez a l\u00e9tez\u00e9s hat\u00e1rmezsgy\u00e9je. 2014-ben 8700 m\u00e9teren fordultam vissza. Szil\u00e1rd id\u00e9n fenn \u00e1llt, palack n\u00e9lk\u00fcl, a K2 8611 m\u00e9teres cs\u00facs\u00e1n. Tudjuk mire k\u00e9sz\u00fcl\u00fcnk, \u00edgy most, a felk\u00e9sz\u00fcl\u00e9s sor\u00e1n, mindent darabjaira szed\u00fcnk &#8211; edz\u00e9stervet, strat\u00e9gi\u00e1t, a ment\u00e1lis felk\u00e9sz\u00fcl\u00e9st &#8211; \u00e9s mindezt igyeksz\u00fcnk \u00fagy \u00fajra \u00f6ssze\u00e1ll\u00edtani, hogy eddigi legjobb eredm\u00e9nyeinkhez hozz\u00e1 tudjuk rakni a hi\u00e1nyz\u00f3 239, illetve 150 m\u00e9tert. Olyan exped\u00edci\u00f3t kell megval\u00f3s\u00edtanunk, olyan strat\u00e9gi\u00e1t kell k\u00f6vetn\u00fcnk a felk\u00e9sz\u00fcl\u00e9s sor\u00e1n \u00e9s a hegyen is, ami maximaliz\u00e1lja a siker, \u00e9s minimaliz\u00e1lja a trag\u00e9dia es\u00e9ly\u00e9t. A Makalu &#8211; b\u00e1r tiszteletet &nbsp;\u00e9rdeml\u0151 komoly, \u00f6n\u00e1ll\u00f3 c\u00e9l &#8211; de egyben az \u00faj strat\u00e9giai elemek pr\u00f3b\u00e1ja is\u201d \u2013 mondta el Klein D\u00e1vid az \u00c9RD FM-nek!<\/p>\n<p>Az exped\u00edci\u00f3 v\u00e1rhat\u00f3an \u00e1prilis 7-\u00e9n indul majd Budapestr\u0151l, 20-\u00e1n \u00e9ri majd el az 5600 m\u00e9teren l\u00e9v\u0151 alapt\u00e1bort, m\u00e1jus v\u00e9g\u00e9ig pedig ki\u00e9p\u00edtik a cs\u00facst\u00e1mad\u00e1shoz sz\u00fcks\u00e9ges n\u00e9gy t\u00e1bort. A cs\u00facsm\u00e1sz\u00e1sra m\u00e1jus v\u00e9g\u00e9n vagy j\u00fanius elej\u00e9n ker\u00fclhet majd sor.&nbsp;<\/p>\n<p>Hallgassa meg az \u00c9RD FM 101.3 interj\u00faj\u00e1t Klein D\u00e1viddal, aki az \u00e9rdieknek is \u00fczent!<\/p>\n<div class=\"ckeditor-html5-audio\"><span class=\"audio-wrapper\"><label class=\"audio-label\">Interj\u00fa Klein D\u00e1viddal az \u00fajabb cs\u00facsh\u00f3d\u00edt\u00e1s el\u0151tt<\/label><\/p>\n<p><audio controls=\"controls\" data-entity-type=\"file\" data-entity-uuid=\"e4cb045f-465c-4adf-952c-ea6c54ab7f15\" src=\"https:\/\/erdmost.hu\/wp-content\/uploads\/2022\/03\/CS%C3%9CT_200219_KleinD%C3%A1vid_Makalu.mp3\">&nbsp;<\/audio><br \/>\n<\/span><\/div>\n<p>&nbsp;<\/p>","protected":false},"excerpt":{"rendered":"<p>\u00dajra a Himal\u00e1j\u00e1ba igyekszik Klein D\u00e1vid \u00e9s Suhajda Szil\u00e1rd. A k\u00e9t hegym\u00e1sz\u00f3 \u00e1prilis elej\u00e9n indul \u00fatnak, a c\u00e9ljuk a 8463 m\u00e9ter magas Makalu, ezzel a t\u00far\u00e1val pedig m\u00e1r a j\u00f6v\u0151re tervezett Everest-m\u00e1sz\u00e1sra k\u00e9sz\u00fclnek az orsz\u00e1g legismertebb hegym\u00e1sz\u00f3i. <\/p>","protected":false},"author":8,"featured_media":0,"comment_status":"","ping_status":"","sticky":false,"template":"","format":"standard","meta":{"_acf_changed":false,"_seopress_robots_primary_cat":"","_seopress_titles_title":"","_seopress_titles_desc":"","_seopress_robots_index":"","site-sidebar-layout":"default","site-content-layout":"","ast-site-content-layout":"default","site-content-style":"default","site-sidebar-style":"default","ast-global-header-display":"","ast-banner-title-visibility":"","ast-main-header-display":"","ast-hfb-above-header-display":"","ast-hfb-below-header-display":"","ast-hfb-mobile-header-display":"","site-post-title":"","ast-breadcrumbs-content":"","ast-featured-img":"","footer-sml-layout":"","ast-disable-related-posts":"","theme-transparent-header-meta":"","adv-header-id-meta":"","stick-header-meta":"","header-above-stick-meta":"","header-main-stick-meta":"","header-below-stick-meta":"","astra-migrate-meta-layouts":"default","ast-page-background-enabled":"default","ast-page-background-meta":{"desktop":{"background-color":"","background-image":"","background-repeat":"repeat","background-position":"center center","background-size":"auto","background-attachment":"scroll","background-type":"","background-media":"","overlay-type":"","overlay-color":"","overlay-opacity":"","overlay-gradient":""},"tablet":{"background-color":"","background-image":"","background-repeat":"repeat","background-position":"center center","background-size":"auto","background-attachment":"scroll","background-type":"","background-media":"","overlay-type":"","overlay-color":"","overlay-opacity":"","overlay-gradient":""},"mobile":{"background-color":"","background-image":"","background-repeat":"repeat","background-position":"center center","background-size":"auto","background-attachment":"scroll","background-type":"","background-media":"","overlay-type":"","overlay-color":"","overlay-opacity":"","overlay-gradient":""}},"ast-content-background-meta":{"desktop":{"background-color":"var(--ast-global-color-5)","background-image":"","background-repeat":"repeat","background-position":"center center","background-size":"auto","background-attachment":"scroll","background-type":"","background-media":"","overlay-type":"","overlay-color":"","overlay-opacity":"","overlay-gradient":""},"tablet":{"background-color":"var(--ast-global-color-5)","background-image":"","background-repeat":"repeat","background-position":"center center","background-size":"auto","background-attachment":"scroll","background-type":"","background-media":"","overlay-type":"","overlay-color":"","overlay-opacity":"","overlay-gradient":""},"mobile":{"background-color":"var(--ast-global-color-5)","background-image":"","background-repeat":"repeat","background-position":"center center","background-size":"auto","background-attachment":"scroll","background-type":"","background-media":"","overlay-type":"","overlay-color":"","overlay-opacity":"","overlay-gradient":""}},"footnotes":""},"categories":[1],"cikk_cimkek":[22],"content_flags":[349],"content_icons":[353],"class_list":["post-6311","post","type-post","status-publish","format-standard","hentry","category-erdmost","cikk_cimkek-erdekes","content_flags-fontos","content_icons-audio"],"acf":[],"_links":{"self":[{"href":"https:\/\/erdmost.hu\/en\/wp-json\/wp\/v2\/posts\/6311","targetHints":{"allow":["GET"]}}],"collection":[{"href":"https:\/\/erdmost.hu\/en\/wp-json\/wp\/v2\/posts"}],"about":[{"href":"https:\/\/erdmost.hu\/en\/wp-json\/wp\/v2\/types\/post"}],"author":[{"embeddable":true,"href":"https:\/\/erdmost.hu\/en\/wp-json\/wp\/v2\/users\/8"}],"replies":[{"embeddable":true,"href":"https:\/\/erdmost.hu\/en\/wp-json\/wp\/v2\/comments?post=6311"}],"version-history":[{"count":0,"href":"https:\/\/erdmost.hu\/en\/wp-json\/wp\/v2\/posts\/6311\/revisions"}],"wp:attachment":[{"href":"https:\/\/erdmost.hu\/en\/wp-json\/wp\/v2\/media?parent=6311"}],"wp:term":[{"taxonomy":"category","embeddable":true,"href":"https:\/\/erdmost.hu\/en\/wp-json\/wp\/v2\/categories?post=6311"},{"taxonomy":"cikk_cimkek","embeddable":true,"href":"https:\/\/erdmost.hu\/en\/wp-json\/wp\/v2\/cikk_cimkek?post=6311"},{"taxonomy":"content_flags","embeddable":true,"href":"https:\/\/erdmost.hu\/en\/wp-json\/wp\/v2\/content_flags?post=6311"},{"taxonomy":"content_icons","embeddable":true,"href":"https:\/\/erdmost.hu\/en\/wp-json\/wp\/v2\/content_icons?post=6311"}],"curies":[{"name":"wp","href":"https:\/\/api.w.org\/{rel}","templated":true}]}}