{"id":5971,"date":"2020-01-26T15:12:27","date_gmt":"2020-01-26T15:12:27","guid":{"rendered":"https:\/\/wp.erdmost.hu\/2020\/01\/26\/foci-gyozelem-az-elso-edzomeccsen\/"},"modified":"2020-01-26T15:12:27","modified_gmt":"2020-01-26T15:12:27","slug":"foci-gyozelem-az-elso-edzomeccsen","status":"publish","type":"post","link":"https:\/\/erdmost.hu\/en\/2020\/01\/26\/foci-gyozelem-az-elso-edzomeccsen\/","title":{"rendered":"Foci: gy\u0151zelem az els\u0151 edz\u0151meccsen"},"content":{"rendered":"<p><iframe width=\"560\" height=\"315\" src=\"https:\/\/www.youtube.com\/embed\/0VxycA3Mbmk\"  frameborder=\"0\" allow=\"accelerometer; autoplay; clipboard-write; encrypted-media; gyroscope; picture-in-picture\" allowfullscreen><\/iframe><\/p>\n<p>S\u00e9r\u00fcltekt\u0151l tizedelve v\u00e1gott neki a t\u00e9li felk\u00e9sz\u00fcl\u00e9s els\u0151 edz\u0151meccs\u00e9nek a Limperger Zsolt vezette \u00c9rdi VSE, amely N\u00e9meth G\u00e1bor Vinc\u00e9re, Mojzer Gy\u00f6rgyre, Kalm\u00e1r Domonkosra \u00e9s Csala D\u00e1vidra sem sz\u00e1m\u00edthatott, azonban a v\u00e9delemben \u2013 ez\u00fattal bal oldalon \u2013 bemutatkozott az \u00e9rdiek \u00faj igazol\u00e1sa, a 28 \u00e9ves G\u00e1l Szabolcs, aki legut\u00f3bb a megsz\u0171n\u0151 \u00d3zdi Koh\u00e1szt er\u0151s\u00edtette.<\/p>\n<p>A Dabas-Gy\u00f3n elleni tal\u00e1lkoz\u00f3t a Kert\u00e9sz F. \u2013 M\u00e1jer, Bozsoki, Csisz\u00e1r, G\u00e1l Sz. \u2013 P\u00e1l Sz., Ko\u00f3s, Gera D., Melczer \u2013 Balogh \u00c1., Kollega \u00f6ssze\u00e1ll\u00edt\u00e1sban kezdte a hazai csapat.<\/p>\n<p>Az els\u0151 f\u00e9lid\u0151ben noha a vend\u00e9gek birtokolt\u00e1k t\u00f6bbet a labd\u00e1t, vesz\u00e9lyesebb lehet\u0151s\u00e9gek az \u00e9rdiek el\u0151tt ad\u00f3dtak, \u00e1m a befejez\u00e9sekre rendre hiba cs\u00faszott.<br \/>\nNem \u00fagy a m\u00e1sodik f\u00e9lid\u0151ben, melynek elej\u00e9n n\u00e9h\u00e1ny perc ut\u00e1n Kollega Kriszti\u00e1n baloldali bead\u00e1s\u00e1ba P\u00e1l Szabolcs cs\u00fasztatott bele, majd a k\u00f6z\u00e9pen, j\u00f3 \u00fctemben \u00e9rkez\u0151 Balogh \u00c1d\u00e1m szerzett vezet\u00e9st (1\u20130).<\/p>\n<p>Alig h\u00e1rom perccel k\u00e9s\u0151bb megdupl\u00e1zta el\u0151ny\u00e9t a h\u00e1zigazda, amikor egy baloldali akci\u00f3 v\u00e9g\u00e9n Melczer Vilmos a vend\u00e9gek tizenhatos\u00e1n bel\u00fclr\u0151l, ballal tekert a hossz\u00fa fels\u0151be (2\u20130).<\/p>\n<p>A h\u00e1tral\u00e9v\u0151 id\u0151szakban is pr\u00f3b\u00e1lkoztak a hazaiak, \u00e1m az akar\u00e1snak ny\u00f6g\u00e9s lett a v\u00e9ge, hiszen a hajr\u00e1ban Gera D\u00e1vid is egy szerencs\u00e9tlen szitu\u00e1ci\u00f3 v\u00e9g\u00e9n jobb bok\u00e1j\u00e1t f\u00e1jlalva hagyta el a j\u00e1t\u00e9kteret.<\/p>\n<p>A v\u00e9gj\u00e1t\u00e9kban nem t\u00f6rt\u00e9nt v\u00e1ltoz\u00e1s, az \u00e9rdiek 2\u20130-s gy\u0151zelmet arattak az els\u0151 edz\u0151m\u00e9rk\u0151z\u00e9sen.<\/p>\n<p>\u2013 Sokat mel\u00f3ztunk, lent voltunk Martf\u0171n, ahol napi h\u00e1rom edz\u00e9s\u00fcnk volt, \u00fagyhogy el\u00e9g f\u00e1radtak most a fi\u00fak. \u00dagy gondolom, a c\u00e9lj\u00e1t el\u00e9rte a mai m\u00e9rk\u0151z\u00e9s. Sajnos ma is lett egy s\u00e9r\u00fclt\u00fcnk \u00e9s m\u00e1r az\u00e9rt im\u00e1dkozunk, hogy s\u00e9r\u00fcl\u00e9s n\u00e9lk\u00fcl tudjunk le egy edz\u00e9st vagy egy meccset\u2026 Az els\u0151 edz\u0151meccsen vagyunk t\u00fal, teh\u00e1t sok k\u00f6vetkeztet\u00e9st nem lehet levonni. Tudtuk, hogy a Dabas-Gy\u00f3n pr\u00f3b\u00e1l focizni, de mi is pr\u00f3b\u00e1ltunk, viszont m\u00e9g \u00f3loml\u00e1bakon vannak a fi\u00fak \u2013 \u00e9rt\u00e9kelt Limperger Zsolt, az \u00c9rdi VSE vezet\u0151edz\u0151je.<\/p>\n<p>Az \u00c9rdi VSE m\u00e1sodik edz\u0151meccs\u00e9t febru\u00e1r 2-\u00e1n v\u00edvja az NB II-es Szolnoki M\u00c1V FC otthon\u00e1ban.<\/p>\n<p><strong>Felk\u00e9sz\u00fcl\u00e9si m\u00e9rk\u0151z\u00e9s<\/strong><br \/>\n\u00c9rdi VSE\u2013Dabas-Gy\u00f3n FC 2\u20130 (0\u20130)<br \/>\n<strong>\u00c9rdi VSE:<\/strong> Kert\u00e9sz F. \u2013 M\u00e1jer, Bozsoki, Csisz\u00e1r, G\u00e1l Sz. \u2013 P\u00e1l Sz., Ko\u00f3s, Gera D., Melczer \u2013 Balogh \u00c1., Kollega<br \/>\n<strong>Cserek\u00e9nt p\u00e1ly\u00e1ra l\u00e9ptek:<\/strong> Borek (kapus), Pint\u00e9r O., Ebedli<br \/>\n<strong>G\u00f3l:<\/strong> Balogh \u00c1., Melczer<\/p>\n<h4>Miniinterj\u00fa G\u00e1l Szabolccsal<\/h4>\n<p><drupal-entity data-caption=\"G\u00e1l Szabolcs az \u00c9rdi VSE els\u0151 t\u00e9li igazol\u00e1sa (fot\u00f3: Domonkos B\u00e1lint)\" data-embed-button=\"image_embed\" data-entity-embed-display=\"view_mode:media.embed_image_into_article\" data-entity-embed-display-settings=\"\" data-entity-type=\"media\" data-entity-uuid=\"63069555-c033-453a-ab04-a7e065e70eff\" data-langcode=\"hu\"><\/drupal-entity><\/p>\n<p class=\"highlight highlight--border\"><em><strong>Az \u00c9rdi VSE-vel kezdted el a t\u00e9li felk\u00e9sz\u00fcl\u00e9st, hogyan ker\u00fclt\u00e9l \u00c9rdre, milyenek a benyom\u00e1said, hogy telt az elm\u00falt k\u00e9t h\u00e9t?<\/strong><\/em><br \/>\n\u2013 K\u00f6sz\u00f6n\u00f6m sz\u00e9pen az \u00e9rdi csapatnak a lehet\u0151s\u00e9get. Az els\u0151 h\u00e9ten r\u00e1hangol\u00f3 edz\u00e9sek voltak, kisebb j\u00e1t\u00e9kokkal, m\u00falt h\u00e9ten pedig elkezd\u0151d\u00f6tt a munka. Ezen az edz\u0151meccsen kicsit \u00e9rezni is lehetett, hogy nem az eredm\u00e9ny a fontos, hanem, hogy meglegyen a kilencven perces terhel\u00e9s. Am\u00fagy a sr\u00e1cok nagyon norm\u00e1lisak \u00e9s k\u00f6zvetlenek velem, sz\u00f3val minden rendben.<br \/>\n<em><strong>Milyen c\u00e9lokkal \u00e9rkezt\u00e9l&nbsp;az NB III Nyugati csoportj\u00e1nak&nbsp;\u00e9llovas\u00e1hoz? Legut\u00f3bb az \u00d3zdi Koh\u00e1szn\u00e1l j\u00e1tszott\u00e1l, amely megsz\u0171nt.<\/strong><\/em><br \/>\n\u2013 Els\u0151 k\u00f6rben nekem az volt a legfontosabb, hogy egy olyan csapathoz ker\u00fcljek, ahol komoly c\u00e9lok vannak. Csak a tabell\u00e1ra kell n\u00e9zni \u00e9s l\u00e1tszik, hogy a bajnoki c\u00edm az els\u0151dleges \u00e9s ez nekem nagyon szimpatikus volt.<br \/>\n<em><strong>V\u00e9dekez\u0151 j\u00e1t\u00e9kos vagy, eredetileg bels\u0151 v\u00e9d\u0151, de ez\u00fattal a bal oldalon kellett helyt \u00e1llnod. Hogyan jellemezn\u00e9d magad, mik az er\u0151ss\u00e9geid?<\/strong><\/em><br \/>\n\u2013 T\u00f6bb edz\u0151mt\u0151l is azt hallottam, hogy az intelligenci\u00e1m meg van hozz\u00e1. Most nem biztos, hogy l\u00e1tsz\u00f3dott, de nem mondan\u00e1m magam lass\u00fanak, de fejl\u0151dni mindig kell, sz\u00f3val mindenben szeretn\u00e9k is fejl\u0151dni.<\/p>","protected":false},"excerpt":{"rendered":"<p>Balogh \u00c1d\u00e1m \u00e9s Melczer Vilmos g\u00f3ljaival gy\u0151zte le 2\u20130-ra a szint\u00e9n NB III-as Dabas-Gy\u00f3n FC-t az \u00c9rdi VSE, amelyn\u00e9l bemutatkozott a csapat \u00faj igazol\u00e1sa, G\u00e1l Szabolcs is.<\/p>","protected":false},"author":8,"featured_media":0,"comment_status":"","ping_status":"","sticky":false,"template":"","format":"standard","meta":{"_acf_changed":false,"_seopress_robots_primary_cat":"","_seopress_titles_title":"","_seopress_titles_desc":"","_seopress_robots_index":"","site-sidebar-layout":"default","site-content-layout":"","ast-site-content-layout":"default","site-content-style":"default","site-sidebar-style":"default","ast-global-header-display":"","ast-banner-title-visibility":"","ast-main-header-display":"","ast-hfb-above-header-display":"","ast-hfb-below-header-display":"","ast-hfb-mobile-header-display":"","site-post-title":"","ast-breadcrumbs-content":"","ast-featured-img":"","footer-sml-layout":"","ast-disable-related-posts":"","theme-transparent-header-meta":"","adv-header-id-meta":"","stick-header-meta":"","header-above-stick-meta":"","header-main-stick-meta":"","header-below-stick-meta":"","astra-migrate-meta-layouts":"default","ast-page-background-enabled":"default","ast-page-background-meta":{"desktop":{"background-color":"","background-image":"","background-repeat":"repeat","background-position":"center center","background-size":"auto","background-attachment":"scroll","background-type":"","background-media":"","overlay-type":"","overlay-color":"","overlay-opacity":"","overlay-gradient":""},"tablet":{"background-color":"","background-image":"","background-repeat":"repeat","background-position":"center center","background-size":"auto","background-attachment":"scroll","background-type":"","background-media":"","overlay-type":"","overlay-color":"","overlay-opacity":"","overlay-gradient":""},"mobile":{"background-color":"","background-image":"","background-repeat":"repeat","background-position":"center center","background-size":"auto","background-attachment":"scroll","background-type":"","background-media":"","overlay-type":"","overlay-color":"","overlay-opacity":"","overlay-gradient":""}},"ast-content-background-meta":{"desktop":{"background-color":"var(--ast-global-color-5)","background-image":"","background-repeat":"repeat","background-position":"center center","background-size":"auto","background-attachment":"scroll","background-type":"","background-media":"","overlay-type":"","overlay-color":"","overlay-opacity":"","overlay-gradient":""},"tablet":{"background-color":"var(--ast-global-color-5)","background-image":"","background-repeat":"repeat","background-position":"center center","background-size":"auto","background-attachment":"scroll","background-type":"","background-media":"","overlay-type":"","overlay-color":"","overlay-opacity":"","overlay-gradient":""},"mobile":{"background-color":"var(--ast-global-color-5)","background-image":"","background-repeat":"repeat","background-position":"center center","background-size":"auto","background-attachment":"scroll","background-type":"","background-media":"","overlay-type":"","overlay-color":"","overlay-opacity":"","overlay-gradient":""}},"footnotes":""},"categories":[1],"cikk_cimkek":[68,9],"content_flags":[],"content_icons":[],"class_list":["post-5971","post","type-post","status-publish","format-standard","hentry","category-erdmost","cikk_cimkek-labdarugas","cikk_cimkek-sport"],"acf":[],"_links":{"self":[{"href":"https:\/\/erdmost.hu\/en\/wp-json\/wp\/v2\/posts\/5971","targetHints":{"allow":["GET"]}}],"collection":[{"href":"https:\/\/erdmost.hu\/en\/wp-json\/wp\/v2\/posts"}],"about":[{"href":"https:\/\/erdmost.hu\/en\/wp-json\/wp\/v2\/types\/post"}],"author":[{"embeddable":true,"href":"https:\/\/erdmost.hu\/en\/wp-json\/wp\/v2\/users\/8"}],"replies":[{"embeddable":true,"href":"https:\/\/erdmost.hu\/en\/wp-json\/wp\/v2\/comments?post=5971"}],"version-history":[{"count":0,"href":"https:\/\/erdmost.hu\/en\/wp-json\/wp\/v2\/posts\/5971\/revisions"}],"wp:attachment":[{"href":"https:\/\/erdmost.hu\/en\/wp-json\/wp\/v2\/media?parent=5971"}],"wp:term":[{"taxonomy":"category","embeddable":true,"href":"https:\/\/erdmost.hu\/en\/wp-json\/wp\/v2\/categories?post=5971"},{"taxonomy":"cikk_cimkek","embeddable":true,"href":"https:\/\/erdmost.hu\/en\/wp-json\/wp\/v2\/cikk_cimkek?post=5971"},{"taxonomy":"content_flags","embeddable":true,"href":"https:\/\/erdmost.hu\/en\/wp-json\/wp\/v2\/content_flags?post=5971"},{"taxonomy":"content_icons","embeddable":true,"href":"https:\/\/erdmost.hu\/en\/wp-json\/wp\/v2\/content_icons?post=5971"}],"curies":[{"name":"wp","href":"https:\/\/api.w.org\/{rel}","templated":true}]}}