{"id":5967,"date":"2020-01-26T08:48:34","date_gmt":"2020-01-26T08:48:34","guid":{"rendered":"https:\/\/wp.erdmost.hu\/2020\/01\/26\/homokszemek-egy-helytortenesz-emlekeibol\/"},"modified":"2020-01-26T08:48:34","modified_gmt":"2020-01-26T08:48:34","slug":"homokszemek-egy-helytortenesz-emlekeibol","status":"publish","type":"post","link":"https:\/\/erdmost.hu\/en\/2020\/01\/26\/homokszemek-egy-helytortenesz-emlekeibol\/","title":{"rendered":"Homokszemek egy helyt\u00f6rt\u00e9n\u00e9sz eml\u00e9keib\u0151l"},"content":{"rendered":"<p class=\"text-align-justify\">Alig p\u00e1r \u00e9vnyi oktat\u00e1st k\u00f6vet\u0151en v\u00e9g\u00fcl r\u00e1tal\u00e1lt val\u00f3di hivat\u00e1s\u00e1ra. Munkat\u00e1rsk\u00e9nt tev\u00e9keny r\u00e9sztvev\u0151je volt a Magyar F\u00f6ldrajzi M\u00fazeum alap\u00edt\u00e1s\u00e1nak, amelynek k\u00f6nyvt\u00e1r\u00e1t vezette \u00e9s fejlesztette, t\u00e1rlatvezet\u00e9seket tartott, helyt\u00f6rt\u00e9neti kutat\u00f3munk\u00e1t v\u00e9gzett \u00e9s szakmai jelleg\u0171 publik\u00e1ci\u00f3kat \u00edrt. Kov\u00e1cs S\u00e1ndor k\u00f6nyvt\u00e1ros-helyt\u00f6rt\u00e9n\u00e9sszel besz\u00e9lgett\u00fcnk.<\/p>\n<p class=\"text-align-justify\">-Hol t\u00f6lt\u00f6tte a gyermekkor\u00e1t?<\/p>\n<p class=\"text-align-justify\">-T\u00edz\u00e9ves koromig anyai nagysz\u00fcleimn\u00e9l Velenc\u00e9n \u00e9ltem, majd a fels\u0151 tagozatot m\u00e1r \u00e9desany\u00e1m\u00e9kn\u00e1l \u00e9s adopt\u00e1l\u00f3 ap\u00e1mn\u00e1l V\u00e1rpalot\u00e1n j\u00e1rtam ki. H\u00e1nyatott gyermekkorom ellen\u00e9re any\u00e1m igyekezett a legjobb iskol\u00e1kba j\u00e1ratni, hogy legyen egy diplom\u00e1s is a csal\u00e1dban. Anyai \u00e1gon \u0151k postatisztvisel\u0151k voltak. A sikeres fels\u0151fok\u00fa felv\u00e9telit garant\u00e1lta, hogy orosz tan\u00e1rn\u0151m javaslat\u00e1ra P\u00e1p\u00e1ra mentem gimn\u00e1ziumba, ahol orosz tagozat is volt. Ennek k\u00f6sz\u00f6nhettem \u2013- mik\u00e9nt ut\u00f3lag megtudtam \u2013 hogy felvettek a JAT\u00c9-ra. Ma is h\u00e1l\u00e1val gondolok Gergely tan\u00e1r \u00farra, gimn\u00e1ziumi orosz tan\u00e1romra. A t\u00f6rt\u00e9nelem ir\u00e1nti \u00e9rdekl\u0151d\u00e9st pedig a m\u00e1ig j\u00f3 \u00e1llapot\u00e1ban fennmaradt, a v\u00e1ros k\u00f6zpontj\u00e1ban \u00e1ll\u00f3 palotai v\u00e9gv\u00e1r keltette fel bennem.&nbsp;<\/p>\n<p class=\"text-align-justify\">-A diploma megszerz\u00e9se ut\u00e1n p\u00e1r \u00e9vig Somogyban, egy szakk\u00f6z\u00e9piskol\u00e1ban tan\u00edtott, de hogyan ker\u00fclt onnan \u00c9rdre?<\/p>\n<p class=\"text-align-justify\">-\u00c9rdig m\u00e9g meg\u00e1lltam egy-k\u00e9t \u00e1llom\u00e1son. Furcsa m\u00f3don, az egyetemen egy \u00e9v ut\u00e1n m\u00e1r \u00fagy \u00e9reztem, hogy zavarnak az orosz nyelven t\u00f6rt\u00e9n\u0151 el\u0151ad\u00e1sok, ez\u00e9rt leadtam \u00e9s felvettem a pedag\u00f3gia szakot, azon bel\u00fcl pedig az \u00f3vodapedag\u00f3gi\u00e1ra specializ\u00e1l\u00f3dtam, abban a rem\u00e9nyben, hogy f\u0151iskol\u00e1n is tan\u00edthatok majd. Bizonyos tan\u00e1ri, sz\u00fcl\u0151i megnyilv\u00e1nul\u00e1sokb\u00f3l sejtettem, de magam is egyre ink\u00e1bb azt \u00e9reztem, hogy gyerekekkel nem nagyon tudok majd b\u00e1nni. Gimn\u00e1ziumi t\u00f6rt\u00e9nelem tan\u00e1rom, Rozsnyai G\u00e9za meg is j\u00f3solta: \u201eS\u00e1ndorb\u00f3l nem lesz tan\u00e1rember, hanem valami tud\u00f3sf\u00e9le\u201d. Egy egyetemi tan\u00e1rom, a t\u00f6r\u00f6k koros Sz\u00e1nt\u00f3 Imre pedig azt mondta, hogy szerinte sok \u00f6r\u00f6m\u00f6m lesz a helyt\u00f6rt\u00e9netben. Ez a j\u00f3slat nemsok\u00e1ra be is igazol\u00f3dott.<\/p>\n<p class=\"text-align-justify\">-A sors m\u00e9gis \u00fagy hozta, hogy a katedr\u00e1n kezdte a p\u00e1lyafut\u00e1s\u00e1t.<\/p>\n<p class=\"text-align-justify\">-Az term\u00e9szetes volt, hogy aki az egyetemen k\u00fcl\u00f6n\u00f6sebben nem t\u0171nt ki vagy nem tudott j\u00f3l helyezkedni, tan\u00e1r lett. Nekem nagy szerencs\u00e9m volt, hogy t\u00e1rsadalmi \u00f6szt\u00f6nd\u00edjjal a h\u00e1tam m\u00f6g\u00f6tt, \u00e9ppen egy \u00f3v\u00f3n\u0151i szakk\u00f6z\u00e9piskola hirdet\u00e9s\u00e9re tudtam sikerrel a jelentkezni. H\u00e1rom \u00e9vig oktattam a Somogy megyei Csurg\u00f3n. Noha szerettem tan\u00edtani, t\u00falzott fesz\u00fclts\u00e9get \u00e9reztem ebben az iskolat\u00edpusban is, ez\u00e9rt egyre ink\u00e1bb a k\u00f6nyvt\u00e1rosi p\u00e1lya fel\u00e9 fordult a figyelmem, amelyhez a sz\u00fcks\u00e9ges tanfolyamot az ottani, pszichol\u00f3gia szakos igazgat\u00f3m javasolta \u00e9s v\u00e9geztette el velem, de v\u00e9g\u00fcl m\u00e1st vett fel az iskolai k\u00f6nyvt\u00e1rba. Nekem viszont ekkor m\u00e1r az volt a v\u00e1gyam, hogy egy patin\u00e1s iskola k\u00f6nyvt\u00e1rosak\u00e9nt iskolat\u00f6rt\u00e9nettel foglalkozhassak, \u00edgy ilyen lehet\u0151s\u00e9get kerestem a rokonaimhoz k\u00f6zelebb, a f\u0151v\u00e1ros k\u00f6rny\u00e9k\u00e9n. V\u00e9g\u00fcl az \u00e9rdi v\u00e1rosi k\u00f6nyvt\u00e1rban kaptam \u00e1ll\u00e1st, ahol helyt\u00f6rt\u00e9neti kutat\u00e1sra is lehet\u0151s\u00e9gem ny\u00edlt volna, de a beoszt\u00e1som szerint gyermekk\u00f6nyvt\u00e1rosk\u00e9nt kellett dolgoznom, ami m\u00e9g mindig nem volt az esetem. K\u00e9t \u00e9vig a koll\u00e9giumi nevel\u0151sk\u00f6d\u00e9st \u00e9s az \u00e1ltal\u00e1nos iskolai napk\u00f6zit is kipr\u00f3b\u00e1ltam, de r\u00e1 kellett j\u00f6nn\u00f6m, hogy ezek csak zs\u00e1kutc\u00e1k voltak sz\u00e1momra, m\u00edgnem a sors, vagy a J\u00f3isten megadta a nekem val\u00f3 p\u00e1ly\u00e1t, az akkor szervez\u0151d\u0151 F\u00f6ldrajzi Gy\u0171jtem\u00e9nyben.<\/p>\n<p class=\"text-align-justify\">-Dr. Kubassek J\u00e1nos m\u00fazeumigazgat\u00f3 \u00fagy eml\u00e9kezett erre, hogy els\u0151 tal\u00e1lkoz\u00e1sukkor \u00f6n egy mag\u00e1nszorgalomb\u00f3l \u00f6sszegy\u0171jt\u00f6tt, \u00c9rd jeles szem\u00e9lyis\u00e9geit bemutat\u00f3, helyt\u00f6rt\u00e9neti k\u00e9zirattal h\u00edvta fel mag\u00e1ra a figyelm\u00e9t. Amint elolvasta, \u00e1ll\u00e1st k\u00edn\u00e1lt \u00f6nnek az akkor m\u00e9g alakul\u00f3 int\u00e9zm\u00e9nyben. F\u00e9l\u00e1ll\u00e1s\u00fa st\u00e1tusz volt csup\u00e1n, m\u00e9gis elv\u00e1llalta. Mi\u00e9rt?<\/p>\n<p class=\"text-align-justify\">-Val\u00f3j\u00e1ban egy j\u00f3akar\u00f3m, Miskolczi Katalin, a HNF v\u00e1rosi titk\u00e1ra, akivel egy munkakapcsolatba ker\u00fcltem, amikor nyugd\u00edjasoknak aut\u00f3buszos t\u00far\u00e1kat szerveztem, hozott \u00f6ssze Kubassek J\u00e1nossal. K\u00e9ts\u00e9gtelen, hogy akkor m\u00e1r volt mit letennem az asztalra, ami az alkalmass\u00e1gomat \u00e9s hajland\u00f3s\u00e1gomat bizony\u00edthatta. A D\u00e9k\u00e1ny Istv\u00e1n t\u00e9eszeln\u00f6k \u00e1ltal meghirdetett p\u00e1ly\u00e1zatra k\u00e9sz\u00edtett kis \u00e9letrajzi lexikont \u00e9s a Honismeretbe \u00edrt, S\u00e1rk\u00e1ny Ambrus \u00e9letrajzomat is magammal vittem. Kubassek igazgat\u00f3 \u00far akkor \u00edg\u00e9retet tett \u2013 s ezt k\u00e9s\u0151bb be is tartotta \u2013, hogy b\u00e1r eleinte mindenes kell legyek, de k\u00e9s\u0151bb az el\u0151rejut\u00e1sra \u00e9s a szabad kutat\u00e1sra is lehet\u0151s\u00e9gem lesz. Azt\u00e1n ahogy t\u00f6bb st\u00e1tuszt kapott a m\u00fazeum, val\u00f3ban leadhattam a r\u00e1m nehezed\u0151 adminisztr\u00e1tori, gy\u0171jtem\u00e9nykezel\u0151i, n\u00e9pm\u0171vel\u0151i, m\u00fazeumpedag\u00f3gusi, vezet\u0151 helyettesi feladatokat. Ebben b\u00edzva \u00f6r\u00f6mmel elfogadtam az \u00e1ll\u00e1st.<\/p>\n<p class=\"text-align-justify\">-Ami 35 \u00e9vig tartott, s ek\u00f6zben v\u00e9gig h\u0171en szolg\u00e1lta a Magyar F\u00f6ldrajzi M\u00fazeum \u00e9rdekeit. R\u00e9szt vett a gy\u0171jtem\u00e9ny gyarap\u00edt\u00e1s\u00e1ban, kutatott, felt\u00e1rt, megszerzett. Ut\u00f3bbit \u00e1rver\u00e9sek \u00fatj\u00e1n is. Akadt-e olyan \u00e9rt\u00e9kes gy\u0171jtem\u00e9ny, ki\u00e1ll\u00edt\u00e1si anyag, amelynek a megszerz\u00e9se eml\u00e9kezetes maradt az \u00f6n sz\u00e1m\u00e1ra?<\/p>\n<p class=\"text-align-justify\">-A f\u00f6ldrajzi tudom\u00e1nyt\u00f6rt\u00e9neti kutat\u00e1sokat, gy\u0171jt\u00e9seket ink\u00e1bb Kubassek J\u00e1nos v\u00e9gezte, az \u00e9n feladahttps:\/\/erdmost.hu\/wp-content\/uploads\/2021\/06\/business-blog-session-cover-img-03.jpg f\u0151k\u00e9nt a k\u00f6nyvt\u00e1r gyarap\u00edt\u00e1sa \u00e9s a helyt\u00f6rt\u00e9neti gy\u0171jt\u00e9s volt. Egyik ilyen v\u00e1llal\u00e1somk\u00e9nt eml\u00edthetem a KALOT anyagok beszerz\u00e9s\u00e9t a helyt\u00f6rt\u00e9neti ki\u00e1ll\u00edt\u00e1shoz, amelyben Serd\u00fclt Csilla n\u00e9prajzos egyetemi hallgat\u00f3 volt a seg\u00edts\u00e9gemre. Elment\u00fcnk G\u00f6d\u00f6ll\u0151re a n\u00e9pf\u0151iskola m\u00e1sodik igazgat\u00f3ja, Farkas Gy\u00f6rgy fi\u00e1hoz. Az \u00e9rdi gimn\u00e1ziumb\u00f3l siker\u00fclt megkapni t\u00f6bbek k\u00f6z\u00f6tt, azt a ritka csepegtet\u0151 k\u00f6vet, amely valaha a megsz\u00fcntetett Jovicza-f\u00e9le helyt\u00f6rt\u00e9neti ki\u00e1ll\u00edt\u00e1son volt l\u00e1that\u00f3. Sz\u00e1mos \u00e9rdekes r\u00e9gi k\u00e9peslapot, f\u00e9nyk\u00e9pet, t\u00e9rk\u00e9pet is siker\u00fclt \u00f6sszegy\u0171jtenem. Eml\u00e9kezetes marad, hogy egyszer panaszkodtam, hogy p\u00e9nz hi\u00e1ny\u00e1ban p\u00e1r \u00e9rt\u00e9kes \u00e9rdi k\u00e9peslapot nem tudok megvenni gy\u0171jt\u0151 ismer\u0151s\u00f6mt\u0151l \u00e9s ezt hallv\u00e1n a jelenl\u00e9v\u0151 Mikl\u00f3si Csab\u00e1\u00e9k &#8211; \u00c9va maga is helyt\u00f6rt\u00e9neti k\u00f6nyvt\u00e1ros &#8211; a zseb\u00fckbe ny\u00faltak \u00e9s kifizett\u00e9k a h\u00fasz ezer forintot, \u00edgy a m\u00fazeum\u00e9 lehetett az anyag. Ugyanilyen \u00f6nzetlens\u00e9gr\u0151l tett tan\u00fabizonys\u00e1got az a Sztrilich Gy\u00f6rgy, aki Budapestr\u0151l s\u00falyos betegen is kij\u00e1rt hozz\u00e1nk \u00e9s a National Geographic Magazin hi\u00e1nyz\u00f3 \u00e9vfolyamait \u2013 r\u00e1ad\u00e1sul bek\u00f6tve \u2013 idejuttatta k\u00f6nyvt\u00e1runknak.&nbsp;<\/p>\n<p class=\"text-align-justify\">-\u00dagy tudom, enn\u00e9l vesz\u00e9lyesebb v\u00e1llalkoz\u00e1snak bizonyult a Tulogdi-hagyat\u00e9k megment\u00e9se. A legnehezebb p\u00e1rt\u00e1llami id\u0151kben 1986-ban a kis Skod\u00e1j\u00e1val indultak el Kolozsv\u00e1rra \u00fagy, hogy semmilyen hivatalos, miniszt\u00e9riumi t\u00e1mogat\u00e1s nem volt a birtokukban. Mik\u00e9nt siker\u00fclt lek\u00fczdeni a f\u00e9lelm\u00e9t, hiszen ak\u00e1r le is tart\u00f3zhatt\u00e1k volna a rom\u00e1n hat\u00f3s\u00e1gok?&nbsp;<\/p>\n<p class=\"text-align-justify\">-A vesz\u00e9ly nem riasztott el minket, mert tudtuk, hogy j\u00f3 \u00fcgyet szolg\u00e1lunk, n\u00e9lk\u00fcl\u00fcnk elpusztuln\u00e1nak az \u00e9rt\u00e9kes erd\u00e9lyi hagyat\u00e9kok, amelyeknek n\u00e1lunk van a helye. Tal\u00e1n \u0151seim erd\u00e9lyi sz\u00e1rmaz\u00e1sa is lelkes\u00edtett, hiszen nagyany\u00e1m t\u00f6lgyesi volt, \u00e9desany\u00e1m pedig a Kolozsv\u00e1r melletti Hidegszamoson sz\u00fcletett. \u0150k a m\u00e1sodik vil\u00e1gh\u00e1bor\u00fa v\u00e9g\u00e9n j\u00f6ttek \u00e1t Magyarorsz\u00e1gra. K\u00fcldet\u00e9s\u00fcnk sor\u00e1n a legforr\u00f3bb pillanat az volt, amikor \u00e9jf\u00e9l fel\u00e9 Nagyv\u00e1rad belter\u00fclet\u00e9n gyorshajt\u00e1s\u00e9rt lekapcsoltak minket \u00e9s a b\u00fcntet\u00e9st csak lengyel aut\u00f3sok seg\u00edts\u00e9g\u00e9vel tudtuk kifizetni. \u0150k ugyanis megv\u00e1s\u00e1rolt\u00e1k a n\u00e1lunk l\u00e9v\u0151 magyar italokat. Hogy el ne aludjak az \u00e9jszakai vezet\u00e9s k\u00f6zben, Kubassek J\u00e1nos v\u00e9gig sz\u00f3val tartott. A hat\u00e1rellen\u0151rz\u00e9sn\u00e9l is szerencs\u00e9nk volt, mert a v\u00e1lt\u00e1sra \u00e9rt\u00fcnk oda \u00e9s kev\u00e9sb\u00e9 volt m\u00e1r kedv\u00fck a hat\u00e1r\u0151r\u00f6knek a vizsg\u00e1lathoz.<\/p>\n<p class=\"text-align-justify\">-A m\u00fazeumkert szoborparkj\u00e1nak kialak\u00edt\u00e1s\u00e1ban \u00f6nnek \u00e9s legend\u00e1s Skod\u00e1j\u00e1nak is jelent\u0151s r\u00e9sze volt. Ez a sokat meg\u00e9lt, harcedzett j\u00e1rm\u0171 milyen utakr\u00f3l mes\u00e9lne m\u00e9g, ha tudna?&nbsp;<\/p>\n<p class=\"text-align-justify\">-K\u00e9ts\u00e9gtelen\u00fcl \u00e9rdemes megeml\u00edteni, hogy ezzel a Skod\u00e1val hoztuk el a s\u00f3sk\u00fati k\u0151b\u00e1ny\u00e1b\u00f3l a szoboralapzatul szolg\u00e1l\u00f3 k\u0151t\u00f6mb\u00f6ket is, \u00e9n meg izgultam, nehogy kiszakadjon a kocsi alja! Vagy a k\u00e9s\u0151bbi koll\u00e9g\u00e1nk, Vernyik Pali \u00e9s t\u00e1rsai \u00e1ltal, a piac melletti szem\u00e9t k\u00f6zt tal\u00e1lt, 1790-es s\u00edrk\u0151 is ennek a Skod\u00e1nak k\u00f6sz\u00f6nhet\u0151en ker\u00fclt m\u00fazeumunkba. J\u00e1rtunk vele, a kezdem\u00e9nyez\u00e9semre, az ajkai Csinger-v\u00f6lgy temet\u0151j\u00e9ben nyugv\u00f3 Moln\u00e1r G\u00e1bor vad\u00e1sz\u00edr\u00f3 s\u00edrj\u00e1n\u00e1l is, amit Veszpr\u00e9m megyei illet\u0151s\u00e9gem motiv\u00e1lt. Ahogyan Cholnoky Jen\u0151 v\u00edzfestm\u00e9nyei nyom\u00e1ban tett Balaton-felvid\u00e9ki aut\u00f3t\u00far\u00e1imra, az ottani \u00c1rp\u00e1d-kori templomromokhoz, a tihanyi bar\u00e1tcell\u00e1khoz is ezzel a harcedzett j\u00e1rm\u0171vel siker\u00fclt eljutnom.<\/p>\n<p class=\"text-align-justify\">-Noha b\u00facs\u00fat intett a tan\u00edt\u00e1snak, m\u00fazeumpedag\u00f3gusk\u00e9nt rengeteg gyermekkel tal\u00e1lkozhatott, akiknek imm\u00e1r k\u00f6tetlenebb form\u00e1ban adhatta \u00e1t ismereteit. Soha nem hi\u00e1nyzott \u00f6nnek az \u201eigazi\u201d katedra?&nbsp;<\/p>\n<p class=\"text-align-justify\">-Az iskola nem hi\u00e1nyzott, mert sz\u00e1momra a helyt\u00f6rt\u00e9neti vet\u00e9lked\u0151k \u00e9s a t\u00e1rlatvezet\u00e9sek sor\u00e1n az \u00f3vod\u00e1sokt\u00f3l az egyetemist\u00e1kig tal\u00e1lkozhattam gyermekekkel \u00e9s fiatalokkal. \u00d6r\u00f6mmel voltam a t\u00e1rsas\u00e1gukban, mint ahogyan kellemes \u00e9s h\u00e1l\u00e1s feladat volt sz\u00e1momra a nyugd\u00edjasok kalauzol\u00e1sa is, mert ilyenkor egyr\u00e9szt \u00e9n is \u00faj szempontokkal gazdagodtam, m\u00e1sr\u00e9szt k\u00f6zvetlen \u00e9rzelmi visszajelz\u00e9st kaptam a r\u00e9sz\u00fckr\u0151l, el\u0151fordult, hogy m\u00e9g meg is tapsoltak.<\/p>\n<p class=\"text-align-justify\">-Mekkora k\u00f6nyvt\u00e1rat gondozott \u00e9s vajon mik\u00e9nt siker\u00fclt a sok-sok adatot, ismeretet k\u00edv\u00fclr\u0151l megtanulni?<\/p>\n<p class=\"text-align-justify\">-K\u00f6zel 14 ezres k\u00f6nyvt\u00e1rat siker\u00fclt l\u00e9trehozni, f\u0151leg egyetemi tan\u00e1rok, kutat\u00f3k hagyat\u00e9k\u00e1b\u00f3l, m\u00fazeumi cserekapcsolatokb\u00f3l, \u00e1rver\u00e9seken \u2013 ak\u00e1r szombati napokon \u2013 val\u00f3 r\u00e9szv\u00e9telek \u00e9s v\u00e1s\u00e1rl\u00e1sok r\u00e9v\u00e9n. T\u00f6bb ritka, \u00e9rt\u00e9kes 19. sz\u00e1zadi kiadv\u00e1nyt \u00e1rver\u00e9sen siker\u00fclt megv\u00e1s\u00e1rolni, p\u00e9ld\u00e1ul V\u00e1mb\u00e9ry \u00c1rmin k\u00f6nyveit. Nekem napi szinten kellett az igazgat\u00f3 urat kiszolg\u00e1lni, ismernem kellett a k\u00f6nyv\u00e1llom\u00e1nyt, milyen k\u00f6nyveink vannak \u00e9s mit tartalmaznak. Ezt seg\u00edtette a sz\u00e1m\u00edt\u00f3g\u00e9pes, vagy pap\u00edralap\u00fa katal\u00f3gus, de id\u0151vel az ember fej\u00e9ben is m\u00e1r rengeteg adat ber\u00f6gz\u00fclt.<\/p>\n<p class=\"text-align-justify\">-A napi feladatai mellett cikkeket, tanulm\u00e1nyokat \u00edrt, \u00e9s egy igen \u00e9rt\u00e9kes monogr\u00e1fia, az \u00c9rdi helyt\u00f6rt\u00e9neti kaleidoszk\u00f3p is az \u00f6n nev\u00e9hez f\u0171z\u0151dik.<\/p>\n<p class=\"text-align-justify\">-Az igazi nagy kutat\u00e1si \u00f6n\u00e1ll\u00f3 m\u0171 az \u00c9rd iskolat\u00f6rt\u00e9nete, amely r\u00e9v\u00e9n \u2013 ha nem is egy iskol\u00e1r\u00f3l, hanem t\u00f6bbr\u0151l k\u00e9sz\u00fclt \u2013 egy fiatalkori v\u00e1gyam teljes\u00fclt. M\u00e9gis b\u00fcszk\u00e9bb vagyok a cikkeimre, mert azok sz\u00e9lesebb k\u00f6rh\u00f6z jutottak el, ak\u00e1rcsak az els\u0151 \u00e9rdi idegenforgalmi kiadv\u00e1nyok, vagy a r\u00f6vid v\u00e1rost\u00f6rt\u00e9netet ismertet\u0151 prospektusok. Kedvencem m\u00e9g a Vasn\u00e9 T\u00f3th Korn\u00e9lia k\u00f6nyvt\u00e1rossal k\u00f6z\u00f6sen \u00edrt \u00c9rdi id\u0151utaz\u00e1s c\u00edm\u0171 v\u00e1rost\u00f6rt\u00e9neti munkaf\u00fczet. A m\u00fazeumalap\u00edt\u00f3 Bal\u00e1zs D\u00e9nes k\u00e9r\u00e9s\u00e9re t\u00f6bb sz\u00f3cikket \u00edrtam a Magyar utaz\u00f3k lexikon\u00e1ba is. Az \u00c9rdi kaleidoszk\u00f3p sajnos csak kis p\u00e9ld\u00e1nysz\u00e1mban jelent meg, \u00edgy a v\u00e1rosi k\u00f6nyvt\u00e1rba, iskol\u00e1kba ker\u00fclt, \u00e9s legfeljebb a leg\u00e9rdekl\u0151d\u0151bb lok\u00e1lpatri\u00f3t\u00e1k szereztek be egy-egy p\u00e9ld\u00e1nyt bel\u0151le. \u00cdgy is \u00f6r\u00fclhett\u00fcnk, hogy igazgat\u00f3nk j\u00f3 kapcsolat\u00e1nak k\u00f6sz\u00f6nhet\u0151en, a veszpr\u00e9mi egyetem kinyomtatta sz\u00e1munkra.<\/p>\n<p class=\"text-align-justify\">-Mi\u00e9rt tartotta, tartja fontosnak a helyt\u00f6rt\u00e9neti kutat\u00f3munk\u00e1t, mi\u00e9rt \u00edrt annyit \u00f6nszorgalomb\u00f3l, k\u00f6telezetts\u00e9g n\u00e9lk\u00fcl?<\/p>\n<p class=\"text-align-justify\">-Egyr\u00e9szt a v\u00e9gzetts\u00e9gem ok\u00e1n. T\u00f6rt\u00e9n\u00e9sz vagyok \u00e9s b\u00e1r alkati okokb\u00f3l elhagytam a pedag\u00f3gusi p\u00e1ly\u00e1t, \u00f6nmagam kiteljes\u00edt\u00e9s\u00e9t szakm\u00e1mban, els\u0151sorban a helyi t\u00f6rt\u00e9nelem kutat\u00e1s\u00e1ban, n\u00e9pszer\u0171s\u00edt\u00e9s\u00e9ben sz\u00fcks\u00e9gesnek \u00e9rzem. A p\u00e9nz, hatalom, h\u00edrn\u00e9v talmi \u00e9rt\u00e9keinek hajszol\u00e1sa helyett sokkal ink\u00e1bb az alkot\u00e1s nemes v\u00e1gya \u00e9s tud\u00e1som \u00e1tad\u00e1s\u00e1nak \u00f6r\u00f6me hajtott. Ez v\u00e1lt \u00e9letem egyik f\u0151 \u00e9rtelm\u00e9v\u00e9, mondhatn\u00e1m sorsomm\u00e1. M\u00e1sr\u00e9szt mor\u00e1lis k\u00e9sztet\u00e9st \u00e9reztem arra, hogy visszaadjak valamennyit a k\u00f6z\u00f6ss\u00e9gnek, amelyben \u00e9lek. Orb\u00e1n Bal\u00e1zzsal \u00e9s Bal\u00e1zs D\u00e9nessel vallom: mindny\u00e1junknak k\u00f6teless\u00e9ge legal\u00e1bb egy homokszemet odavetni nemzeti m\u0171velts\u00e9g\u00fcnk pomp\u00e1s \u00e9p\u00fclet\u00e9hez. Nekem els\u0151sorban az engem befogad\u00f3 \u00c9rd m\u00faltj\u00e1nak t\u00f6rt\u00e9neti irodalm\u00e1hoz siker\u00fclt \u201eodavetni\u201d ezt a homokszemet. Majd a j\u00f6v\u0151 d\u00f6nti el, hogy ebb\u0151l mennyi a hasznos \u00e9s maradand\u00f3 \u00e9rt\u00e9k. A fiatal ut\u00f3doknak, munkat\u00e1rsaknak azt k\u00edv\u00e1nom, hogy t\u00e1maszkodjanak el\u0151deik eredm\u00e9nyeire \u00e9s ahol lehet korrig\u00e1lj\u00e1k \u00e9s haladj\u00e1k meg azokat olyan lelkesed\u00e9ssel, ahogy mi tett\u00fck.<\/p>\n<p class=\"text-align-justify\">-Gy\u0171jt\u0151munk\u00e1ja sor\u00e1n mik\u00e9nt jutott hozz\u00e1 adatokhoz, t\u00e1rgyakhoz, hogyan siker\u00fclt megnyerni az emberek bizalm\u00e1t?&nbsp;<\/p>\n<p class=\"text-align-justify\">-Az emberek sz\u00edvesen adakoznak, ha l\u00e1tj\u00e1k, hogy j\u00f3 \u00fcgyr\u0151l van sz\u00f3, k\u00f6zkinccs\u00e9 v\u00e1lnak egy m\u00fazeumban csal\u00e1di hagyat\u00e9kaik. Lev\u00e9lt\u00e1rakban, r\u00e9gi \u00fajs\u00e1gokban kutatni is izgalmas feladat volt. P\u00e9ld\u00e1ul az iskolat\u00f6rt\u00e9nethez elk\u00e9sz\u00edtettem az igazgat\u00f3k \u00e9letrajzait vagy igazgat\u00f3m k\u00e9r\u00e9s\u00e9re az Orsz\u00e1gos Sz\u00e9ch\u00e9nyi K\u00f6nyvt\u00e1rban Teleki P\u00e1lr\u00f3l a korabeli sajt\u00f3cikkeket n\u00e9ztem \u00e1t.<\/p>\n<p class=\"text-align-justify\">-M\u00e1sf\u00e9l \u00e9ve nyugd\u00edjas napjait \u00e9li. Vajon nem hi\u00e1nyoznak a napi munkafeladatok? Mivel t\u00f6lti az idej\u00e9t?&nbsp;<\/p>\n<p class=\"text-align-justify\">-Szerencs\u00e9re kisebb feladatok akadnak m\u00e9g sz\u00e1momra. Nemr\u00e9g k\u00e9sz\u00edtettem a v\u00e1ros 40 \u00e9ves jubileumi kiadv\u00e1nya kronol\u00f3gi\u00e1j\u00e1t, valamint a 2020. \u00e9vi falinapt\u00e1r utaz\u00f3kr\u00f3l sz\u00f3l\u00f3 sz\u00f6vegeit is \u00e9n fogalmazhattam. K\u00e9sz\u00fcl\u0151ben van Reguly Antal eml\u00e9khelyeinek lef\u00e9nyk\u00e9pez\u00e9se \u00e9s ismertet\u00e9se, amit a k\u00f6vetkez\u0151 F\u00f6ldrajzi M\u00fazeumi Tanulm\u00e1nyokban k\u00e9sz\u00fcl\u00f6k publik\u00e1lni. De ma m\u00e1r a munka helyett f\u0151leg a csal\u00e1dra \u00f6sszpontos\u00edthatok, mert \u0151k \u2013 l\u00e1nyom \u00e9s Bal\u00e1zs unok\u00e1m \u2013 jelentik a j\u00f6v\u0151t \u00e9s sz\u00e1momra a szeretet a legf\u0151bb boldogs\u00e1g. Mostan\u00e1ban t\u00f6bbet vagyok a szabad leveg\u0151n, mert a l\u00e1nyom\u00e9k kertj\u00e9nek gondoz\u00e1s\u00e1t is \u00f6r\u00f6mmel elv\u00e9gzem. A j\u00f3 p\u00e9ld\u00e1val unok\u00e1mban is siker\u00fclt a munkaszeretetet kialak\u00edtani, a maga kis ter\u00fclet\u00e9t \u0151 is rendben tartja, s\u0151t m\u00e1r \u0151 \u00f6szt\u00f6n\u00f6z, biztat engem alaposabb munk\u00e1ra. Az olvas\u00e1sban is igyekszem bep\u00f3tolni mindazt, amire eddig nem volt id\u0151m, emellett a keresztrejtv\u00e9ny fejt\u00e9ssel pr\u00f3b\u00e1lom frissen tartani agyamat. K\u00fcl\u00f6nb\u00f6z\u0151 kultur\u00e1lis esem\u00e9nyekre is elj\u00e1rok \u00e9s ha j\u00f3 az id\u0151, ker\u00e9kp\u00e1rozom, vagy kir\u00e1ndulok. K\u00f6zben id\u0151t sz\u00e1nok arra is, hogy az internetes k\u00f6z\u00f6ss\u00e9gi oldalon n\u00e9pszer\u0171s\u00edtsem a m\u00fazeumot, a legend\u00e1s vil\u00e1gj\u00e1r\u00f3 utaz\u00f3kat, vagy \u00c9rd \u00e9rt\u00e9keit.&nbsp;<br \/>\n&nbsp;<\/p>","protected":false},"excerpt":{"rendered":"<p>B\u00e1r t\u00f6rt\u00e9nelem-orosz szakos pedag\u00f3gusnak k\u00e9sz\u00fclt, j\u00f3 emberismer\u0151 tan\u00e1rai el\u0151re megj\u00f3solt\u00e1k, hogy nem az iskolai tan\u00edt\u00e1sban, hanem a kutat\u00f3munk\u00e1ban leli majd \u00f6r\u00f6m\u00e9t. Igazuk lett. Interj\u00fa Kov\u00e1cs S\u00e1ndor k\u00f6nyvt\u00e1ros-helyt\u00f6rt\u00e9n\u00e9sszel.<\/p>","protected":false},"author":8,"featured_media":0,"comment_status":"","ping_status":"","sticky":false,"template":"","format":"standard","meta":{"_acf_changed":false,"_seopress_robots_primary_cat":"","_seopress_titles_title":"","_seopress_titles_desc":"","_seopress_robots_index":"","site-sidebar-layout":"default","site-content-layout":"","ast-site-content-layout":"default","site-content-style":"default","site-sidebar-style":"default","ast-global-header-display":"","ast-banner-title-visibility":"","ast-main-header-display":"","ast-hfb-above-header-display":"","ast-hfb-below-header-display":"","ast-hfb-mobile-header-display":"","site-post-title":"","ast-breadcrumbs-content":"","ast-featured-img":"","footer-sml-layout":"","ast-disable-related-posts":"","theme-transparent-header-meta":"","adv-header-id-meta":"","stick-header-meta":"","header-above-stick-meta":"","header-main-stick-meta":"","header-below-stick-meta":"","astra-migrate-meta-layouts":"default","ast-page-background-enabled":"default","ast-page-background-meta":{"desktop":{"background-color":"","background-image":"","background-repeat":"repeat","background-position":"center center","background-size":"auto","background-attachment":"scroll","background-type":"","background-media":"","overlay-type":"","overlay-color":"","overlay-opacity":"","overlay-gradient":""},"tablet":{"background-color":"","background-image":"","background-repeat":"repeat","background-position":"center center","background-size":"auto","background-attachment":"scroll","background-type":"","background-media":"","overlay-type":"","overlay-color":"","overlay-opacity":"","overlay-gradient":""},"mobile":{"background-color":"","background-image":"","background-repeat":"repeat","background-position":"center center","background-size":"auto","background-attachment":"scroll","background-type":"","background-media":"","overlay-type":"","overlay-color":"","overlay-opacity":"","overlay-gradient":""}},"ast-content-background-meta":{"desktop":{"background-color":"var(--ast-global-color-5)","background-image":"","background-repeat":"repeat","background-position":"center center","background-size":"auto","background-attachment":"scroll","background-type":"","background-media":"","overlay-type":"","overlay-color":"","overlay-opacity":"","overlay-gradient":""},"tablet":{"background-color":"var(--ast-global-color-5)","background-image":"","background-repeat":"repeat","background-position":"center center","background-size":"auto","background-attachment":"scroll","background-type":"","background-media":"","overlay-type":"","overlay-color":"","overlay-opacity":"","overlay-gradient":""},"mobile":{"background-color":"var(--ast-global-color-5)","background-image":"","background-repeat":"repeat","background-position":"center center","background-size":"auto","background-attachment":"scroll","background-type":"","background-media":"","overlay-type":"","overlay-color":"","overlay-opacity":"","overlay-gradient":""}},"footnotes":""},"categories":[1],"cikk_cimkek":[5,10],"content_flags":[348],"content_icons":[],"class_list":["post-5967","post","type-post","status-publish","format-standard","hentry","category-erdmost","cikk_cimkek-kultura","cikk_cimkek-portre","content_flags-top"],"acf":[],"_links":{"self":[{"href":"https:\/\/erdmost.hu\/en\/wp-json\/wp\/v2\/posts\/5967","targetHints":{"allow":["GET"]}}],"collection":[{"href":"https:\/\/erdmost.hu\/en\/wp-json\/wp\/v2\/posts"}],"about":[{"href":"https:\/\/erdmost.hu\/en\/wp-json\/wp\/v2\/types\/post"}],"author":[{"embeddable":true,"href":"https:\/\/erdmost.hu\/en\/wp-json\/wp\/v2\/users\/8"}],"replies":[{"embeddable":true,"href":"https:\/\/erdmost.hu\/en\/wp-json\/wp\/v2\/comments?post=5967"}],"version-history":[{"count":0,"href":"https:\/\/erdmost.hu\/en\/wp-json\/wp\/v2\/posts\/5967\/revisions"}],"wp:attachment":[{"href":"https:\/\/erdmost.hu\/en\/wp-json\/wp\/v2\/media?parent=5967"}],"wp:term":[{"taxonomy":"category","embeddable":true,"href":"https:\/\/erdmost.hu\/en\/wp-json\/wp\/v2\/categories?post=5967"},{"taxonomy":"cikk_cimkek","embeddable":true,"href":"https:\/\/erdmost.hu\/en\/wp-json\/wp\/v2\/cikk_cimkek?post=5967"},{"taxonomy":"content_flags","embeddable":true,"href":"https:\/\/erdmost.hu\/en\/wp-json\/wp\/v2\/content_flags?post=5967"},{"taxonomy":"content_icons","embeddable":true,"href":"https:\/\/erdmost.hu\/en\/wp-json\/wp\/v2\/content_icons?post=5967"}],"curies":[{"name":"wp","href":"https:\/\/api.w.org\/{rel}","templated":true}]}}