{"id":5229,"date":"2019-11-20T18:18:53","date_gmt":"2019-11-20T18:18:53","guid":{"rendered":"https:\/\/wp.erdmost.hu\/2019\/11\/20\/jelentos-valtozasok-szakkepzesben\/"},"modified":"2019-11-20T18:18:53","modified_gmt":"2019-11-20T18:18:53","slug":"jelentos-valtozasok-szakkepzesben","status":"publish","type":"post","link":"https:\/\/erdmost.hu\/en\/2019\/11\/20\/jelentos-valtozasok-szakkepzesben\/","title":{"rendered":"Jelent\u0151s v\u00e1ltoz\u00e1sok a szakk\u00e9pz\u00e9sben"},"content":{"rendered":"<p>Teljesen \u00e1talakul a szakk\u00e9pz\u00e9s rendszere; a t\u00f6rv\u00e9nyjavaslatot kedden fogadta el az Orsz\u00e1ggy\u0171l\u00e9s. Az \u00faj szakk\u00e9pz\u00e9si t\u00f6rv\u00e9ny \u00e9rtelm\u00e9ben a 2020\/2021-es tan\u00e9vt\u0151l a szakk\u00e9pz\u0151 int\u00e9zm\u00e9nyeknek k\u00e9t t\u00edpusa lesz: a technikum \u00e9s a szakk\u00e9pz\u0151 iskola (most szakgimn\u00e1zium \u00e9s szakk\u00f6z\u00e9piskola). M\u00edg most a szakgimn\u00e1ziumi k\u00e9pz\u00e9s n\u00e9gy\u00e9ves, a technikusk\u00e9pz\u00e9s \u00f6t\u00e9ves lesz. Az egyik c\u00e9l az, hogy a technikusi k\u00e9pz\u00e9sb\u0151l egyenes \u00fat vezethessen a fels\u0151oktat\u00e1sba; a technikusi vizsga emelt szint\u0171 \u00e9retts\u00e9ginek felel majd meg. <span id=\"ctl05_lbBody\">A m\u00e1sik c\u00e9l az, hogy ezzel a k\u00e9pz\u00e9ssel kinevelhet\u0151 legyen a (ma p\u00e9ld\u00e1ul a j\u00e1rm\u0171- \u00e9s a vegyiparb\u00f3l hi\u00e1nyz\u00f3) k\u00f6z\u00e9pvezet\u0151i k\u00f6r<\/span> A technikum k\u00e9t\u00e9ves alapoz\u00f3 k\u00e9pz\u00e9ssel indul majd, ezt h\u00e1rom\u00e9ves szakmai k\u00e9pz\u00e9s k\u00f6veti. A szakk\u00e9pz\u0151 iskol\u00e1ban egy\u00e9ves lesz az alapoz\u00f3 k\u00e9pz\u00e9s.<\/p>\n<p><drupal-entity data-align=\"center\" data-embed-button=\"image_embed\" data-entity-embed-display=\"view_mode:media.embed_image_into_article\" data-entity-type=\"media\" data-entity-uuid=\"061bde48-b868-46e5-b781-22d389b8ab16\"><\/drupal-entity><\/p>\n<p>A di\u00e1kok tanulm\u00e1nyi \u00f6szt\u00f6nd\u00edjban r\u00e9szes\u00fclnek majd, eredm\u00e9ny\u00fckt\u0151l f\u00fcgg\u0151 m\u00e9rt\u00e9kben. P\u00f6l\u00f6skei G\u00e1born\u00e9, az Innov\u00e1ci\u00f3s \u00e9s Technol\u00f3giai Miniszt\u00e9rium (ITM) szakk\u00e9pz\u00e9s\u00e9rt \u00e9s feln\u0151ttk\u00e9pz\u00e9s\u00e9rt felel\u0151s helyettes \u00e1llamtitk\u00e1ra kor\u00e1bban \u00fagy nyilatkozott: a szakk\u00e9pz\u00e9si \u00f6szt\u00f6nd\u00edj a szakk\u00e9pz\u0151 iskol\u00e1k 9. \u00e9vfolyam\u00e1ban egys\u00e9gesen 14 ezer forint, majd a teljes\u00edtm\u00e9nyt\u0151l f\u00fcgg\u0151en 10 ezer \u00e9s 50 ezer forint k\u00f6z\u00f6tt lesz azoknak, akik nem vesznek r\u00e9szt du\u00e1lis k\u00e9pz\u00e9sben. A technikumokban a 9. \u00e9s 10. \u00e9vfolyamosok havi 7 ezer forintot kapnak egys\u00e9gesen, \u00e9s tov\u00e1bbi juttat\u00e1sokra is jogosultak. \u00d6szt\u00f6nd\u00edjat a munkaszerz\u0151d\u00e9ssel nem rendelkez\u0151k kaphatnak, a du\u00e1lis k\u00e9pz\u00e9sben r\u00e9szt vev\u0151k a minim\u00e1lb\u00e9r 25-60 sz\u00e1zal\u00e9k\u00e1ra sz\u00e1m\u00edthatnak, ami az utols\u00f3 \u00e9vben ak\u00e1r 100 sz\u00e1zal\u00e9kra is emelkedhet. A sikeres szakmai vizsg\u00e1t k\u00f6vet\u0151en a tanul\u00f3k vizsgaeredm\u00e9nyt\u0151l f\u00fcgg\u0151en 150 ezer \u00e9s 300 ezer forint k\u00f6z\u00f6tti \u00f6sszeget kaphatnak.<\/p>\n<p><iframe width=\"560\" height=\"315\" src=\"https:\/\/www.youtube.com\/embed\/8hWSgEXj_pM\"  frameborder=\"0\" allow=\"accelerometer; autoplay; clipboard-write; encrypted-media; gyroscope; picture-in-picture\" allowfullscreen><\/iframe><\/p>\n<p>V\u00e1ltoz\u00e1st jelent az is, hogy a szakk\u00e9pz\u0151 int\u00e9zm\u00e9ny alkalmazottja az eddigi k\u00f6zalkalmazotti st\u00e1tus helyett munkaviszonyban vagy megb\u00edz\u00e1si jogviszonyban \u00e1llhat majd. Ezt azzal indokolt\u00e1k, hogy a k\u00f6zalkalmazotti b\u00e9rt\u00e1bla a szakk\u00e9pz\u00e9s sz\u00e1m\u00e1ra nem felel meg, hiszen a m\u0171szaki v\u00e9gzetts\u00e9g\u0171 oktat\u00f3kat csak versenyk\u00e9pes fizet\u00e9ssel lehet a tan\u00e1ri p\u00e1ly\u00e1n tartani, \u00e9s a tapasztalt szakemberek r\u00e9szv\u00e9tele is csak \u00edgy biztos\u00edthat\u00f3 a szakk\u00e9pz\u00e9sben.<\/p>\n<p>A v\u00e1ltoz\u00e1sokat a 2020\/2021-es tan\u00e9vt\u0151l felmen\u0151 rendszerben vezetik be; a jogszab\u00e1ly szakaszosan l\u00e9p hat\u00e1lyba, legt\u00f6bb paragrafusa 2020. janu\u00e1r l-j\u00e9t\u0151l hat\u00e1lyos \u2013 \u00edrja az MTI.<\/p>\n<p><drupal-entity data-align=\"center\" data-embed-button=\"image_embed\" data-entity-embed-display=\"view_mode:media.embed_image_into_article\" data-entity-type=\"media\" data-entity-uuid=\"54a35ef7-2495-41d9-bf3a-3cba3243fd86\"><\/drupal-entity><\/p>\n<p>Az \u00c9SZC K\u00f3s K\u00e1roly Szakk\u00e9pz\u0151 Iskol\u00e1ja szerd\u00e1n tartotta Nyitott m\u0171helyek programj\u00e1t, amelyen a p\u00e1lyav\u00e1laszt\u00e1s el\u0151tt \u00e1ll\u00f3 tanul\u00f3k megismerkedhettek az iskola tanm\u0171helyeiben foly\u00f3 munk\u00e1val. Ebb\u0151l az alkalomb\u00f3l D\u00f3sa Edit gyakorlatioktat\u00e1s-vezet\u0151t arr\u00f3l k\u00e9rdezt\u00fck, hogy fentieken k\u00edv\u00fcl milyen v\u00e1ltoz\u00e1sok v\u00e1rhat\u00f3ak az iskol\u00e1ban az \u00faj szakk\u00e9pz\u00e9si t\u00f6rv\u00e9nynek k\u00f6sz\u00f6nhet\u0151en, \u00e9s mi az, ami v\u00e1ltozatlan marad.<\/p>\n<p>A beiskol\u00e1z\u00e1s szempontj\u00e1b\u00f3l az egyik legfontosabb dolog tal\u00e1n az, hogy a felv\u00e9teli rendszer nem v\u00e1ltozik, azaz a K\u00f3s iskol\u00e1ban tov\u00e1bbra sincs sz\u00fcks\u00e9g k\u00f6zponti \u00edr\u00e1sbelire, csak a tanulm\u00e1nyi \u00e1tlagot n\u00e9zik. (Emellett a jelentkez\u0151knek meg kell felelni\u00fck az eg\u00e9szs\u00e9g\u00fcgyi alkalmass\u00e1gi vizsg\u00e1laton is, csak \u00edgy nyerhetnek felv\u00e9telt a v\u00e1lasztott k\u00e9pz\u00e9sre.)<\/p>\n<p>Ami v\u00e1ltozik, az a szakm\u00e1k elnevez\u00e9se: az aut\u00f3szerel\u0151 \u00faj megnevez\u00e9se g\u00e9pj\u00e1rm\u0171 mechatronikai technikus, a keresked\u0151b\u0151l keresked\u0151 \u00e9s web\u00e1ruh\u00e1zi technikus lett, az irodai titk\u00e1rb\u00f3l pedig v\u00e1llalkoz\u00e1s \u00fcgyviteli \u00fcgyint\u00e9z\u0151, a k\u00f6zszolg\u00e1lati \u00fcgyint\u00e9z\u0151b\u0151l pedig k\u00f6zszolg\u00e1lati technikus. Az elad\u00f3 kereskedelmi \u00e9rt\u00e9kes\u00edt\u0151 megnevez\u00e9st kapott. (B\u00e1r mint fentebb \u00edrtuk, 2020 szeptember\u00e9t\u0151l m\u00e1r nem csak a hi\u00e1nyszakm\u00e1kat tanul\u00f3knak j\u00e1r majd \u00f6szt\u00f6nd\u00edj, j\u00f3 tudni, hogy a k\u00f6vetkez\u0151 tan\u00e9veben a hi\u00e1nyszakm\u00e1k v\u00e1rhat\u00f3an a fest\u0151-m\u00e1zol\u00f3-tap\u00e9t\u00e1z\u00f3, a f\u0171t\u00e9s- \u00e9s g\u00e1zh\u00e1l\u00f3zat-rendszerszerel\u0151, a CNC \u00e9s g\u00e9pi forg\u00e1csol\u00f3, \u00e9s a szersz\u00e1m- \u00e9s k\u00e9sz\u00fcl\u00e9kgy\u00e1rt\u00f3 lesznek.)<\/p>\n<p><drupal-entity data-align=\"center\" data-embed-button=\"image_embed\" data-entity-embed-display=\"view_mode:media.embed_image_into_article\" data-entity-type=\"media\" data-entity-uuid=\"9ade126c-ea68-4029-8a34-7c6daaa2c8c2\"><\/drupal-entity><\/p>\n<p>Jelent\u0151s v\u00e1ltoz\u00e1st jelent, hogy a mostani gyakorlattal ellent\u00e9tben a di\u00e1koknak a h\u00e1rom\u00e9ves szakk\u00e9pz\u0151 iskola elv\u00e9gz\u00e9se ut\u00e1n nappali tagozaton m\u00e1r nem lesz m\u00f3djuk \u00e9retts\u00e9git ny\u00fajt\u00f3 k\u00e9t\u00e9ves kieg\u00e9sz\u00edt\u0151 k\u00e9pz\u00e9st v\u00e9gezni. Ezt a lehet\u0151s\u00e9get az iskola v\u00e1rhat\u00f3an esti k\u00e9pz\u00e9s keret\u00e9ben tudja majd ny\u00fajtani a fiataloknak.<\/p>\n<p>\u2013 A hangs\u00faly a du\u00e1lis oktat\u00e1son lesz: a h\u00e1rom\u00e9ves k\u00e9pz\u00e9sben a di\u00e1k nemcsak az iskol\u00e1ban, hanem v\u00e1llalatokn\u00e1l, k\u00e9pz\u0151helyeken, gazd\u00e1lkod\u00f3 szervezetekn\u00e9l t\u00f6lti a gyakorlat\u00e1t. A szakmatanul\u00e1sn\u00e1l a gyakorlat lesz t\u00f6bb \u00f3rasz\u00e1mban, mint az elm\u00e9let \u2013 z\u00e1rta szavait D\u00f3sa Edit.<\/p>\n<p>&nbsp;<\/p>\n<p>&nbsp;<\/p>\n<p>&nbsp;<\/p>","protected":false},"excerpt":{"rendered":"<p>Teljesen \u00e1talakul a szakk\u00e9pz\u00e9s rendszere; a t\u00f6rv\u00e9nyjavaslatot kedden fogadta el az Orsz\u00e1ggy\u0171l\u00e9s. A most felv\u00e9teliz\u0151 nyolcadikosokat m\u00e1r \u00e9rinti az \u00faj t\u00f6rv\u00e9ny. Cikk\u00fcnkben \u00f6sszegy\u0171jt\u00f6tt\u00fck a legfontosabb v\u00e1ltoz\u00e1sokat, \u00e1ltal\u00e1noss\u00e1gban \u00e9s a K\u00f3s iskola tekintet\u00e9ben is.<\/p>","protected":false},"author":5,"featured_media":0,"comment_status":"","ping_status":"","sticky":false,"template":"","format":"standard","meta":{"_acf_changed":false,"_seopress_robots_primary_cat":"","_seopress_titles_title":"","_seopress_titles_desc":"","_seopress_robots_index":"","site-sidebar-layout":"default","site-content-layout":"","ast-site-content-layout":"default","site-content-style":"default","site-sidebar-style":"default","ast-global-header-display":"","ast-banner-title-visibility":"","ast-main-header-display":"","ast-hfb-above-header-display":"","ast-hfb-below-header-display":"","ast-hfb-mobile-header-display":"","site-post-title":"","ast-breadcrumbs-content":"","ast-featured-img":"","footer-sml-layout":"","ast-disable-related-posts":"","theme-transparent-header-meta":"","adv-header-id-meta":"","stick-header-meta":"","header-above-stick-meta":"","header-main-stick-meta":"","header-below-stick-meta":"","astra-migrate-meta-layouts":"default","ast-page-background-enabled":"default","ast-page-background-meta":{"desktop":{"background-color":"","background-image":"","background-repeat":"repeat","background-position":"center center","background-size":"auto","background-attachment":"scroll","background-type":"","background-media":"","overlay-type":"","overlay-color":"","overlay-opacity":"","overlay-gradient":""},"tablet":{"background-color":"","background-image":"","background-repeat":"repeat","background-position":"center center","background-size":"auto","background-attachment":"scroll","background-type":"","background-media":"","overlay-type":"","overlay-color":"","overlay-opacity":"","overlay-gradient":""},"mobile":{"background-color":"","background-image":"","background-repeat":"repeat","background-position":"center center","background-size":"auto","background-attachment":"scroll","background-type":"","background-media":"","overlay-type":"","overlay-color":"","overlay-opacity":"","overlay-gradient":""}},"ast-content-background-meta":{"desktop":{"background-color":"var(--ast-global-color-5)","background-image":"","background-repeat":"repeat","background-position":"center center","background-size":"auto","background-attachment":"scroll","background-type":"","background-media":"","overlay-type":"","overlay-color":"","overlay-opacity":"","overlay-gradient":""},"tablet":{"background-color":"var(--ast-global-color-5)","background-image":"","background-repeat":"repeat","background-position":"center center","background-size":"auto","background-attachment":"scroll","background-type":"","background-media":"","overlay-type":"","overlay-color":"","overlay-opacity":"","overlay-gradient":""},"mobile":{"background-color":"var(--ast-global-color-5)","background-image":"","background-repeat":"repeat","background-position":"center center","background-size":"auto","background-attachment":"scroll","background-type":"","background-media":"","overlay-type":"","overlay-color":"","overlay-opacity":"","overlay-gradient":""}},"footnotes":""},"categories":[1],"cikk_cimkek":[15],"content_flags":[348],"content_icons":[354],"class_list":["post-5229","post","type-post","status-publish","format-standard","hentry","category-erdmost","cikk_cimkek-kozelet","content_flags-top","content_icons-video"],"acf":[],"_links":{"self":[{"href":"https:\/\/erdmost.hu\/en\/wp-json\/wp\/v2\/posts\/5229","targetHints":{"allow":["GET"]}}],"collection":[{"href":"https:\/\/erdmost.hu\/en\/wp-json\/wp\/v2\/posts"}],"about":[{"href":"https:\/\/erdmost.hu\/en\/wp-json\/wp\/v2\/types\/post"}],"author":[{"embeddable":true,"href":"https:\/\/erdmost.hu\/en\/wp-json\/wp\/v2\/users\/5"}],"replies":[{"embeddable":true,"href":"https:\/\/erdmost.hu\/en\/wp-json\/wp\/v2\/comments?post=5229"}],"version-history":[{"count":0,"href":"https:\/\/erdmost.hu\/en\/wp-json\/wp\/v2\/posts\/5229\/revisions"}],"wp:attachment":[{"href":"https:\/\/erdmost.hu\/en\/wp-json\/wp\/v2\/media?parent=5229"}],"wp:term":[{"taxonomy":"category","embeddable":true,"href":"https:\/\/erdmost.hu\/en\/wp-json\/wp\/v2\/categories?post=5229"},{"taxonomy":"cikk_cimkek","embeddable":true,"href":"https:\/\/erdmost.hu\/en\/wp-json\/wp\/v2\/cikk_cimkek?post=5229"},{"taxonomy":"content_flags","embeddable":true,"href":"https:\/\/erdmost.hu\/en\/wp-json\/wp\/v2\/content_flags?post=5229"},{"taxonomy":"content_icons","embeddable":true,"href":"https:\/\/erdmost.hu\/en\/wp-json\/wp\/v2\/content_icons?post=5229"}],"curies":[{"name":"wp","href":"https:\/\/api.w.org\/{rel}","templated":true}]}}