{"id":5216,"date":"2019-11-20T10:51:20","date_gmt":"2019-11-20T10:51:20","guid":{"rendered":"https:\/\/wp.erdmost.hu\/2019\/11\/20\/hetvenezer-erdi-kozos-erdeke-szamit\/"},"modified":"2019-11-20T10:51:20","modified_gmt":"2019-11-20T10:51:20","slug":"hetvenezer-erdi-kozos-erdeke-szamit","status":"publish","type":"post","link":"https:\/\/erdmost.hu\/en\/2019\/11\/20\/hetvenezer-erdi-kozos-erdeke-szamit\/","title":{"rendered":"Hetvenezer \u00e9rdi k\u00f6z\u00f6s \u00e9rdeke sz\u00e1m\u00edt"},"content":{"rendered":"<p>M\u00e9sz\u00e1ros Andr\u00e1s, az \u00c9rdi Fidesz eln\u00f6ke az \u00c9rd TV m\u0171sor\u00e1ban \u00e9rt\u00e9kelte a v\u00e1laszt\u00e1s eredm\u00e9ny\u00e9t, mint mondta, b\u00edzott abban, hogy csapata folytathatja a megkezdett munk\u00e1t.<\/p>\n<p>\u2013 Az \u00e9rdiek m\u00e1sk\u00e9pp d\u00f6nt\u00f6ttek, tudom\u00e1sul kell venni, tudom\u00e1sul is vessz\u00fck. Szeretn\u00e9m felh\u00edvni arra a figyelmet, hogy van a polg\u00e1rmesteri \u00e9s a k\u00e9pvisel\u0151i esk\u00fcben is egy r\u00f6vid mondatr\u00e9sz, amely arr\u00f3l sz\u00f3l, hogy mindenben \u00c9rd Megyei Jog\u00fa V\u00e1ros jav\u00e1t fogom szolg\u00e1lni. Ezt az esk\u00fct mi letett\u00fck, \u00e9n m\u00e1r sokadj\u00e1ra, \u00e9s tov\u00e1bbra is \u00c9rd jav\u00e1t fogjuk szolg\u00e1lni avval a munk\u00e1val, amit elv\u00e9gz\u00fcnk a k\u00e9s\u0151bbiekben \u2013 fogalmazott a volt polg\u00e1rmester, aki imm\u00e1r hetedik ciklus\u00e1t kezdi meg a k\u00e9pvisel\u0151-test\u00fcletben. Hozz\u00e1tette: az egy\u00fcttm\u0171k\u00f6d\u00e9sre sz\u00fcks\u00e9g van ahhoz, hogy \u00c9rd val\u00f3ban egy vir\u00e1gz\u00f3 kertv\u00e1ross\u00e1 v\u00e1lhasson.<\/p>\n<p>\u2013 Ennek az alapjait mi leraktuk, nagyon sok p\u00e9nzt hagytunk itt a jelenlegi vezet\u00e9snek, rem\u00e9lem, hogy hathat\u00f3san fogj\u00e1k felhaszn\u00e1lni ezeket a milli\u00e1rdokat. A c\u00e9lok, amiket megfogalmaztunk az elm\u00falt 13 \u00e9vben, tov\u00e1bbra is k\u00f6vethet\u0151k, el\u00e9rend\u0151k. A mi feladatunk most az, hogy minden, ami j\u00f3 az \u00e9rdieknek, azt t\u00e1mogassuk, \u00e9s term\u00e9szetesen felemelj\u00fck a szavunkat, ha \u00fagy gondoljuk, hogy valami a v\u00e1ros, a k\u00f6z\u00f6ss\u00e9g \u00e9rdek\u00e9t s\u00e9rti \u2013 tette hozz\u00e1.<\/p>\n<p>\u2013 Mi nem fogjuk azt a gyakorlatot k\u00e9pviselni, hogy csak az\u00e9rt, mert kisebbs\u00e9gben vagyunk, egy k\u00f6lts\u00e9gvet\u00e9st ne fogadjunk el. Ha az a k\u00f6lts\u00e9gvet\u00e9s j\u00f3, megalapozott, akkor mi azt el fogjuk fogadni. Nem fogjuk azt a gyakorlatot folytatni, hogy szem\u00e9lyi k\u00e9rd\u00e9sekben mindig a kisebbs\u00e9g k\u00fcl\u00f6nv\u00e9lem\u00e9ny\u00e9t akarjuk hangs\u00falyozni, ha az a szem\u00e9lyi d\u00f6nt\u00e9s el\u0151re viszi a v\u00e1rost, akkor azt is t\u00e1mogatni tudjuk. Itt minden tekintetben ennek a 70 ezer embernek a k\u00f6z\u00f6s \u00e9rdeke sz\u00e1m\u00edt \u2013 hangs\u00falyozta T. M\u00e9sz\u00e1ros Andr\u00e1s.<\/p>\n<p>Mint azt elmondta, c\u00e9ljuk a beruh\u00e1z\u00e1sok megval\u00f3sul\u00e1s\u00e1nak fel\u00fcgyel\u00e9se, az, hogy az ipari park elk\u00e9sz\u00fclhessen \u00e9s a v\u00e1ros t\u00f6bb ad\u00f3bev\u00e9telhez juthasson \u00e9s bev\u00e9tele n\u00f6vekedhessen. A m\u00e1sik fontos, m\u00e1r megfogalmazott c\u00e9l, hogy a k\u00f6zm\u0171szolg\u00e1ltat\u00f3k val\u00f3ban a v\u00e1ros rendelkez\u00e9s\u00e9re tudjanak \u00e1llni. A v\u00edz \u00e9s a csatorna eset\u00e9ben a Modern V\u00e1rosok program keret\u00e9ben egy mintegy 3 milli\u00e1rdos forr\u00e1st m\u00e9g meg kell szerezni \u00e9s \u00e1t<br \/>\nkell \u00fagy alak\u00edtani a v\u00edzell\u00e1t\u00e1st, hogy ne csak Budapestr\u0151l, hanem k\u00e9t ir\u00e1nyb\u00f3l legyen meg a bet\u00e1pl\u00e1l\u00e1s. \u2013 Hossz\u00fa t\u00e1v\u00fa strat\u00e9giai terv, hogy az ercsi v\u00edzb\u00e1zisra r\u00e1k\u00f6ss\u00fck a v\u00e1rost, \u00edgy a k\u00e9tir\u00e1ny\u00fa bet\u00e1pl\u00e1l\u00e1s j\u00f3val nagyobb biztons\u00e1got tudna ny\u00fajtani \u2013 emelte ki. A volt polg\u00e1rmester arr\u00f3l is besz\u00e9lt, hogy nagyon fontos kezelni a v\u00e1ros n\u00f6vekv\u0151 l\u00e9leksz\u00e1m\u00e1t. Mint mondta, figyelembe kell venni, hogy milyen ig\u00e9nyek vannak az \u00e9p\u00edtkez\u00e9sre \u00e9s a helyi szab\u00e1lyoz\u00e1sban is k\u00f6vetni kell a tendenci\u00e1kat.<\/p>\n<p><iframe width=\"560\" height=\"315\" src=\"https:\/\/www.youtube.com\/embed\/IJ1gItWOHuY\"  frameborder=\"0\" allow=\"accelerometer; autoplay; clipboard-write; encrypted-media; gyroscope; picture-in-picture\" allowfullscreen><\/iframe><\/p>\n<p>\u2013 A k\u00e9s\u0151bbiekben a rengeteg osztatlan tulajdonban \u00e1ll\u00f3 telek rengetek jogi, p\u00e9nz\u00fcgyi, szoci\u00e1lis probl\u00e9m\u00e1t is okozhat. Mi m\u00e1r elkezdt\u00fck a jogszab\u00e1ly-m\u00f3dos\u00edt\u00e1s megfogalmaz\u00e1s\u00e1t, elk\u00fcldt\u00fck a Miniszt\u00e9riumban azokra a helyekre, ahol az orsz\u00e1gos t\u00f6rv\u00e9nyek m\u00f3dos\u00edt\u00e1sa is elv\u00e1rhat\u00f3. Nagyon rem\u00e9lem, hogy ezt is folytatja a mostani vezet\u00e9s \u2013 mondta el T. M\u00e9sz\u00e1ros Andr\u00e1s. Az \u00c9rd TV m\u0171sor\u00e1ban arr\u00f3l is sz\u00f3 esett, hogy meg<br \/>\nkell szerezni a forr\u00e1st a 300 kilom\u00e9ter f\u00f6ld\u00fat leaszfaltoz\u00e1s\u00e1ra, amelyre szint\u00e9n elk\u00e9sz\u00fclt m\u00e1r az el\u0151terjeszt\u00e9s. Illetve a k\u00f6lts\u00e9gvet\u00e9sr\u0151l is kifejtette v\u00e9lem\u00e9ny\u00e9t a volt polg\u00e1rmester.<\/p>\n<p>\u2013 \u00c9n al\u00e1\u00edrtam egy \u00e1tad\u00e1s\u00e1tv\u00e9teli jegyz\u0151k\u00f6nyvet, amelyben kider\u00fclt, hogy mindaz a p\u00e9nz, amit az idei \u00e9vben m\u00e9g ki kell fizetni, az rendelkez\u00e9sre \u00e1ll. Pont a v\u00e1laszt\u00e1sokat megel\u0151z\u0151 p\u00e9nteken \u00e9rkezett meg m\u00e9g 700 milli\u00f3 forint a korm\u00e1nyt\u00f3l, amely b\u0151s\u00e9gesen elegend\u0151 a 2019-es k\u00f6telezetts\u00e9gek teljes\u00edt\u00e9s\u00e9re. Az, hogy 1,2 milli\u00e1rd hi\u00e1nyr\u00f3l besz\u00e9lnek, az azt gondolom, a hozz\u00e1 nem \u00e9rt\u00e9snek a bizony\u00edt\u00e9ka. Az elm\u00falt 13 \u00e9vben olyan probl\u00e9ma, hogy cs\u0151dk\u00f6zelben, p\u00e9nzhi\u00e1nyban szenvedett volna a v\u00e1ros, nem volt. Ha j\u00f3l fogalmazzuk meg a c\u00e9lokat, akkor ez a tov\u00e1bbiakban sem tud el\u0151fordulni. Nem l\u00e1https:\/\/erdmost.hu\/wp-content\/uploads\/2021\/06\/business-blog-session-cover-img-03.jpg annak az ok\u00e1t, hogy az\u00e9rt, mert baloldali lett a vezet\u00e9s, ezt ne tudn\u00e1k tartani \u2013 fogalmazott T. M\u00e9sz\u00e1ros Andr\u00e1s.<\/p>\n<p>A f\u0151v\u00e1rost\u00f3l val\u00f3 elk\u00fcl\u00f6n\u00fcl\u00e9sre, a p\u00e9nz\u00fcgyi \u00f6n\u00e1ll\u00f3sod\u00e1si t\u00f6rekv\u00e9sre, amit Cs\u0151zik L\u00e1szl\u00f3 polg\u00e1rmester megfogalmazott, \u00fagy reag\u00e1lt, hogy mindezt \u00f3vatosan, egyens\u00falyozott m\u00f3don szabad csak elmozd\u00edtani a tov\u00e1bbiakban, hiszen a v\u00e1ros nincs m\u00e9g olyan \u00e1llapotban, hogy teljesen \u00f6n\u00e1ll\u00f3v\u00e1 v\u00e1ljon. A j\u00f6v\u0151t illet\u0151en elmondta, hogy ha most k\u00e9rdezik, akkor azt v\u00e1laszolja, indul a 2024-es v\u00e1laszt\u00e1son, \u00e1m, mint mondta, addig m\u00e9g 5 \u00e9v h\u00e1travan \u00e9s sok minden befoly\u00e1solhatja ezt a d\u00f6nt\u00e9st.<\/p>\n<p>&nbsp;<\/p>","protected":false},"excerpt":{"rendered":"<p>A v\u00e1laszt\u00e1s eredm\u00e9ny\u00e9r\u0151l \u00e9s a tov\u00e1bbi v\u00e1ros\u00e9p\u00edt\u00e9si feladatokr\u00f3l is besz\u00e9lt T. M\u00e9sz\u00e1ros Andr\u00e1s, az \u00c9rdi Fidesz eln\u00f6ke az \u00c9rdTV P\u00e1rbesz\u00e9d c\u00edm\u0171 m\u0171sor\u00e1ban. Mint mondta, a c\u00e9l az, hogy 70 ezer \u00e9rdi lakos \u00e9rdekeit k\u00e9pviselj\u00e9k \u00e9s ebben, imm\u00e1r ellenz\u00e9kik\u00e9nt, az egy\u00fcttm\u0171k\u00f6d\u00e9sre kell t\u00f6rekedni\u00fck.<\/p>","protected":false},"author":8,"featured_media":0,"comment_status":"","ping_status":"","sticky":false,"template":"","format":"standard","meta":{"_acf_changed":false,"_seopress_robots_primary_cat":"","_seopress_titles_title":"","_seopress_titles_desc":"","_seopress_robots_index":"","site-sidebar-layout":"default","site-content-layout":"","ast-site-content-layout":"default","site-content-style":"default","site-sidebar-style":"default","ast-global-header-display":"","ast-banner-title-visibility":"","ast-main-header-display":"","ast-hfb-above-header-display":"","ast-hfb-below-header-display":"","ast-hfb-mobile-header-display":"","site-post-title":"","ast-breadcrumbs-content":"","ast-featured-img":"","footer-sml-layout":"","ast-disable-related-posts":"","theme-transparent-header-meta":"","adv-header-id-meta":"","stick-header-meta":"","header-above-stick-meta":"","header-main-stick-meta":"","header-below-stick-meta":"","astra-migrate-meta-layouts":"default","ast-page-background-enabled":"default","ast-page-background-meta":{"desktop":{"background-color":"","background-image":"","background-repeat":"repeat","background-position":"center center","background-size":"auto","background-attachment":"scroll","background-type":"","background-media":"","overlay-type":"","overlay-color":"","overlay-opacity":"","overlay-gradient":""},"tablet":{"background-color":"","background-image":"","background-repeat":"repeat","background-position":"center center","background-size":"auto","background-attachment":"scroll","background-type":"","background-media":"","overlay-type":"","overlay-color":"","overlay-opacity":"","overlay-gradient":""},"mobile":{"background-color":"","background-image":"","background-repeat":"repeat","background-position":"center center","background-size":"auto","background-attachment":"scroll","background-type":"","background-media":"","overlay-type":"","overlay-color":"","overlay-opacity":"","overlay-gradient":""}},"ast-content-background-meta":{"desktop":{"background-color":"var(--ast-global-color-5)","background-image":"","background-repeat":"repeat","background-position":"center center","background-size":"auto","background-attachment":"scroll","background-type":"","background-media":"","overlay-type":"","overlay-color":"","overlay-opacity":"","overlay-gradient":""},"tablet":{"background-color":"var(--ast-global-color-5)","background-image":"","background-repeat":"repeat","background-position":"center center","background-size":"auto","background-attachment":"scroll","background-type":"","background-media":"","overlay-type":"","overlay-color":"","overlay-opacity":"","overlay-gradient":""},"mobile":{"background-color":"var(--ast-global-color-5)","background-image":"","background-repeat":"repeat","background-position":"center center","background-size":"auto","background-attachment":"scroll","background-type":"","background-media":"","overlay-type":"","overlay-color":"","overlay-opacity":"","overlay-gradient":""}},"footnotes":""},"categories":[1],"cikk_cimkek":[15],"content_flags":[349],"content_icons":[354],"class_list":["post-5216","post","type-post","status-publish","format-standard","hentry","category-erdmost","cikk_cimkek-kozelet","content_flags-fontos","content_icons-video"],"acf":[],"_links":{"self":[{"href":"https:\/\/erdmost.hu\/en\/wp-json\/wp\/v2\/posts\/5216","targetHints":{"allow":["GET"]}}],"collection":[{"href":"https:\/\/erdmost.hu\/en\/wp-json\/wp\/v2\/posts"}],"about":[{"href":"https:\/\/erdmost.hu\/en\/wp-json\/wp\/v2\/types\/post"}],"author":[{"embeddable":true,"href":"https:\/\/erdmost.hu\/en\/wp-json\/wp\/v2\/users\/8"}],"replies":[{"embeddable":true,"href":"https:\/\/erdmost.hu\/en\/wp-json\/wp\/v2\/comments?post=5216"}],"version-history":[{"count":0,"href":"https:\/\/erdmost.hu\/en\/wp-json\/wp\/v2\/posts\/5216\/revisions"}],"wp:attachment":[{"href":"https:\/\/erdmost.hu\/en\/wp-json\/wp\/v2\/media?parent=5216"}],"wp:term":[{"taxonomy":"category","embeddable":true,"href":"https:\/\/erdmost.hu\/en\/wp-json\/wp\/v2\/categories?post=5216"},{"taxonomy":"cikk_cimkek","embeddable":true,"href":"https:\/\/erdmost.hu\/en\/wp-json\/wp\/v2\/cikk_cimkek?post=5216"},{"taxonomy":"content_flags","embeddable":true,"href":"https:\/\/erdmost.hu\/en\/wp-json\/wp\/v2\/content_flags?post=5216"},{"taxonomy":"content_icons","embeddable":true,"href":"https:\/\/erdmost.hu\/en\/wp-json\/wp\/v2\/content_icons?post=5216"}],"curies":[{"name":"wp","href":"https:\/\/api.w.org\/{rel}","templated":true}]}}