{"id":4975,"date":"2019-10-30T08:16:09","date_gmt":"2019-10-30T08:16:09","guid":{"rendered":"https:\/\/wp.erdmost.hu\/2019\/10\/30\/megemlekezeskor-biztonsagban\/"},"modified":"2022-03-01T21:35:58","modified_gmt":"2022-03-01T21:35:58","slug":"megemlekezeskor-biztonsagban","status":"publish","type":"post","link":"https:\/\/erdmost.hu\/en\/2019\/10\/30\/megemlekezeskor-biztonsagban\/","title":{"rendered":"Megeml\u00e9kez\u00e9skor is biztons\u00e1gban"},"content":{"rendered":"<p><iframe width=\"560\" height=\"315\" src=\"https:\/\/www.youtube.com\/embed\/4F-1nd3rlZM\"  frameborder=\"0\" allow=\"accelerometer; autoplay; clipboard-write; encrypted-media; gyroscope; picture-in-picture\" allowfullscreen><\/iframe><\/p>\n<p>&nbsp;<\/p>\n<div class=\"lead-text\">\n<p>K\u00f6zeleg Mindenszentek \u00e9s halottak napja, amikor a temet\u0151kben meggy\u00fajtjuk az eml\u00e9kez\u00e9s l\u00e1ngjait.<\/p>\n<\/div>\n<div class=\"body-text\">\n<p>A megn\u00f6vekedett g\u00e9pj\u00e1rm\u0171- \u00e9s gyalogosforgalom ir\u00e1ny\u00edt\u00e1sa, valamint az ilyenkor jellemz\u0151en el\u0151fordul\u00f3 b\u0171ncselekm\u00e9nyek megel\u0151z\u00e9se \u00e9rdek\u00e9ben a Pest Megyei Rend\u0151r-f\u0151kapit\u00e1nys\u00e1g meger\u0151s\u00edtett szolg\u00e1lattal k\u00e9sz\u00fcl k\u00fcl\u00f6n\u00f6sen a k\u00f6ztemet\u0151k, vir\u00e1g\u00e1rus\u00edt\u00f3 helyek, valamint a t\u00f6megk\u00f6zleked\u00e9si k\u00f6zpontok k\u00f6rny\u00e9k\u00e9n.<\/p>\n<p>Az \u00e1ldozatt\u00e1 v\u00e1l\u00e1s megel\u0151z\u00e9se \u00e9rdek\u00e9ben k\u00e9rj\u00fck, fogadj\u00e1k meg a Pest Megyei Rend\u0151r-f\u0151kapit\u00e1nys\u00e1g a megeml\u00e9kez\u00e9s \u00fcnnepi id\u0151szakra vonatkoz\u00f3 b\u0171n- \u00e9s baleset-megel\u0151z\u00e9si tan\u00e1csait.<\/p>\n<p>A folyamatos g\u00e9pj\u00e1rm\u0171- \u00e9s gyalogosforgalom biztos\u00edt\u00e1sa \u00e9s a torl\u00f3d\u00e1sok elker\u00fcl\u00e9se \u00e9rdek\u00e9ben k\u00e9rj\u00fck, hogy a kihelyezett k\u00f6zleked\u00e9si \u00e9s t\u00e1j\u00e9koztat\u00f3 jelleg\u0171 t\u00e1bl\u00e1kat, valamint a rend\u0151r\u00f6k jelz\u00e9seit fokozottan vegy\u00e9k figyelembe!<\/p>\n<p>A temet\u0151k k\u00f6rny\u00e9k\u00e9n sz\u00e1moljanak a megn\u00f6vekv\u0151 gyalogos \u00e9s g\u00e9pj\u00e1rm\u0171forgalommal! Figyelj\u00e9k az aktu\u00e1lis k\u00f6zleked\u00e9si jelz\u00e9seket, idej\u00e9ben t\u00e1j\u00e9koz\u00f3djanak a v\u00e1ltoz\u00e1sokr\u00f3l!<\/p>\n<p>A t\u00f6megk\u00f6zleked\u00e9si eszk\u00f6z\u00f6k\u00f6n utaz\u00f3k irataikat, t\u00e1rc\u00e1jukat \u00e9s telefonjukat j\u00f3l z\u00e1rhat\u00f3, fels\u0151 ruh\u00e1zatukban vagy t\u00e1sk\u00e1jukban helyezz\u00e9k el!<\/p>\n<p>A temet\u0151h\u00f6z g\u00e9pj\u00e1rm\u0171vel \u00e9rkez\u0151k, a j\u00e1rm\u0171t\u0151l val\u00f3 t\u00e1voz\u00e1s el\u0151tt gy\u0151z\u0151djenek meg annak z\u00e1rt \u00e1llapot\u00e1r\u00f3l! Amennyiben megoldhat\u00f3, azokat \u0151rz\u00f6tt parkol\u00f3ban helyezz\u00e9k el, vagy haszn\u00e1lj\u00e1k a j\u00f3l megvil\u00e1g\u00edtott, forgalmas parkol\u00f3helyeket!<\/p>\n<p>A parkol\u00f3 g\u00e9pkocsi utaster\u00e9ben, l\u00e1that\u00f3 helyen ne hagyjanak csomagokat, t\u00e1sk\u00e1kat, m\u0171szaki cikkeket!<\/p>\n<p>A j\u00e1rm\u0171 riaszt\u00f3 berendez\u00e9s\u00e9t minden esetben \u00fczemelj\u00e9k be! Az ind\u00edt\u00f3kulcsot, a g\u00e9pkocsi iratait tarts\u00e1k biztons\u00e1gos helyen, ne tudjanak illet\u00e9ktelenek hozz\u00e1f\u00e9rni!<\/p>\n<p>Csomagjaikat, k\u00e9zi t\u00e1sk\u00e1jukat m\u00e9g r\u00f6vid id\u0151re se hagyj\u00e1k \u0151rizetlen\u00fcl, ne tegy\u00e9k le a f\u00f6ldre, s\u00edrra, m\u00e9g egy gyertyagy\u00fajt\u00e1snyi id\u0151re sem!<\/p>\n<p>A szeretteinkr\u0151l val\u00f3 megeml\u00e9kez\u00e9s m\u00e9lt\u00f3s\u00e1g\u00e1nak meg\u0151rz\u00e9se \u00e9rdek\u00e9ben k\u00e9rj\u00fck, legyenek k\u00f6r\u00fcltekint\u0151ek, tarts\u00e1k be a k\u00f6z\u00fati el\u0151\u00edr\u00e1sokat, tan\u00fas\u00edtsanak t\u00fcrelmet a k\u00f6zleked\u00e9sben r\u00e9szt vev\u0151 embert\u00e1rsaik ir\u00e1nt, hogy a megeml\u00e9kez\u00e9s val\u00f3ban a kegyeletr\u0151l sz\u00f3ljon!<\/p>\n<p>Amennyiben m\u00e9gis jogs\u00e9rt\u00e9s \u00e1ldozat\u00e1v\u00e1 v\u00e1lnak, forduljanak bizalommal a legk\u00f6zelebbi rend\u0151rh\u00f6z vagy tegyenek bejelent\u00e9st a <strong>107 vagy 112<\/strong> ingyenesen h\u00edvhat\u00f3 telefonsz\u00e1mokon!<\/p>\n<p>Az \u00e1ldozatt\u00e1 v\u00e1l\u00e1s elker\u00fcl\u00e9se \u00e9rdek\u00e9ben k\u00e9rj\u00fck, hogy figyeljenek embert\u00e1rsaikra is!<\/p>\n<p>Az \u00e9rdi temet\u0151 nyitvatart\u00e1s\u00e1r\u00f3l, egy\u00e9b, a mindenszenteki id\u0151szakra vonatkoz\u00f3 inform\u00e1ci\u00f3kr\u00f3l <a href=\"https:\/\/erdmost.hu\/en\/2019\/10\/25\/hosszabb-nyitvatartas-ugyintezes-mindenszentek-heteben\/\" target=\"_blank\" rel=\"noopener\">itt<\/a> olvashatnak.<\/p>\n<\/div>\n<p>&nbsp;<\/p>","protected":false},"excerpt":{"rendered":"<p>Mindenszentek \u00e9s halottak napja alkalm\u00e1b\u00f3l a Pest megyei rend\u0151r\u00f6k is kiemelt figyelmet ford\u00edtanak a temet\u0151kre \u00e9s k\u00f6rny\u00e9k\u00fck biztons\u00e1g\u00e1ra. A Pest Megyei Rend\u0151r-f\u0151kapit\u00e1nys\u00e1g \u00f6sszegy\u0171jt\u00f6tte, mire \u00e9rdemes odafigyeln\u00fcnk a megeml\u00e9kez\u00e9s \u00fcnnepi id\u0151szak\u00e1ban, hogy ne v\u00e1ljunk tolvajok \u00e1ldozat\u00e1v\u00e1.<\/p>","protected":false},"author":8,"featured_media":0,"comment_status":"closed","ping_status":"","sticky":false,"template":"","format":"standard","meta":{"_acf_changed":false,"_seopress_robots_primary_cat":"","_seopress_titles_title":"","_seopress_titles_desc":"","_seopress_robots_index":"","site-sidebar-layout":"default","site-content-layout":"","ast-site-content-layout":"default","site-content-style":"default","site-sidebar-style":"default","ast-global-header-display":"","ast-banner-title-visibility":"","ast-main-header-display":"","ast-hfb-above-header-display":"","ast-hfb-below-header-display":"","ast-hfb-mobile-header-display":"","site-post-title":"","ast-breadcrumbs-content":"","ast-featured-img":"","footer-sml-layout":"","ast-disable-related-posts":"","theme-transparent-header-meta":"","adv-header-id-meta":"","stick-header-meta":"","header-above-stick-meta":"","header-main-stick-meta":"","header-below-stick-meta":"","astra-migrate-meta-layouts":"default","ast-page-background-enabled":"default","ast-page-background-meta":{"desktop":{"background-color":"","background-image":"","background-repeat":"repeat","background-position":"center center","background-size":"auto","background-attachment":"scroll","background-type":"","background-media":"","overlay-type":"","overlay-color":"","overlay-opacity":"","overlay-gradient":""},"tablet":{"background-color":"","background-image":"","background-repeat":"repeat","background-position":"center center","background-size":"auto","background-attachment":"scroll","background-type":"","background-media":"","overlay-type":"","overlay-color":"","overlay-opacity":"","overlay-gradient":""},"mobile":{"background-color":"","background-image":"","background-repeat":"repeat","background-position":"center center","background-size":"auto","background-attachment":"scroll","background-type":"","background-media":"","overlay-type":"","overlay-color":"","overlay-opacity":"","overlay-gradient":""}},"ast-content-background-meta":{"desktop":{"background-color":"var(--ast-global-color-5)","background-image":"","background-repeat":"repeat","background-position":"center center","background-size":"auto","background-attachment":"scroll","background-type":"","background-media":"","overlay-type":"","overlay-color":"","overlay-opacity":"","overlay-gradient":""},"tablet":{"background-color":"var(--ast-global-color-5)","background-image":"","background-repeat":"repeat","background-position":"center center","background-size":"auto","background-attachment":"scroll","background-type":"","background-media":"","overlay-type":"","overlay-color":"","overlay-opacity":"","overlay-gradient":""},"mobile":{"background-color":"var(--ast-global-color-5)","background-image":"","background-repeat":"repeat","background-position":"center center","background-size":"auto","background-attachment":"scroll","background-type":"","background-media":"","overlay-type":"","overlay-color":"","overlay-opacity":"","overlay-gradient":""}},"footnotes":""},"categories":[1],"cikk_cimkek":[26],"content_flags":[349,348],"content_icons":[354],"class_list":["post-4975","post","type-post","status-publish","format-standard","hentry","category-erdmost","cikk_cimkek-kozerdeku","content_flags-fontos","content_flags-top","content_icons-video"],"acf":[],"_links":{"self":[{"href":"https:\/\/erdmost.hu\/en\/wp-json\/wp\/v2\/posts\/4975","targetHints":{"allow":["GET"]}}],"collection":[{"href":"https:\/\/erdmost.hu\/en\/wp-json\/wp\/v2\/posts"}],"about":[{"href":"https:\/\/erdmost.hu\/en\/wp-json\/wp\/v2\/types\/post"}],"author":[{"embeddable":true,"href":"https:\/\/erdmost.hu\/en\/wp-json\/wp\/v2\/users\/8"}],"replies":[{"embeddable":true,"href":"https:\/\/erdmost.hu\/en\/wp-json\/wp\/v2\/comments?post=4975"}],"version-history":[{"count":1,"href":"https:\/\/erdmost.hu\/en\/wp-json\/wp\/v2\/posts\/4975\/revisions"}],"predecessor-version":[{"id":29489,"href":"https:\/\/erdmost.hu\/en\/wp-json\/wp\/v2\/posts\/4975\/revisions\/29489"}],"wp:attachment":[{"href":"https:\/\/erdmost.hu\/en\/wp-json\/wp\/v2\/media?parent=4975"}],"wp:term":[{"taxonomy":"category","embeddable":true,"href":"https:\/\/erdmost.hu\/en\/wp-json\/wp\/v2\/categories?post=4975"},{"taxonomy":"cikk_cimkek","embeddable":true,"href":"https:\/\/erdmost.hu\/en\/wp-json\/wp\/v2\/cikk_cimkek?post=4975"},{"taxonomy":"content_flags","embeddable":true,"href":"https:\/\/erdmost.hu\/en\/wp-json\/wp\/v2\/content_flags?post=4975"},{"taxonomy":"content_icons","embeddable":true,"href":"https:\/\/erdmost.hu\/en\/wp-json\/wp\/v2\/content_icons?post=4975"}],"curies":[{"name":"wp","href":"https:\/\/api.w.org\/{rel}","templated":true}]}}