{"id":45044,"date":"2022-08-21T15:21:31","date_gmt":"2022-08-21T13:21:31","guid":{"rendered":"https:\/\/erdmost.hu\/?p=45044"},"modified":"2022-08-22T09:35:08","modified_gmt":"2022-08-22T07:35:08","slug":"zalaegerszegen-gyozott-az-erd","status":"publish","type":"post","link":"https:\/\/erdmost.hu\/en\/2022\/08\/21\/zalaegerszegen-gyozott-az-erd\/","title":{"rendered":"Zalaegerszegen gy\u0151z\u00f6tt az \u00c9rd"},"content":{"rendered":"<p>A Kaposv\u00e1r elleni h\u00e9tk\u00f6zi veres\u00e9g ut\u00e1n hamar visszat\u00e9rt a gy\u0151zelem \u00fatj\u00e1ra az \u00c9rdi VSE, amely Farkas B\u00e1lint k\u00e9t g\u00f3lj\u00e1val gy\u0151z\u00f6tt 2\u20130-ra a Zalaegerszegi TE FC m\u00e1sodik csapat\u00e1nak vend\u00e9gek\u00e9nt, olvashat\u00f3 a klub honlapj\u00e1n.<\/p>\n<p>Az \u00e9rdi focist\u00e1k 3 gy\u0151zelemmel ind\u00edtott\u00e1k a szezont, majd szerd\u00e1n a Kaposv\u00e1r ellen elszenvedt\u00e9k els\u0151 veres\u00e9g\u00fcket.<\/p>\n<p>A tud\u00f3s\u00edt\u00e1s szerint, a korai kel\u00e9s \u00e9s a hossz\u00fa t\u00fara ellen\u00e9re az els\u0151 j\u00e1t\u00e9kr\u00e9szben kifejezetten j\u00f3l j\u00e1tszott az \u00e9rdi csapat, de a hazaiak is lend\u00fcletes t\u00e1mad\u00e1sokat vezettek, \u00edgy kiegyenl\u00edtett j\u00e1t\u00e9kot hozott a f\u00e9lid\u0151. Eleinte a m\u00e1sodik f\u00e9lid\u0151ben sem v\u00e1ltozott a j\u00e1t\u00e9k k\u00e9pe, de k\u00f6zel egy \u00f3ra j\u00e1t\u00e9k ut\u00e1n m\u00e1r g\u00f3ll\u00e1 \u00e9rett az \u00e9rdiek sz\u00e1mos akci\u00f3ja, amikor is egy sz\u00f6gletet k\u00f6vet\u0151en Farkas B\u00e1lint fejelt az egerszegi kapuba. Ezut\u00e1n a ZTE FC II egyre ink\u00e1bb \u00e1tvette az ir\u00e1ny\u00edt\u00e1st, ennek ellen\u00e9re a hazaiak egyenl\u00edt\u00e9se helyett a hajr\u00e1ban ism\u00e9t Farkas B\u00e1lint kapott remek ind\u00edt\u00e1st \u00e9s gy\u00f6ny\u00f6r\u0171en emelt a hazai kapus kapuba.<\/p>\n<blockquote><p>Nagyon \u00f6r\u00fcl\u00f6k, hogy gy\u0151zelmet tudtunk aratni Zalaegerszegen, f\u0151leg az ellenfelet l\u00e1tva, mert nagyon j\u00f3 focit j\u00e1tszott, gyorsak, b\u00e1trak voltak, teh\u00e1t a v\u00e9gelsz\u00e1mol\u00e1sn\u00e1l ez mindenk\u00e9pp egy \u00e9rt\u00e9kes gy\u0151zelem lehet. Igaz, hogy taktikailag kiss\u00e9 megfontoltabbak voltunk, mint ellenfel\u00fcnk, de szerintem \u00e9pp ez hozta meg a sikert.<\/p><\/blockquote>\n<p>&#8211; nyilatkozott a meccs ut\u00e1n Ebedli Zolt\u00e1n, az \u00c9rdi VSE vezet\u0151edz\u0151je.<\/p>","protected":false},"excerpt":{"rendered":"<p>2-0-\u00e1s gy\u0151zelmet aratott az \u00c9rdi VSE a labdar\u00fag\u00f3 NB III Nyugati csoportj\u00e1nak \u00f6t\u00f6dik fordul\u00f3j\u00e1ban.<\/p>","protected":false},"author":8,"featured_media":45046,"comment_status":"closed","ping_status":"closed","sticky":false,"template":"","format":"standard","meta":{"_acf_changed":false,"_seopress_robots_primary_cat":"none","_seopress_titles_title":"","_seopress_titles_desc":"","_seopress_robots_index":"","site-sidebar-layout":"default","site-content-layout":"default","ast-site-content-layout":"default","site-content-style":"default","site-sidebar-style":"default","ast-global-header-display":"","ast-banner-title-visibility":"","ast-main-header-display":"","ast-hfb-above-header-display":"","ast-hfb-below-header-display":"","ast-hfb-mobile-header-display":"","site-post-title":"","ast-breadcrumbs-content":"","ast-featured-img":"","footer-sml-layout":"","ast-disable-related-posts":"","theme-transparent-header-meta":"default","adv-header-id-meta":"","stick-header-meta":"","header-above-stick-meta":"","header-main-stick-meta":"","header-below-stick-meta":"","astra-migrate-meta-layouts":"default","ast-page-background-enabled":"default","ast-page-background-meta":{"desktop":{"background-color":"","background-image":"","background-repeat":"repeat","background-position":"center center","background-size":"auto","background-attachment":"scroll","background-type":"","background-media":"","overlay-type":"","overlay-color":"","overlay-opacity":"","overlay-gradient":""},"tablet":{"background-color":"","background-image":"","background-repeat":"repeat","background-position":"center center","background-size":"auto","background-attachment":"scroll","background-type":"","background-media":"","overlay-type":"","overlay-color":"","overlay-opacity":"","overlay-gradient":""},"mobile":{"background-color":"","background-image":"","background-repeat":"repeat","background-position":"center center","background-size":"auto","background-attachment":"scroll","background-type":"","background-media":"","overlay-type":"","overlay-color":"","overlay-opacity":"","overlay-gradient":""}},"ast-content-background-meta":{"desktop":{"background-color":"var(--ast-global-color-5)","background-image":"","background-repeat":"repeat","background-position":"center center","background-size":"auto","background-attachment":"scroll","background-type":"","background-media":"","overlay-type":"","overlay-color":"","overlay-opacity":"","overlay-gradient":""},"tablet":{"background-color":"var(--ast-global-color-5)","background-image":"","background-repeat":"repeat","background-position":"center center","background-size":"auto","background-attachment":"scroll","background-type":"","background-media":"","overlay-type":"","overlay-color":"","overlay-opacity":"","overlay-gradient":""},"mobile":{"background-color":"var(--ast-global-color-5)","background-image":"","background-repeat":"repeat","background-position":"center center","background-size":"auto","background-attachment":"scroll","background-type":"","background-media":"","overlay-type":"","overlay-color":"","overlay-opacity":"","overlay-gradient":""}},"footnotes":""},"categories":[463,461,462,460],"cikk_cimkek":[],"content_flags":[],"content_icons":[],"class_list":["post-45044","post","type-post","status-publish","format-standard","has-post-thumbnail","hentry","category-fontos","category-jobbfent","category-kiemelt","category-top"],"acf":[],"_links":{"self":[{"href":"https:\/\/erdmost.hu\/en\/wp-json\/wp\/v2\/posts\/45044","targetHints":{"allow":["GET"]}}],"collection":[{"href":"https:\/\/erdmost.hu\/en\/wp-json\/wp\/v2\/posts"}],"about":[{"href":"https:\/\/erdmost.hu\/en\/wp-json\/wp\/v2\/types\/post"}],"author":[{"embeddable":true,"href":"https:\/\/erdmost.hu\/en\/wp-json\/wp\/v2\/users\/8"}],"replies":[{"embeddable":true,"href":"https:\/\/erdmost.hu\/en\/wp-json\/wp\/v2\/comments?post=45044"}],"version-history":[{"count":2,"href":"https:\/\/erdmost.hu\/en\/wp-json\/wp\/v2\/posts\/45044\/revisions"}],"predecessor-version":[{"id":45048,"href":"https:\/\/erdmost.hu\/en\/wp-json\/wp\/v2\/posts\/45044\/revisions\/45048"}],"wp:featuredmedia":[{"embeddable":true,"href":"https:\/\/erdmost.hu\/en\/wp-json\/wp\/v2\/media\/45046"}],"wp:attachment":[{"href":"https:\/\/erdmost.hu\/en\/wp-json\/wp\/v2\/media?parent=45044"}],"wp:term":[{"taxonomy":"category","embeddable":true,"href":"https:\/\/erdmost.hu\/en\/wp-json\/wp\/v2\/categories?post=45044"},{"taxonomy":"cikk_cimkek","embeddable":true,"href":"https:\/\/erdmost.hu\/en\/wp-json\/wp\/v2\/cikk_cimkek?post=45044"},{"taxonomy":"content_flags","embeddable":true,"href":"https:\/\/erdmost.hu\/en\/wp-json\/wp\/v2\/content_flags?post=45044"},{"taxonomy":"content_icons","embeddable":true,"href":"https:\/\/erdmost.hu\/en\/wp-json\/wp\/v2\/content_icons?post=45044"}],"curies":[{"name":"wp","href":"https:\/\/api.w.org\/{rel}","templated":true}]}}