{"id":4415,"date":"2019-09-13T12:04:04","date_gmt":"2019-09-13T12:04:04","guid":{"rendered":"https:\/\/wp.erdmost.hu\/2019\/09\/13\/belso-tuz-lobbant-langra-zenei-konyvtarban\/"},"modified":"2019-09-13T12:04:04","modified_gmt":"2019-09-13T12:04:04","slug":"belso-tuz-lobbant-langra-zenei-konyvtarban","status":"publish","type":"post","link":"https:\/\/erdmost.hu\/en\/2019\/09\/13\/belso-tuz-lobbant-langra-zenei-konyvtarban\/","title":{"rendered":"&#8222;Bels\u0151 t\u0171z&#8221; lobbant l\u00e1ngra a zenei k\u00f6nyvt\u00e1rban"},"content":{"rendered":"<p>A k\u00e9t fiatal muzsikus, b\u00e1r csak id\u00e9n diplom\u00e1zik, nem is annyira felt\u00f6rekv\u0151 zen\u00e9sz benyom\u00e1s\u00e1t keltette a koncerten, hiszen kiforrott st\u00edlussal, profizmussal \u00e9s \u00e1t\u00e9l\u00e9ssel j\u00e1tszott. Nemhi\u00e1ba v\u00e1lasztotta \u0151ket tri\u00f3j\u00e1ba ez\u00fattal Elek Istv\u00e1n,&nbsp;szaxofonm\u0171v\u00e9sz, egyetemi tan\u00e1r, a Magyar Jazz Sz\u00f6vets\u00e9g vezet\u0151s\u00e9g\u00e9nek tagja.&nbsp;<\/p>\n<p>Hogy mennyire kiforrott is m\u00e1r most, ilyen arcpir\u00edt\u00f3an fiatalon, a st\u00edlusuk, azt \u00e9pp a Bels\u0151 t\u0171zzel, Arday D\u00e1niel saj\u00e1t szerzem\u00e9ny\u00e9vel mutatt\u00e1k meg a fi\u00fak. Azt\u00e1n abba is beavatt\u00e1k a k\u00f6z\u00f6ns\u00e9get, hogyan k\u00e9sz\u00fclt a m\u0171. T\u00f6rt\u00e9nt ugyanis, hogy Arday D\u00e1niel annak idej\u00e9n basszusgit\u00e1ros volt, de \u00e9rezte, m\u00e1s az \u0151 hangszere, viszont sz\u00fclei nem fogadt\u00e1k kit\u00f6r\u0151 lelkesed\u00e9ssel, amikor k\u00f6z\u00f6lte otthon, \u0151 ink\u00e1bb b\u0151g\u0151zne ezent\u00fal. D\u00e1niel ezt a v\u00edv\u00f3d\u00e1st \u00f6r\u00f6k\u00edtette meg a koncerten nagy sikerrel el\u0151adott szerzem\u00e9ny\u00e9ben. M\u00e1rkosi Andr\u00e1s is a git\u00e1rnak ford\u00edtott h\u00e1tat, \u00e9s v\u00e1lasztotta helyette a dobot, amin \u00e9desapja is j\u00e1tszik. Ma m\u00e1r nemcsak \u0151k, de csal\u00e1djuk \u00e9s k\u00f6z\u00f6ns\u00e9g\u00fck, tan\u00e1raik is tudj\u00e1k, j\u00f3l d\u00f6nt\u00f6ttek.<\/p>\n<p>A tri\u00f3 \u00f6sszet\u00e9tel\u00e9t (,hogy kimaradt a zongora) nemcsak a tagok tehets\u00e9ge, de&nbsp;\u00e9pp&nbsp;az&nbsp;a Sony Rollins is igazolta, akit\u0151l t\u00f6bb dal is elhangzott az est folyam\u00e1n. Amikor egyszer Rollinst\u00f3l&nbsp;megk\u00e9rdezt\u00e9k, mi\u00e9rt ker\u00fcli ennyire a zongor\u00e1s fel\u00e1ll\u00e1st,&nbsp;\u00fagy fogalmazott, hogy: &#8222;A zongora&nbsp;vezeti az embert. Engem is vezet. De \u00e9n nem akarom, hogy vezessen. Senki se vezessen, m\u00e1rpedig a zongora hajlik erre, a maga 88 billenty\u0171j\u00e9vel.&#8221;&nbsp;<\/p>\n<p>Az Elek Istv\u00e1n Tri\u00f3 olyannyira j\u00f3l m\u0171k\u00f6d\u00f6tt, pedig tagjai most el\u0151sz\u00f6r koncerteztek&nbsp;k\u00f6z\u00f6sen, hogy m\u00e9g az is elk\u00e9pzelhet\u0151, lesz folytat\u00e1sa ennek az egy\u00fcttm\u0171k\u00f6d\u00e9snek, legal\u00e1bbis Elek Istv\u00e1n szerint &#8211; \u00e9s nem hiszem, hogy ak\u00e1r Arday D\u00e1nielnek, ak\u00e1r M\u00e1rkosi Andr\u00e1snak ellen\u00e9re lenne az \u00f6tlet.&nbsp;<\/p>\n<p>Az. V. \u00c9rdi Jazz Fesztiv\u00e1lra, ami p\u00e9ntekt\u0151l a m\u00fazeumkert kocsisz\u00ednj\u00e9be k\u00f6lt\u00f6zik,&nbsp;ma este 8 \u00f3rakor&nbsp;a jazz-folk nagy\u00e1gy\u00fai \u00e9rkeznek: Borb\u00e9ly Mih\u00e1ly \u00e9s Dresch Mih\u00e1ly szem\u00e9ly\u00e9ben. A kvartettben l\u00e1thatjuk, hallhatjuk m\u00e9g Horv\u00e1th Bal\u00e1zs b\u0151g\u0151st \u00e9s G. Szab\u00f3 Hunor dobost, akikhez ez\u00fattal T\u00e1las \u00c1ron&nbsp;jazz-zongorista, dobos, zeneszerz\u0151, tan\u00e1r csatlakozik.<\/p>\n<p><iframe width=\"560\" height=\"315\" src=\"https:\/\/www.youtube.com\/embed\/-tVlKS_gD_w\"  frameborder=\"0\" allow=\"accelerometer; autoplay; clipboard-write; encrypted-media; gyroscope; picture-in-picture\" allowfullscreen><\/iframe><\/p>\n<p><drupal-entity data-align=\"center\" data-embed-button=\"gallery\" data-entity-embed-display=\"view_mode:node.full\" data-entity-type=\"node\" data-entity-uuid=\"e5fe8890-02ae-4480-af69-b975379bf29d\"><\/drupal-entity><\/p>\n<p>&nbsp;<\/p>","protected":false},"excerpt":{"rendered":"<p>Nem kell megijedni, nem keletkezett k\u00e1r a Csuka Zolt\u00e1n V\u00e1rosi K\u00f6nyvt\u00e1r zenei tagint\u00e9zm\u00e9ny\u00e9ben, csak \u00e9pp koncertet adott ott a t\u00f6bbsz\u00f6r\u00f6s eMeRTon-d\u00edjas szaxofonm\u0171v\u00e9sz Elek Istv\u00e1n mellett k\u00e9t &#8222;felt\u00f6rekv\u0151&#8221; fiatal zen\u00e9sz, Arday D\u00e1niel nagyb\u0151g\u0151n \u00e9s M\u00e1rkosi Andr\u00e1s dobon.<\/p>","protected":false},"author":8,"featured_media":0,"comment_status":"","ping_status":"","sticky":false,"template":"","format":"standard","meta":{"_acf_changed":false,"_seopress_robots_primary_cat":"","_seopress_titles_title":"","_seopress_titles_desc":"","_seopress_robots_index":"","site-sidebar-layout":"default","site-content-layout":"","ast-site-content-layout":"default","site-content-style":"default","site-sidebar-style":"default","ast-global-header-display":"","ast-banner-title-visibility":"","ast-main-header-display":"","ast-hfb-above-header-display":"","ast-hfb-below-header-display":"","ast-hfb-mobile-header-display":"","site-post-title":"","ast-breadcrumbs-content":"","ast-featured-img":"","footer-sml-layout":"","ast-disable-related-posts":"","theme-transparent-header-meta":"","adv-header-id-meta":"","stick-header-meta":"","header-above-stick-meta":"","header-main-stick-meta":"","header-below-stick-meta":"","astra-migrate-meta-layouts":"default","ast-page-background-enabled":"default","ast-page-background-meta":{"desktop":{"background-color":"","background-image":"","background-repeat":"repeat","background-position":"center center","background-size":"auto","background-attachment":"scroll","background-type":"","background-media":"","overlay-type":"","overlay-color":"","overlay-opacity":"","overlay-gradient":""},"tablet":{"background-color":"","background-image":"","background-repeat":"repeat","background-position":"center center","background-size":"auto","background-attachment":"scroll","background-type":"","background-media":"","overlay-type":"","overlay-color":"","overlay-opacity":"","overlay-gradient":""},"mobile":{"background-color":"","background-image":"","background-repeat":"repeat","background-position":"center center","background-size":"auto","background-attachment":"scroll","background-type":"","background-media":"","overlay-type":"","overlay-color":"","overlay-opacity":"","overlay-gradient":""}},"ast-content-background-meta":{"desktop":{"background-color":"var(--ast-global-color-5)","background-image":"","background-repeat":"repeat","background-position":"center center","background-size":"auto","background-attachment":"scroll","background-type":"","background-media":"","overlay-type":"","overlay-color":"","overlay-opacity":"","overlay-gradient":""},"tablet":{"background-color":"var(--ast-global-color-5)","background-image":"","background-repeat":"repeat","background-position":"center center","background-size":"auto","background-attachment":"scroll","background-type":"","background-media":"","overlay-type":"","overlay-color":"","overlay-opacity":"","overlay-gradient":""},"mobile":{"background-color":"var(--ast-global-color-5)","background-image":"","background-repeat":"repeat","background-position":"center center","background-size":"auto","background-attachment":"scroll","background-type":"","background-media":"","overlay-type":"","overlay-color":"","overlay-opacity":"","overlay-gradient":""}},"footnotes":""},"categories":[1],"cikk_cimkek":[5],"content_flags":[350,349,348],"content_icons":[354],"class_list":["post-4415","post","type-post","status-publish","format-standard","hentry","category-erdmost","cikk_cimkek-kultura","content_flags-erdekes","content_flags-fontos","content_flags-top","content_icons-video"],"acf":[],"_links":{"self":[{"href":"https:\/\/erdmost.hu\/en\/wp-json\/wp\/v2\/posts\/4415","targetHints":{"allow":["GET"]}}],"collection":[{"href":"https:\/\/erdmost.hu\/en\/wp-json\/wp\/v2\/posts"}],"about":[{"href":"https:\/\/erdmost.hu\/en\/wp-json\/wp\/v2\/types\/post"}],"author":[{"embeddable":true,"href":"https:\/\/erdmost.hu\/en\/wp-json\/wp\/v2\/users\/8"}],"replies":[{"embeddable":true,"href":"https:\/\/erdmost.hu\/en\/wp-json\/wp\/v2\/comments?post=4415"}],"version-history":[{"count":0,"href":"https:\/\/erdmost.hu\/en\/wp-json\/wp\/v2\/posts\/4415\/revisions"}],"wp:attachment":[{"href":"https:\/\/erdmost.hu\/en\/wp-json\/wp\/v2\/media?parent=4415"}],"wp:term":[{"taxonomy":"category","embeddable":true,"href":"https:\/\/erdmost.hu\/en\/wp-json\/wp\/v2\/categories?post=4415"},{"taxonomy":"cikk_cimkek","embeddable":true,"href":"https:\/\/erdmost.hu\/en\/wp-json\/wp\/v2\/cikk_cimkek?post=4415"},{"taxonomy":"content_flags","embeddable":true,"href":"https:\/\/erdmost.hu\/en\/wp-json\/wp\/v2\/content_flags?post=4415"},{"taxonomy":"content_icons","embeddable":true,"href":"https:\/\/erdmost.hu\/en\/wp-json\/wp\/v2\/content_icons?post=4415"}],"curies":[{"name":"wp","href":"https:\/\/api.w.org\/{rel}","templated":true}]}}