{"id":4402,"date":"2019-09-13T09:04:55","date_gmt":"2019-09-13T09:04:55","guid":{"rendered":"https:\/\/wp.erdmost.hu\/2019\/09\/13\/fidesz-kdnp-ode-valasztasi-programja-diosdon-atgondolt-terveken-alapul\/"},"modified":"2019-09-13T09:04:55","modified_gmt":"2019-09-13T09:04:55","slug":"fidesz-kdnp-ode-valasztasi-programja-diosdon-atgondolt-terveken-alapul","status":"publish","type":"post","link":"https:\/\/erdmost.hu\/en\/2019\/09\/13\/fidesz-kdnp-ode-valasztasi-programja-diosdon-atgondolt-terveken-alapul\/","title":{"rendered":"A Fidesz\u2013 KDNP\u2013 ODE v\u00e1laszt\u00e1si programja Di\u00f3sdon \u00e1tgondolt terveken alapul"},"content":{"rendered":"<p>Az \u00c9rden megtartott programbemutat\u00f3 sajt\u00f3t\u00e1j\u00e9koztat\u00f3j\u00e1n Albitz G\u00e1bor kiemelte, a program nem \u00fcres \u00edg\u00e9retekre \u00e9p\u00fcl, \u0151 \u00e9s csapata konkr\u00e9t terveken alapul\u00f3 v\u00e1llal\u00e1sokkal v\u00e1gnak neki a v\u00e1laszt\u00e1snak.&nbsp;<\/p>\n<p>\u201eA ciklusprogramunkat m\u00e1r augusztus k\u00f6zep\u00e9n nyilv\u00e1noss\u00e1gra hoztuk a Di\u00f3sdi Fidesz honlapj\u00e1n, a <a href=\"https:\/\/www.facebook.com\/flx\/warn\/?u=http%3A%2F%2Fwww.diosdifidesz.hu%2F%3Ffbclid%3DIwAR1ZRjs21JdZAXTTgdNRmDukOpOCGyei_qhYCZkYnSmbGKTDHD_z1KdPnHc&amp;h=AT1RBocqjyRqaHAKDkMc4sTF9W5jmloQndNKbuFez78mwtyKwomNEA9H6_L-fTzKyv0cq2j0ls6HVfhQAusfDDd5A3BJPRyrwcXERa6rwldMdchNAjErxomIyjIgfZTqDz9rbNdRQZ3f\" target=\"_blank\" rel=\"noopener\">www.diosdifidesz.hu<\/a> oldalon. A program v\u00e1za t\u00f6bb mint f\u00e9l\u00e9ves el\u0151k\u00e9sz\u00edt\u0151 munk\u00e1t \u00e9s egyeztet\u00e9st k\u00f6vet\u0151en alakult ki. Hangs\u00falyoznom kell, hogy a programunk nem \u00edg\u00e9rethalmaz! Nem a hatalomr\u00f3l, vagy kitaposott utakr\u00f3l \u00e9s bej\u00e1ratott poz\u00edci\u00f3kr\u00f3l sz\u00f3l, hanem arr\u00f3l, hogy mit tehet\u00fcnk Di\u00f3sd\u00e9rt, ami val\u00f3di, k\u00e9zzelfoghat\u00f3 cselekv\u00e9s, nem pedig sz\u00f3m\u00e1gia, vagy h\u00f3kuszp\u00f3kusz. Minden pontja Aradszki Andr\u00e1s orsz\u00e1ggy\u0171l\u00e9si k\u00e9pvisel\u0151nk \u00e1ltal t\u00e1mogatott \u00e9s korm\u00e1nyzati garanci\u00e1val megval\u00f3s\u00edthat\u00f3 terv. A polg\u00e1rmesters\u00e9g \u00e9s a k\u00e9pvisel\u0151-test\u00fcleti t\u00f6bbs\u00e9g el\u00e9r\u00e9se sem az \u00f6nmag\u00e1\u00e9rt val\u00f3 c\u00e9lunk, puszt\u00e1n eszk\u00f6z ahhoz, hogy lehet\u0151s\u00e9get kapjunk a di\u00f3sdi emberekt\u0151l a programunk v\u00e9grehajt\u00e1s\u00e1ra\u201d \u2013 hangs\u00falyozta a Fidesz\u2013KDNP jel\u00f6ltje.<\/p>\n<p>Albitz G\u00e1bor a programpontok k\u00f6z\u00e9 sorolta az ad\u00f3ss\u00e1gkezel\u00e9s, az utak, j\u00e1rd\u00e1k \u00e9s k\u00f6zter\u00fcletek rendbet\u00e9tele mellett a k\u00f6zbiztons\u00e1got, a tudatos, t\u00f6bb cikluson \u00e1t\u00edvel\u0151 v\u00e1rosfejleszt\u00e9si strat\u00e9gi\u00e1t, a csal\u00e1dok t\u00e1mogat\u00e1s\u00e1t, a zajterhel\u00e9s cs\u00f6kkent\u00e9s\u00e9t, az id\u0151sbar\u00e1t int\u00e9zked\u00e9seket, a civil szervezetek t\u00e1mogat\u00e1s\u00e1t, az oktat\u00e1s \u00e9s az int\u00e9zm\u00e9nyh\u00e1l\u00f3zat fejleszt\u00e9s\u00e9t, valamint a hagyom\u00e1nyok \u00e1pol\u00e1s\u00e1t, a kultur\u00e1lis \u00e9rt\u00e9kek \u00e1tad\u00e1s\u00e1t.<\/p>\n<p>A polg\u00e1rmesterjel\u00f6lt k\u00e9rd\u00e9sre v\u00e1laszolva elmondta,&nbsp;\u201emeglepet\u00e9ssel vettem tudom\u00e1sul, hogy Sp\u00e9th G\u00e9z\u00e1\u00e9k \u00e1tvett\u00e9k ciklusprogramunk majd\u2019 minden pontj\u00e1t. Amit \u00edg\u00e9rnek, az lassan semmiben sem k\u00fcl\u00f6nb\u00f6zik a helyi Fidesz\u2013KDNP programj\u00e1t\u00f3l, mondhatn\u00e1m control \u201eC\u201d \u2013 control \u201eV\u201d-vel lett \u00e1temelve az \u0151 platformjukra &nbsp;a mi kamp\u00e1nycsapatunk szellemi term\u00e9ke. De igaz ez az online m\u00e9diajelenl\u00e9t\u00fckre is, \u00fagy haszn\u00e1lj\u00e1k a koll\u00e9g\u00e1ink kreativit\u00e1s\u00e1t, gondolataikat, sz\u00f3fordulataikat, mintha az a saj\u00e1tjuk lenne. Eg\u00e9szen megd\u00f6bbent\u0151 a v\u00e1laszt\u00f3k ilyen g\u00e1tl\u00e1stalan megt\u00e9veszt\u00e9se! \u00d6sszess\u00e9g\u00e9ben teh\u00e1t a pl\u00e1gium napi szinten k\u00f6sz\u00f6n vissza, ak\u00e1r a kamp\u00e1nyszlogenek, ak\u00e1r a programpontok tekintet\u00e9ben.\u201d&nbsp;<\/p>\n<p>Hozz\u00e1tette, hogy \u201eaz\u00e9rt, mert b\u00e1rki elemeli, az m\u00e9g tov\u00e1bbra is a di\u00f3sdi Fidesz\u2013KDNP\u2013ODE ciklusprogramja marad, k\u00f6vetkez\u00e9sk\u00e9ppen megval\u00f3s\u00edtani is csak a Fidesz\u2013KDNP\u2013ODE lesz k\u00e9pes. Mindez egy\u00e9bk\u00e9nt t\u0171pontosan mutat r\u00e1 arra, hogy akik m\u00e1sok szellemi term\u00e9keit \u00e9s ciklusprogramj\u00e1t teszik maguk\u00e9v\u00e1, azok gondolatai \u00e9s tervei csak a v\u00e1laszt\u00e1s napj\u00e1ig tartanak.\u201d&nbsp;<\/p>\n<p>Albitz G\u00e1bor \u201edi\u00f3sdi saj\u00e1toss\u00e1gnak\u201d nevezve r\u00e1mutatott arra is, hogy a jelenlegi hatalom oszt\u00f3d\u00e1s\u00e1nak lehet\u00fcnk szemtan\u00fai, Bog\u00f3 L\u00e1szl\u00f3 \u00e9s Sp\u00e9th G\u00e9za szem\u00e9lyes verseng\u00e9s\u00e9nek. Ennek ellen\u00e9re \u201egyakran \u00e9rezhetj\u00fck azt, mintha csupa \u201esz\u0171z\u201d r\u00e9sztvev\u0151 kamp\u00e1nyolna, mintha nem is a mostani polg\u00e1rmester, \u00e9s k\u00e9pvisel\u0151-test\u00fcleti tagok tev\u00e9kenys\u00e9g\u00e9nek lett volna k\u00f6sz\u00f6nhet\u0151 Di\u00f3sd zuhan\u00f3rep\u00fcl\u00e9se az elm\u00falt \u00f6t \u00e9vben. Ez\u00e9rt sem \u00e1rt \u00fajra \u00e9s \u00fajra elmondanunk, hogy ha v\u00e1ltoz\u00e1st akarunk, nem r\u00e1juk kell szavaznunk.\u201d<\/p>\n<p>Z\u00e1rsz\u00f3k\u00e9nt elmondta m\u00e9g, hogy ha a k\u00e9t \u00e1lcivil szervez\u0151d\u00e9s k\u00f6z\u00fcl b\u00e1rmelyikre is szavazn\u00e1nk, cseberb\u0151l-vederbe ker\u00fcln\u00e9nk. Di\u00f3sd nincs abban a helyzetben, hogy tov\u00e1bb k\u00eds\u00e9rletezzen, a telep\u00fcl\u00e9snek v\u00e9gre egy stabil, kiegyens\u00falyozott vezet\u00e9sre van sz\u00fcks\u00e9ge, amely alkalmas a hossz\u00fa t\u00e1v\u00fa, ak\u00e1r ciklusokon \u00e1tny\u00fal\u00f3 \u00e9p\u00edtkez\u00e9sre is.<br \/>\n&nbsp;<\/p>","protected":false},"excerpt":{"rendered":"<p>A di\u00f3sdi Fidesz\u2013 KDNP \u00f6nkorm\u00e1nyzati v\u00e1laszt\u00e1si programja konkr\u00e9t, \u00e1tgondolt terveken alapul \u2013 jelentette ki Albitz G\u00e1bor polg\u00e1rmesterjel\u00f6lt, a Fidesz\u2013 KDNP\u2013 ODE polg\u00e1rmesterjel\u00f6ltje p\u00e9nteken. <\/p>","protected":false},"author":8,"featured_media":0,"comment_status":"","ping_status":"","sticky":false,"template":"","format":"standard","meta":{"_acf_changed":false,"_seopress_robots_primary_cat":"","_seopress_titles_title":"","_seopress_titles_desc":"","_seopress_robots_index":"","site-sidebar-layout":"default","site-content-layout":"","ast-site-content-layout":"default","site-content-style":"default","site-sidebar-style":"default","ast-global-header-display":"","ast-banner-title-visibility":"","ast-main-header-display":"","ast-hfb-above-header-display":"","ast-hfb-below-header-display":"","ast-hfb-mobile-header-display":"","site-post-title":"","ast-breadcrumbs-content":"","ast-featured-img":"","footer-sml-layout":"","ast-disable-related-posts":"","theme-transparent-header-meta":"","adv-header-id-meta":"","stick-header-meta":"","header-above-stick-meta":"","header-main-stick-meta":"","header-below-stick-meta":"","astra-migrate-meta-layouts":"default","ast-page-background-enabled":"default","ast-page-background-meta":{"desktop":{"background-color":"","background-image":"","background-repeat":"repeat","background-position":"center center","background-size":"auto","background-attachment":"scroll","background-type":"","background-media":"","overlay-type":"","overlay-color":"","overlay-opacity":"","overlay-gradient":""},"tablet":{"background-color":"","background-image":"","background-repeat":"repeat","background-position":"center center","background-size":"auto","background-attachment":"scroll","background-type":"","background-media":"","overlay-type":"","overlay-color":"","overlay-opacity":"","overlay-gradient":""},"mobile":{"background-color":"","background-image":"","background-repeat":"repeat","background-position":"center center","background-size":"auto","background-attachment":"scroll","background-type":"","background-media":"","overlay-type":"","overlay-color":"","overlay-opacity":"","overlay-gradient":""}},"ast-content-background-meta":{"desktop":{"background-color":"var(--ast-global-color-5)","background-image":"","background-repeat":"repeat","background-position":"center center","background-size":"auto","background-attachment":"scroll","background-type":"","background-media":"","overlay-type":"","overlay-color":"","overlay-opacity":"","overlay-gradient":""},"tablet":{"background-color":"var(--ast-global-color-5)","background-image":"","background-repeat":"repeat","background-position":"center center","background-size":"auto","background-attachment":"scroll","background-type":"","background-media":"","overlay-type":"","overlay-color":"","overlay-opacity":"","overlay-gradient":""},"mobile":{"background-color":"var(--ast-global-color-5)","background-image":"","background-repeat":"repeat","background-position":"center center","background-size":"auto","background-attachment":"scroll","background-type":"","background-media":"","overlay-type":"","overlay-color":"","overlay-opacity":"","overlay-gradient":""}},"footnotes":""},"categories":[1],"cikk_cimkek":[15,85],"content_flags":[],"content_icons":[],"class_list":["post-4402","post","type-post","status-publish","format-standard","hentry","category-erdmost","cikk_cimkek-kozelet","cikk_cimkek-onkormanyzati-valasztas"],"acf":[],"_links":{"self":[{"href":"https:\/\/erdmost.hu\/en\/wp-json\/wp\/v2\/posts\/4402","targetHints":{"allow":["GET"]}}],"collection":[{"href":"https:\/\/erdmost.hu\/en\/wp-json\/wp\/v2\/posts"}],"about":[{"href":"https:\/\/erdmost.hu\/en\/wp-json\/wp\/v2\/types\/post"}],"author":[{"embeddable":true,"href":"https:\/\/erdmost.hu\/en\/wp-json\/wp\/v2\/users\/8"}],"replies":[{"embeddable":true,"href":"https:\/\/erdmost.hu\/en\/wp-json\/wp\/v2\/comments?post=4402"}],"version-history":[{"count":0,"href":"https:\/\/erdmost.hu\/en\/wp-json\/wp\/v2\/posts\/4402\/revisions"}],"wp:attachment":[{"href":"https:\/\/erdmost.hu\/en\/wp-json\/wp\/v2\/media?parent=4402"}],"wp:term":[{"taxonomy":"category","embeddable":true,"href":"https:\/\/erdmost.hu\/en\/wp-json\/wp\/v2\/categories?post=4402"},{"taxonomy":"cikk_cimkek","embeddable":true,"href":"https:\/\/erdmost.hu\/en\/wp-json\/wp\/v2\/cikk_cimkek?post=4402"},{"taxonomy":"content_flags","embeddable":true,"href":"https:\/\/erdmost.hu\/en\/wp-json\/wp\/v2\/content_flags?post=4402"},{"taxonomy":"content_icons","embeddable":true,"href":"https:\/\/erdmost.hu\/en\/wp-json\/wp\/v2\/content_icons?post=4402"}],"curies":[{"name":"wp","href":"https:\/\/api.w.org\/{rel}","templated":true}]}}