{"id":3837,"date":"2019-07-28T08:18:31","date_gmt":"2019-07-28T08:18:31","guid":{"rendered":"https:\/\/wp.erdmost.hu\/2019\/07\/28\/kapitany-es-apuka\/"},"modified":"2019-07-28T08:18:31","modified_gmt":"2019-07-28T08:18:31","slug":"kapitany-es-apuka","status":"publish","type":"post","link":"https:\/\/erdmost.hu\/en\/2019\/07\/28\/kapitany-es-apuka\/","title":{"rendered":"Kapit\u00e1ny \u00e9s apuka"},"content":{"rendered":"<p><strong>Nemcsak rend\u0151ri munk\u00e1j\u00e1r\u00f3l, illetve az elm\u00falt id\u0151szak eredm\u00e9nyeir\u0151l k\u00e9rdezt\u00fck Nogula Tam\u00e1s rend\u0151r alezredest, az \u00c9rdi Rend\u0151rkapit\u00e1nys\u00e1g vezet\u0151j\u00e9t, de gyerekkor\u00e1r\u00f3l, szabadidej\u00e9r\u0151l is. Besz\u00e9lgett\u00fcnk pi\u00f3c\u00e1kr\u00f3l \u00e9s leveli b\u00e9k\u00e1kr\u00f3l, kosaraz\u00e1sr\u00f3l \u00e9s persze gyerekekr\u0151l is.<\/strong><\/p>\n<p>&#8211; Hol n\u0151tt fel? Mivel foglalkoztak a sz\u00fclei?<\/p>\n<p>&#8211; T\u00e1rnokon n\u0151ttem fel, \u00e9desany\u00e1m \u00e9s \u00e9desap\u00e1m t\u0151sgy\u00f6keres t\u00e1rnokiak. \u00c9desap\u00e1m t\u00e9v\u00e9szerel\u0151k\u00e9nt, majd a t\u00e1rnoki r\u00e1di\u00f3\u00e1llom\u00e1son dolgozott, \u00e9desany\u00e1m pedig a T\u00e1rnoki II. R\u00e1k\u00f3czi Ferenc \u00c1ltal\u00e1nos Iskol\u00e1ban volt tan\u00e1r. Mindketten nyugd\u00edjasok m\u00e1r.<\/p>\n<p>&#8211; Van testv\u00e9re?<\/p>\n<p>&#8211; Egy b\u00e1ty\u00e1m van. B\u00e1r csak h\u00e1rom \u00e9vvel id\u0151sebb n\u00e1lam, de teljesen m\u00e1s volt mindig is az \u00e9rdekl\u0151d\u00e9si k\u00f6r\u00fcnk. \u0150 g\u00e9p\u00e9szm\u00e9rn\u00f6k lett, \u00e9n pedig m\u00e1r gyermekkoromban is vagy rend\u0151r akartam lenni, vagy \u00e1llatorvos.&nbsp;<\/p>\n<p>&#8211; Sok kisfi\u00fa akar rend\u0151r lenni gyerekkor\u00e1ban, de \u00f6nben hogyhogy megmaradt ez az elhat\u00e1roz\u00e1s?<\/p>\n<p>&#8211; \u00c9rdekesnek t\u0171nt a rend\u0151ri p\u00e1lya, m\u00e1r csak az\u00e9rt is, mert nagypap\u00e1m \u00f6t \u00e9vig rend\u0151r volt Budafokon, \u00e9s nagyon sokat mes\u00e9lt nekem a rend\u0151ri p\u00e1lyafut\u00e1s\u00e1r\u00f3l, ami engem nagyon megragadott gyerekk\u00e9nt.&nbsp;<\/p>\n<p>&#8211; Eml\u00edtette, hogy a m\u00e1sik v\u00e1gya az \u00e1llatorvosi karrier volt. Ennyire szereti az \u00e1llatokat?<\/p>\n<p>&#8211; Nagyon. F\u0151leg a k\u00e9t\u00e9lt\u0171eket, a h\u00fcll\u0151ket \u00e9s a halakat. Gyerekkoromban mindig volt otthon egy b\u00e9k\u00e1m, egy pi\u00f3c\u00e1m, vagy valami, amivel \u00e9n nagyon j\u00f3l elt\u00f6lt\u00f6ttem a nyaraimat otthon.<\/p>\n<p>&#8211; Hogy fogadt\u00e1k a sz\u00fclei, hogy \u00e9ppen ezeket az \u00e1llatokat szereti \u00e9s gy\u0171jti?<\/p>\n<p>&#8211; Nagyon j\u00f3l viselt\u00e9k. Most m\u00e1r gyakorl\u00f3 apak\u00e9nt l\u00e1https:\/\/erdmost.hu\/wp-content\/uploads\/2021\/06\/business-blog-session-cover-img-03.jpg, hogy el\u00e9g sok t\u00fcrelem kellett val\u00f3sz\u00edn\u0171leg ehhez. Sokszor \u00e9bredt\u00fcnk fel arra, hogy az elszabadult levelib\u00e9ka est\u00e9nk\u00e9nt a saj\u00e1t kis hangnem\u00e9ben \u00e9breszti a csal\u00e1dot.<\/p>\n<p>&#8211; Most is tart \u00e1llatokat?&nbsp;<\/p>\n<p>&#8211; Halaim vannak \u00e9s egy kuty\u00e1m, Zorka, aki n\u00e9gy\u00e9ves, kisl\u00e1ny, \u00e9s vizsla. \u0150 a harmadik vizsl\u00e1m. N\u00e1lam a kutya a magyar vizsl\u00e1n\u00e1l kezd\u0151dik, \u00e9s ott is fejez\u0151dik be, mert borzaszt\u00f3 h\u0171s\u00e9ges, odaad\u00f3 \u00e9s felt\u00e9tel n\u00e9lk\u00fcli szeretetet tud biztos\u00edtani. Egy hossz\u00fa, \u00e1tdolgozott nap ut\u00e1n, amikor hozza az \u0151 kis j\u00e1t\u00e9k\u00e1t, azt nem lehet megcsin\u00e1lni, hogy nem j\u00e1tszunk vele. Mindig nagyon nagy fel\u00fcd\u00fcl\u00e9st okoz sz\u00e1momra az odaad\u00f3 h\u0171s\u00e9ge.&nbsp;<\/p>\n<p>&#8211; A gyerekei gondolom b\u00fcszk\u00e9k arra, hogy \u00e9desapjuk vezeti az \u00c9rdi Rend\u0151rkapit\u00e1nys\u00e1got?<br \/>\n&nbsp;<br \/>\n&#8211; Igen, f\u0151leg tal\u00e1n a kisl\u00e1nyom, Bogl\u00e1rka, aki most lesz 10 \u00e9ves. Igazi l\u00e1nyos l\u00e1ny: a divat \u00e9s a smink\u00f6tletek \u00e9rdeklik. A fiam, Tam\u00e1s 12 \u00e9ves, \u0151t meg persze a sz\u00e1m\u00edt\u00f3g\u00e9p. Sajnos nem mindig tudom otthon egy\u00e9rtelm\u0171en letenni a munk\u00e1t, mert a feles\u00e9gem is rend\u0151r, \u00fagyhogy bizonyos dolgokat otthon is meg szoktunk besz\u00e9lni a munk\u00e1val kapcsolatban, de ezeket pr\u00f3b\u00e1ljuk nem el\u0151tt\u00fck megt\u00e1rgyalni.&nbsp;<\/p>\n<p>&#8211; Nagyon neh\u00e9z dolguk akad \u00f6nnel p\u00e1r \u00e9v m\u00falva majd a l\u00e1nya udvarl\u00f3inak?<\/p>\n<p>&#8211; Biztos vagyok benne. A l\u00e1nyos apuk\u00e1k val\u00f3sz\u00edn\u0171leg mind meger\u0151s\u00edthetnek abban, hogy egy ap\u00e1nak a l\u00e1nya legnagyobb szerelem a vil\u00e1gon.<\/p>\n<p>&#8211; Hogyan ismerte meg feles\u00e9g\u00e9t?&nbsp;<\/p>\n<p>&#8211; A rend\u0151r szakk\u00f6z\u00e9piskol\u00e1ban ismerkedtem meg a feles\u00e9gemmel, 1999-ben, \u00e9s az\u00f3ta vagyunk egy\u00fctt.<\/p>\n<p>&#8211; Akkor annak is h\u00fasz \u00e9ve m\u00e1r. Mi \u00f6n szerint egy tart\u00f3s kapcsolat vagy h\u00e1zass\u00e1g titka?<\/p>\n<p>&#8211; Ahogy a rend\u0151ri munk\u00e1ban is a toleranci\u00e1t \u00e9s az emp\u00e1ti\u00e1t emeltem ki, a tart\u00f3s kapcsolat titka is szerintem ez, a t\u00fcrelem \u00e9s a kommunik\u00e1ci\u00f3 mellett. Ut\u00f3bbi is nagyon fontos, az, hogy besz\u00e9lgess\u00fcnk egym\u00e1ssal, besz\u00e9lj\u00fcnk meg mindent, mert ha nem, akkor minden elsikkad. Szerintem tal\u00e1n megk\u00f6nny\u00edti az is a dolgunkat, hogy \u0151 is rend\u0151r, \u00e9s nagyon j\u00f3l tudja, hogy egy rend\u0151r \u00e9lete nem h\u00e9tk\u00f6znap 8-t\u00f3l 16 \u00f3r\u00e1ig tart, hanem ha \u00fagy ad\u00f3dik, akkor h\u00e9tv\u00e9g\u00e9n, \u00fcnnepnapokon, vagy \u00e9jszaka is el kell l\u00e1tni a szolg\u00e1latot. Ez\u00e9rt jobban el tudja fogadni, ha nekem is el kell j\u00f6nn\u00f6m a csal\u00e1d mell\u0151l.<\/p>\n<p>&#8211; Van szabadideje? Ha igen, mire haszn\u00e1lja ki?<\/p>\n<p>&#8211; Szeretek kos\u00e1rlabd\u00e1zni, ami nagyon j\u00f3 stresszold\u00f3 sz\u00e1momra. Heti egyszer-k\u00e9tszer pr\u00f3b\u00e1lok eljutni kosarazni. Szeretek futni is, b\u00e1r ezt az ut\u00f3bbi id\u0151ben kicsit elhanyagoltam a munka \u00e9s a csal\u00e1d miatt, de szeretn\u00e9m majd megint folytatni, mert fontosnak tarhttps:\/\/erdmost.hu\/wp-content\/uploads\/2021\/06\/business-blog-session-cover-img-03.jpg a sportot. A gyerekeim is sportolnak: v\u00edzilabd\u00e1znak, az \u0151 \u00e9let\u00fckbe is beleiv\u00f3dott a sport.&nbsp;<\/p>\n<p>&#8211; T\u00e9rj\u00fcnk vissza oda, hogy az \u00e1llatorvosi vagy a rend\u0151ri karrier k\u00f6z\u00fcl az ut\u00f3bbit v\u00e1lasztotta!<\/p>\n<p>&#8211; Jelentkeztem a rend\u0151r szakk\u00f6z\u00e9piskol\u00e1ba Budapestre, ahova felv\u00e9telt nyertem. Akkor fix k\u00e9t\u00e9ves k\u00e9pz\u00e9s\u00fcnk volt, \u00e9s 1999 j\u00fanius 1-j\u00e9vel lettem pr\u00f3baid\u0151s rend\u0151r \u0151rmester az \u00c9rdi Rend\u0151rkapit\u00e1nys\u00e1gon, majd 2000-ben \u00fagymond teljes \u00e9rt\u00e9k\u0171 rend\u0151r\u0151rmester. El\u0151sz\u00f6r nyomoz\u00f3k\u00e9nt teljes\u00edtettem szolg\u00e1latot, de k\u00f6zben elkezdtem j\u00e1rni egy f\u0151iskol\u00e1ra, \u00e9s ahhoz, hogy be tudjam osztani az id\u0151met \u00e9s az energi\u00e1mat mind a munk\u00e1ban, mind a tanulm\u00e1nyaimban, k\u00e9rtem, hogy k\u00f6zter\u00fcleti j\u00e1r\u0151rszolg\u00e1latot l\u00e1thassak el, mivel annak az id\u0151beoszt\u00e1sa kicsit rugalmasabb. J\u00e1r\u0151ri beoszt\u00e1sba ker\u00fcltem teh\u00e1t, azt\u00e1n szolg\u00e1latir\u00e1ny\u00edt\u00f3 parancsnok, majd \u00fcgyeletes tiszti beoszt\u00e1st kaptam, amit hat \u00e9vig l\u00e1ttam el. 2009-ben az akkori k\u00f6zrendv\u00e9delmi oszt\u00e1lyvezet\u0151 k\u00e9r\u00e9s\u00e9re lettem j\u00e1r\u0151r \u00e9s \u0151rszolg\u00e1lati aloszt\u00e1lyvezet\u0151, majd k\u00f6zrendv\u00e9delmi oszt\u00e1lyvezet\u0151, amit t\u00f6bb mint \u00f6t \u00e9vig v\u00e9geztem itt, a rend\u0151rkapit\u00e1nys\u00e1gon. E munkak\u00f6r mellett kapit\u00e1nys\u00e1got vezet\u0151 helyettes is lettem, \u00e9s azt\u00e1n tavaly november\u00e9ben kaptam megb\u00edz\u00e1st a kapit\u00e1nys\u00e1gvezet\u0151 beoszt\u00e1sra.<\/p>\n<p>&#8211; Ezalatt a h\u00fasz \u00e9v alatt egy j\u00f3l \u00f6sszeszokott csapat is \u00f6ssze\u00e1llt itt, az \u00c9rdi Rend\u0151rkapit\u00e1nys\u00e1gon? Gyakorlatilag mindenkit ismer?<\/p>\n<p>&#8211; Elmondhahttps:\/\/erdmost.hu\/wp-content\/uploads\/2021\/06\/business-blog-session-cover-img-03.jpg, hogy a k\u00f6zrendv\u00e9delmi oszt\u00e1ly 2009-ben ker\u00fclt az ir\u00e1ny\u00edt\u00e1som al\u00e1, ahogy az el\u0151bb eml\u00edtettem m\u00e1r, el\u0151bb j\u00e1r\u0151r aloszt\u00e1lyvezet\u0151k\u00e9nt, \u00e9s akik most itt tev\u00e9kenykednek, mint j\u00e1r\u0151r\u00f6k, szolg\u00e1latparancsnokok, k\u00f6rzeti megb\u00edzottak, azoknak a 90%-a az \u00e9n kezeim alatt \u00e9rte el, hogy feljebb ker\u00fclt a rangl\u00e9tr\u00e1n, \u00e9s itt teljes\u00edti a szolg\u00e1lat\u00e1t.<\/p>\n<p>&#8211; Mintha az elm\u00falt id\u0151ben javult volna a rend\u0151r\u00f6knek \u00e9s a rend\u0151rs\u00e9gnek a meg\u00edt\u00e9l\u00e9se. Hogy l\u00e1tja ezt rend\u0151rk\u00e9nt?<\/p>\n<p>&#8211; A rend\u0151rs\u00e9gn\u00e9l egy szeml\u00e9letv\u00e1lt\u00e1s k\u00f6vetkezett be j\u00f3 p\u00e1r \u00e9vvel ezel\u0151tt. A szlogen\u00fcnk: a Szolg\u00e1lunk \u00e9s v\u00e9d\u00fcnk, \u00e9s ennek szeretn\u00e9nk val\u00f3ban megfelelni. A szakk\u00f6z\u00e9piskol\u00e1b\u00f3l kiker\u00fclt koll\u00e9g\u00e1kban is ezt pr\u00f3b\u00e1ljuk er\u0151s\u00edteni itt, a ter\u00fcleten. Magasra tessz\u00fck a toleranci\u00e1val \u00e9s az emp\u00e1ti\u00e1val kapcsolatos m\u00e9rc\u00e9t a rend\u0151r\u00f6kkel szemben, \u00e9s mindenf\u00e9lek\u00e9ppen lakoss\u00e1gorient\u00e1lt int\u00e9zked\u00e9seket \u00e9s munk\u00e1t szeretn\u00e9nk v\u00e9gezni. Ennek pedig a visszajelz\u00e9sek alapj\u00e1n is pozit\u00edv eredm\u00e9nyei vannak.<\/p>\n<p>&#8211; A statisztik\u00e1k azt mutatj\u00e1k, hogy ahhoz k\u00e9pest, hogy 2009-ben m\u00e9g a megyei jog\u00fa v\u00e1rosok k\u00f6z\u00f6tt utols\u00f3 helyen \u00e1llt \u00c9rd a k\u00f6zbiztons\u00e1g tekintet\u00e9ben, ma m\u00e1r a 2. legbiztons\u00e1gosabb, t\u00f6bb, mint 50 ezer lakos\u00fa v\u00e1rosnak sz\u00e1m\u00edt. Minek k\u00f6sz\u00f6nhet\u0151 ez az eredm\u00e9ny \u00f6n szerint?<\/p>\n<p>&#8211; Ez egy \u00f6sszetett feladat volt, amiben a b\u0171nmegel\u0151z\u00e9snek is nagyon nagy szerepe van, hiszen amit ott elmondunk, azokat a felh\u00edv\u00e1sainkat, javaslatainkat az emberek el\u0151bb-ut\u00f3bb megpr\u00f3b\u00e1lj\u00e1k val\u00f3ban betartani annak \u00e9rdek\u00e9ben, hogy nehogy \u00e1ldozatokk\u00e1 v\u00e1ljanak. Mag\u00e1nak a b\u0171ncselekm\u00e9ny elk\u00f6vet\u00e9s\u00e9nek az elemz\u00e9se, \u00e9rt\u00e9kel\u00e9se szint\u00e9n fontos, hiszen abb\u00f3l tudjuk meg, hogy milyen reakci\u00f3kat tudunk mi is kifel\u00e9 ny\u00fajtani azok sz\u00e1m\u00e1ra, akik b\u0171ncselekm\u00e9nyt akarnak elk\u00f6vetni. Melyek azok a ter\u00fcletr\u00e9szek, \u00e9s mik azok az id\u0151szakok, ahol \u00e9s amikor jobban oda kell figyelni a j\u00e1r\u0151rtev\u00e9kenys\u00e9geknek. Mindennek k\u00f6sz\u00f6nhet\u0151en egyre jobb \u00c9rden is a k\u00f6zbiztons\u00e1g.<\/p>\n<p>&#8211; Mindig lesznek sajnos emberek, akik megpr\u00f3b\u00e1lj\u00e1k kihaszn\u00e1lni az emberek j\u00f3hiszem\u0171s\u00e9g\u00e9t. Az \u00fagynevezett unok\u00e1z\u00f3s csal\u00e1sok ellen hogyan tudt\u00e1k felvenni a harcot?<br \/>\n&nbsp;<br \/>\n&#8211; Az idei \u00e9v sikere, de igaz\u00e1b\u00f3l egy hossz\u00fa folyamat volt, hogy felder\u00edtett\u00fck az unok\u00e1z\u00f3s csal\u00e1sokkal kapcsolatos elk\u00f6vet\u00e9seket. Itt is ki kell emeln\u00fcnk a b\u0171nmegel\u0151z\u00e9st, hiszen ezzel kapcsolatban a legels\u0151 dolog, amit megtett\u00fcnk az az volt, hogy egy \u00f6sszehangolt b\u0171nmegel\u0151z\u00e9si kamp\u00e1nyt ind\u00edtottunk. Gy\u00f3gyszert\u00e1rakban, eg\u00e9szs\u00e9g\u00fcgyi int\u00e9zm\u00e9nyekben elhelyezett sz\u00f3r\u00f3lapokon h\u00edvtuk fel az emberek figyelm\u00e9t arra, hogyan tudj\u00e1k kiv\u00e9deni, hogy unok\u00e1z\u00f3s csal\u00f3k \u00e1ldozat\u00e1v\u00e1 v\u00e1ljanak. Felkerest\u00fck az egyh\u00e1zi szem\u00e9lyis\u00e9geket, hogy h\u00edvj\u00e1k fel gy\u00fclekezet\u00fck figyelm\u00e9t ezekre a csal\u00e1sokra, illetve a m\u00e9di\u00e1t is seg\u00edts\u00e9g\u00fcl h\u00edvtuk ehhez. K\u00e9t h\u00e9ten bel\u00fcl megn\u0151tt a csal\u00e1si k\u00eds\u00e9rletek sz\u00e1ma a befejezett b\u0171ncselekm\u00e9nyekkel szemben, magyarul kevesebb embert siker\u00fclt t\u00e9nylegesen becsapniuk a b\u0171n\u00f6z\u0151knek, \u00edgy jobban tudtuk elemezni azoknak az elk\u00f6vet\u00e9si m\u00f3dszer\u00e9t, \u00e9s egy klasszikus nyomozati cselekm\u00e9nnyel siker\u00fclt az elk\u00f6vet\u0151ket beazonos\u00edtani, ez \u00e9v janu\u00e1rj\u00e1ban elkapni, \u00e9s letart\u00f3ztat\u00e1sba helyezni.&nbsp;<\/p>\n<p>&#8211; Id\u0151k\u00f6zben egy \u00faj \u00e9p\u00fcletet is kaptak, ez miben seg\u00edtette a munk\u00e1jukat?<\/p>\n<p>&#8211; Nagyon sokat seg\u00edtett a munkamor\u00e1lban. Most k\u00f6zel egy \u00e9ve k\u00f6lt\u00f6zhett\u00fcnk be ebbe az \u00faj, h\u00e1romemeletes \u00e9p\u00fcletbe, ahol elk\u00fcl\u00f6n\u00edtve vannak az oszt\u00e1lyok, helyet kapott a gyermekmeghallgat\u00f3 szoba \u00e9s detekt\u00edv t\u00fckr\u00f6s meghallgat\u00f3, k\u00fcl\u00f6n helyis\u00e9gbe ker\u00fclt a rabos\u00edt\u00f3, valamint megfelel\u0151 k\u00f6r\u00fclm\u00e9nyek k\u00f6z\u00f6tt tudjuk elk\u00fcl\u00f6n\u00edtve \u0151rizni az el\u0151\u00e1ll\u00edtott szem\u00e9lyeket is. V\u00e9g\u00fcl kialak\u00edt\u00e1sra ker\u00fclt egy nagy t\u00e1rgyal\u00f3helys\u00e9g is, ahol az eg\u00e9sz kapit\u00e1ny\u00e1g \u00e1llom\u00e1ny\u00e1t \u00f6ssze tudjuk h\u00edvni oktat\u00e1sra, \u00e1llom\u00e1nygy\u0171l\u00e9sekre, eligaz\u00edt\u00e1sokra, erre sajnos az el\u0151z\u0151 \u00e9p\u00fcletben nem volt lehet\u0151s\u00e9g, ez\u00e9rt mindenf\u00e9lek\u00e9ppen pozit\u00edv hat\u00e1ssal volt \u00e9s van a munk\u00e1nkra a j\u00f3 munkak\u00f6rnyezet.<\/p>\n<p>&#8211; Mivel j\u00e1rt vagy j\u00e1r a rend\u0151rs\u00e9gre n\u00e9zve, hogy megkezdte m\u0171k\u00f6d\u00e9s\u00e9t az \u00c9rdi J\u00e1r\u00e1si \u00dcgy\u00e9szs\u00e9g \u00e9s B\u00edr\u00f3s\u00e1g is?<\/p>\n<p>&#8211; Mindk\u00e9t szervezettel nagyon j\u00f3 a kapcsolatunk, \u00e9s megk\u00f6nny\u00edti a munk\u00e1nkat, hogy nem kell Buda\u00f6rsre \u00e1tj\u00e1rnunk, \u00edgy a gyors\u00edtott b\u00edr\u00f3s\u00e1gi elj\u00e1r\u00e1sainkat is meg tudjuk oldani itt, helyben, \u00e9s a rend\u0151reink kevesebb id\u0151t t\u00f6ltenek \u00e1tk\u00eds\u00e9r\u00e9ssel, ezzel is t\u00f6bb szolg\u00e1latot tudnak teljes\u00edteni a k\u00f6zter\u00fcleteken. Az \u00fcgy\u00e9szs\u00e9ggel napi szint\u0171 a kapcsolatunk. A nyomoz\u00f3 \u00e9s vizsg\u00e1l\u00f3 koll\u00e9g\u00e1ink szem\u00e9lyesen is meg tudj\u00e1k besz\u00e9lni a nyomozati cselekm\u00e9nyeket az \u00fcgy\u00e9szekkel. Teh\u00e1t minden szempontb\u00f3l gyorsabb\u00e1 \u00e9s hat\u00e9konyabb\u00e1 v\u00e1lt a munk\u00e1nk.<\/p>\n<p>&#8211; \u00dagy l\u00e1https:\/\/erdmost.hu\/wp-content\/uploads\/2021\/06\/business-blog-session-cover-img-03.jpg, pr\u00f3b\u00e1lnak szervesen bekapcsol\u00f3dni \u00c9rd \u00e9let\u00e9be, \u00e9s r\u00e9szt vesznek a fontosabb helyi megmozdul\u00e1son, p\u00e9ld\u00e1ul a Papi f\u00f6ldek f\u00e1s\u00edt\u00e1s\u00e1nak akci\u00f3j\u00e1ban is kivett\u00e9k a r\u00e9sz\u00fcket\u2026<\/p>\n<p>&#8211; Fontosnak tartjuk, hogy a v\u00e1ros l\u00e1ssa: van rend\u0151rs\u00e9ge, ami nemcsak azzal foglalkozik -, a sztereot\u00edpi\u00e1kkal ellent\u00e9tben -, hogy a stop-t\u00e1bl\u00e1n\u00e1l meg\u00e1llva megb\u00edrs\u00e1golja az embert, hanem t\u00e9nylegesen k\u00f6zel akarunk ker\u00fclni az \u00e1llampolg\u00e1rokhoz. Igen, azzal is p\u00e9ld\u00e1ul, hogy a Papi f\u00f6ldeken seg\u00edtett\u00fcnk a f\u00e1s\u00edt\u00e1sban. A b\u0171nmegel\u0151z\u00e9si programok sor\u00e1n pedig nagyon sok helyre ell\u00e1togatunk: iskol\u00e1kba, id\u0151sek otthon\u00e1ba, bev\u00e1s\u00e1rl\u00f3k\u00f6zpontokba, most ny\u00e1ron a t\u00e1borokba, minden olyan esem\u00e9nyre, ahol meg tudjuk mutatni: jelen vagyunk a v\u00e1ros \u00e9let\u00e9ben, \u00e9s az \u00e1llampolg\u00e1rok sz\u00e1m\u00edthatnak a rend\u0151r\u00f6k munk\u00e1j\u00e1ra.<\/p>\n<p>&#8211; Egyre t\u00f6bben lakj\u00e1k \u00c9rdet. Ez milyen plusz feladatokat ig\u00e9nyel a rend\u0151rs\u00e9g r\u00e9sz\u00e9r\u0151l?<\/p>\n<p>&#8211; A legnagyobb feladatunk a k\u00f6zleked\u00e9sbiztons\u00e1ggal kapcsolatos. Ahogy eml\u00edtette, egyre t\u00f6bben laknak \u00c9rden, \u00e9s elmondhat\u00f3, hogy lassan most m\u00e1r h\u00e1ztart\u00e1sonk\u00e9nt mindenhol k\u00e9t j\u00e1rm\u0171vel kell sz\u00e1molnunk, ami a forgalomban is \u00e9szrevehet\u0151. Ahogy egyre t\u00f6bben k\u00f6zleked\u00fcnk, a dug\u00f3kban egyre t\u00fcrelmetlenebbek vagyunk. A f\u0151 c\u00e9lunk ebb\u0151l a szempontb\u00f3l a tov\u00e1bbiakban is a balesetek megel\u0151z\u00e9se, amit sebess\u00e9gellen\u0151rz\u00e9ssel \u00e9s kihelyezett, fokozott ellen\u0151rz\u00e9sekkel pr\u00f3b\u00e1lunk megoldani. Mindenkit arra k\u00e9rn\u00e9k, hogy legyen t\u00fcrelmes a k\u00f6zleked\u00e9sben. Kaptam olyan leveleket \u00e9s telefonh\u00edv\u00e1sokat, hogy cs\u00facsid\u0151ben az \u00e9rdi k\u00f6zleked\u00e9s teljesen meg\u00e1ll, de ezt c\u00e1folni tudom, hiszen kimentem, kipr\u00f3b\u00e1ltam, \u00e9s 5-10 percn\u00e9l tov\u00e1bb sehol sem kellett v\u00e1rakoznom.&nbsp;<\/p>\n<p>&#8211; Milyen c\u00e9ljai vannak a tov\u00e1bbiakban?&nbsp;<\/p>\n<p>&#8211; \u00d6r\u00f6kk\u00e9 el\u00e9gedetlen ember vagyok, de tal\u00e1n ennek is k\u00f6sz\u00f6nhetem ezt a beoszt\u00e1st, mert mindig hajt el\u0151re a tenni akar\u00e1s. J\u00f3l szeretn\u00e9m v\u00e9gezni, amit csin\u00e1lok, \u00e9s a koll\u00e9g\u00e1immal k\u00f6z\u00f6sen c\u00e9lunk a lakoss\u00e1g szubjekt\u00edv k\u00f6zbiztons\u00e1g\u00e9rzet\u00e9nek tov\u00e1bbi n\u00f6vel\u00e9se az \u00e9rdi j\u00e1r\u00e1sban \u00e9s a t\u00e9rs\u00e9gben, amihez minden eszk\u00f6z \u00e9s szem\u00e9lyi felt\u00e9tel adott.<\/p>","protected":false},"excerpt":{"rendered":"<p>J\u00faniusban volt 20 \u00e9ve, hogy elkezdett dolgozni az \u00c9rdi Rend\u0151rkapit\u00e1nys\u00e1gon, ahol az \u00e9vek sor\u00e1n egyre magasabbra jutott a rangl\u00e9tr\u00e1n, tavaly november \u00f3ta pedig rend\u0151rkapit\u00e1nyk\u00e9nt tev\u00e9kenykedik. <\/p>","protected":false},"author":8,"featured_media":0,"comment_status":"","ping_status":"","sticky":false,"template":"","format":"standard","meta":{"_acf_changed":false,"_seopress_robots_primary_cat":"","_seopress_titles_title":"","_seopress_titles_desc":"","_seopress_robots_index":"","site-sidebar-layout":"default","site-content-layout":"","ast-site-content-layout":"default","site-content-style":"default","site-sidebar-style":"default","ast-global-header-display":"","ast-banner-title-visibility":"","ast-main-header-display":"","ast-hfb-above-header-display":"","ast-hfb-below-header-display":"","ast-hfb-mobile-header-display":"","site-post-title":"","ast-breadcrumbs-content":"","ast-featured-img":"","footer-sml-layout":"","ast-disable-related-posts":"","theme-transparent-header-meta":"","adv-header-id-meta":"","stick-header-meta":"","header-above-stick-meta":"","header-main-stick-meta":"","header-below-stick-meta":"","astra-migrate-meta-layouts":"default","ast-page-background-enabled":"default","ast-page-background-meta":{"desktop":{"background-color":"","background-image":"","background-repeat":"repeat","background-position":"center center","background-size":"auto","background-attachment":"scroll","background-type":"","background-media":"","overlay-type":"","overlay-color":"","overlay-opacity":"","overlay-gradient":""},"tablet":{"background-color":"","background-image":"","background-repeat":"repeat","background-position":"center center","background-size":"auto","background-attachment":"scroll","background-type":"","background-media":"","overlay-type":"","overlay-color":"","overlay-opacity":"","overlay-gradient":""},"mobile":{"background-color":"","background-image":"","background-repeat":"repeat","background-position":"center center","background-size":"auto","background-attachment":"scroll","background-type":"","background-media":"","overlay-type":"","overlay-color":"","overlay-opacity":"","overlay-gradient":""}},"ast-content-background-meta":{"desktop":{"background-color":"var(--ast-global-color-5)","background-image":"","background-repeat":"repeat","background-position":"center center","background-size":"auto","background-attachment":"scroll","background-type":"","background-media":"","overlay-type":"","overlay-color":"","overlay-opacity":"","overlay-gradient":""},"tablet":{"background-color":"var(--ast-global-color-5)","background-image":"","background-repeat":"repeat","background-position":"center center","background-size":"auto","background-attachment":"scroll","background-type":"","background-media":"","overlay-type":"","overlay-color":"","overlay-opacity":"","overlay-gradient":""},"mobile":{"background-color":"var(--ast-global-color-5)","background-image":"","background-repeat":"repeat","background-position":"center center","background-size":"auto","background-attachment":"scroll","background-type":"","background-media":"","overlay-type":"","overlay-color":"","overlay-opacity":"","overlay-gradient":""}},"footnotes":""},"categories":[1],"cikk_cimkek":[10],"content_flags":[349,348],"content_icons":[],"class_list":["post-3837","post","type-post","status-publish","format-standard","hentry","category-erdmost","cikk_cimkek-portre","content_flags-fontos","content_flags-top"],"acf":[],"_links":{"self":[{"href":"https:\/\/erdmost.hu\/en\/wp-json\/wp\/v2\/posts\/3837","targetHints":{"allow":["GET"]}}],"collection":[{"href":"https:\/\/erdmost.hu\/en\/wp-json\/wp\/v2\/posts"}],"about":[{"href":"https:\/\/erdmost.hu\/en\/wp-json\/wp\/v2\/types\/post"}],"author":[{"embeddable":true,"href":"https:\/\/erdmost.hu\/en\/wp-json\/wp\/v2\/users\/8"}],"replies":[{"embeddable":true,"href":"https:\/\/erdmost.hu\/en\/wp-json\/wp\/v2\/comments?post=3837"}],"version-history":[{"count":0,"href":"https:\/\/erdmost.hu\/en\/wp-json\/wp\/v2\/posts\/3837\/revisions"}],"wp:attachment":[{"href":"https:\/\/erdmost.hu\/en\/wp-json\/wp\/v2\/media?parent=3837"}],"wp:term":[{"taxonomy":"category","embeddable":true,"href":"https:\/\/erdmost.hu\/en\/wp-json\/wp\/v2\/categories?post=3837"},{"taxonomy":"cikk_cimkek","embeddable":true,"href":"https:\/\/erdmost.hu\/en\/wp-json\/wp\/v2\/cikk_cimkek?post=3837"},{"taxonomy":"content_flags","embeddable":true,"href":"https:\/\/erdmost.hu\/en\/wp-json\/wp\/v2\/content_flags?post=3837"},{"taxonomy":"content_icons","embeddable":true,"href":"https:\/\/erdmost.hu\/en\/wp-json\/wp\/v2\/content_icons?post=3837"}],"curies":[{"name":"wp","href":"https:\/\/api.w.org\/{rel}","templated":true}]}}