{"id":21103,"date":"2022-01-14T11:30:11","date_gmt":"2022-01-14T11:30:11","guid":{"rendered":"https:\/\/wp.erdmost.hu\/2022\/01\/14\/kozgyules-elott-folytatodik-bacs-istvan-osszeferhetetlensegi-ugye\/"},"modified":"2022-03-01T22:02:23","modified_gmt":"2022-03-01T22:02:23","slug":"kozgyules-elott-folytatodik-bacs-istvan-osszeferhetetlensegi-ugye","status":"publish","type":"post","link":"https:\/\/erdmost.hu\/en\/2022\/01\/14\/kozgyules-elott-folytatodik-bacs-istvan-osszeferhetetlensegi-ugye\/","title":{"rendered":"A k\u00f6zgy\u0171l\u00e9s el\u0151tt folytat\u00f3dik B\u00e1cs Istv\u00e1n \u00f6sszef\u00e9rhetetlens\u00e9gi \u00fcgye"},"content":{"rendered":"<p class=\"text-align-justify\">Tetl\u00e1k \u00d6rs, \u00c9rd alpolg\u00e1rmestere a <a href=\"https:\/\/www.facebook.com\/tetlak.ors\/posts\/354108403381380\" target=\"_blank\" rel=\"noopener\">Facebookon tette k\u00f6zz\u00e9<\/a>, hogy p\u00e9ntek este&nbsp;rendk\u00edv\u00fcli k\u00f6zgy\u0171l\u00e9st tartanak az \u00f6sszef\u00e9rhetetlens\u00e9gi elj\u00e1r\u00e1s folytat\u00e1sak\u00e9nt. Tetl\u00e1k azt is k\u00f6z\u00f6lte, hogy&nbsp;feljelent\u00e9st tett az \u00c9rdi Rend\u0151rkapit\u00e1nys\u00e1gon.&nbsp;<\/p>\n<p class=\"text-align-justify\"><a href=\"https:\/\/erdmost.hu\/en\/2021\/12\/16\/folytatodik-az-eljaras-bacs-istvan-ellen\/\" target=\"_blank\" rel=\"noopener\">Mint ismert<\/a>, tavaly decemberben a k\u00f6zgy\u0171l\u00e9s jogi bizotts\u00e1ga kimondta: B\u00e1cs Istv\u00e1n vagyonnyilatkozata val\u00f3tlan, ez\u00e9rt az \u00e9rdi k\u00f6zgy\u0171l\u00e9s z\u00e1rt \u00fcl\u00e9sen hat\u00e1rozatot fogadott el arr\u00f3l, hogy kezdem\u00e9nyezzenek \u00f6sszef\u00e9rhetetlens\u00e9gi elj\u00e1r\u00e1st B\u00e1cs ellen.&nbsp;<\/p>\n<p class=\"text-align-justify\">Az \u00fcgy folytat\u00e1sak\u00e9nt a napokban Tetl\u00e1k \u00d6rs <a href=\"https:\/\/erdmost.hu\/en\/2022\/01\/11\/tetlak-bacs-istvan-meltatlan-kepviseloi-tisztsegre\/\">bejelentett<\/a>e, hogy a Jogi \u00e9s K\u00f6zbiztons\u00e1gi Bizotts\u00e1g h\u00e9tf\u0151i \u00fcl\u00e9s\u00e9n a bizotts\u00e1g \u00fagy d\u00f6nt\u00f6tt, hogy nem \u00e1ll fenn \u00f6ssszef\u00e9rhetetlens\u00e9g B\u00e1cs Istv\u00e1n vagyonnyilatkozata kapcs\u00e1n, azonban az \u00f6sszef\u00e9rhetetlens\u00e9gi elj\u00e1r\u00e1s itt nem \u00e9rt m\u00e9g v\u00e9get, hiszen a bizotts\u00e1g el\u0151terjeszt\u00e9s\u00e9t a k\u00f6zgy\u0171l\u00e9snek is el kell fogadnia.<\/p>\n<p><drupal-entity data-embed-button=\"image_embed\" data-entity-embed-display=\"view_mode:media.embed_image_into_article\" data-entity-embed-display-settings=\"\" data-entity-type=\"media\" data-entity-uuid=\"1fe00ad7-6267-4773-a832-1c22f7280b4b\" data-langcode=\"hu\"><\/drupal-entity><\/p>","protected":false},"excerpt":{"rendered":"<p>P\u00e9ntek este rendk\u00edv\u00fcli k\u00f6zgy\u0171l\u00e9st tart \u00c9rd Megyei Jog\u00fa V\u00e1ros k\u00e9pvisel\u0151-test\u00fclete, amelyen t\u00e1rgyalj\u00e1k B\u00e1cs Istv\u00e1n \u00f6sszef\u00e9rhetetlens\u00e9gi \u00fcgy\u00e9t is. a Fidesz-KDNP kor\u00e1bbi \u00e9rdi alpolg\u00e1rmestere vagyonnyilatkozat\u00e1ban nem t\u00fcntetett fel egy, a saj\u00e1t c\u00e9g\u00e9nek ny\u00fajtott 71 milli\u00f3 forintos k\u00f6lcs\u00f6nt. <\/p>","protected":false},"author":8,"featured_media":0,"comment_status":"closed","ping_status":"","sticky":false,"template":"","format":"standard","meta":{"_acf_changed":false,"_seopress_robots_primary_cat":"","_seopress_titles_title":"","_seopress_titles_desc":"","_seopress_robots_index":"","site-sidebar-layout":"default","site-content-layout":"","ast-site-content-layout":"default","site-content-style":"default","site-sidebar-style":"default","ast-global-header-display":"","ast-banner-title-visibility":"","ast-main-header-display":"","ast-hfb-above-header-display":"","ast-hfb-below-header-display":"","ast-hfb-mobile-header-display":"","site-post-title":"","ast-breadcrumbs-content":"","ast-featured-img":"","footer-sml-layout":"","ast-disable-related-posts":"","theme-transparent-header-meta":"","adv-header-id-meta":"","stick-header-meta":"","header-above-stick-meta":"","header-main-stick-meta":"","header-below-stick-meta":"","astra-migrate-meta-layouts":"default","ast-page-background-enabled":"default","ast-page-background-meta":{"desktop":{"background-color":"","background-image":"","background-repeat":"repeat","background-position":"center center","background-size":"auto","background-attachment":"scroll","background-type":"","background-media":"","overlay-type":"","overlay-color":"","overlay-opacity":"","overlay-gradient":""},"tablet":{"background-color":"","background-image":"","background-repeat":"repeat","background-position":"center center","background-size":"auto","background-attachment":"scroll","background-type":"","background-media":"","overlay-type":"","overlay-color":"","overlay-opacity":"","overlay-gradient":""},"mobile":{"background-color":"","background-image":"","background-repeat":"repeat","background-position":"center center","background-size":"auto","background-attachment":"scroll","background-type":"","background-media":"","overlay-type":"","overlay-color":"","overlay-opacity":"","overlay-gradient":""}},"ast-content-background-meta":{"desktop":{"background-color":"var(--ast-global-color-5)","background-image":"","background-repeat":"repeat","background-position":"center center","background-size":"auto","background-attachment":"scroll","background-type":"","background-media":"","overlay-type":"","overlay-color":"","overlay-opacity":"","overlay-gradient":""},"tablet":{"background-color":"var(--ast-global-color-5)","background-image":"","background-repeat":"repeat","background-position":"center center","background-size":"auto","background-attachment":"scroll","background-type":"","background-media":"","overlay-type":"","overlay-color":"","overlay-opacity":"","overlay-gradient":""},"mobile":{"background-color":"var(--ast-global-color-5)","background-image":"","background-repeat":"repeat","background-position":"center center","background-size":"auto","background-attachment":"scroll","background-type":"","background-media":"","overlay-type":"","overlay-color":"","overlay-opacity":"","overlay-gradient":""}},"footnotes":""},"categories":[1],"cikk_cimkek":[15],"content_flags":[350,349],"content_icons":[],"class_list":["post-21103","post","type-post","status-publish","format-standard","hentry","category-erdmost","cikk_cimkek-kozelet","content_flags-erdekes","content_flags-fontos"],"acf":[],"_links":{"self":[{"href":"https:\/\/erdmost.hu\/en\/wp-json\/wp\/v2\/posts\/21103","targetHints":{"allow":["GET"]}}],"collection":[{"href":"https:\/\/erdmost.hu\/en\/wp-json\/wp\/v2\/posts"}],"about":[{"href":"https:\/\/erdmost.hu\/en\/wp-json\/wp\/v2\/types\/post"}],"author":[{"embeddable":true,"href":"https:\/\/erdmost.hu\/en\/wp-json\/wp\/v2\/users\/8"}],"replies":[{"embeddable":true,"href":"https:\/\/erdmost.hu\/en\/wp-json\/wp\/v2\/comments?post=21103"}],"version-history":[{"count":1,"href":"https:\/\/erdmost.hu\/en\/wp-json\/wp\/v2\/posts\/21103\/revisions"}],"predecessor-version":[{"id":30329,"href":"https:\/\/erdmost.hu\/en\/wp-json\/wp\/v2\/posts\/21103\/revisions\/30329"}],"wp:attachment":[{"href":"https:\/\/erdmost.hu\/en\/wp-json\/wp\/v2\/media?parent=21103"}],"wp:term":[{"taxonomy":"category","embeddable":true,"href":"https:\/\/erdmost.hu\/en\/wp-json\/wp\/v2\/categories?post=21103"},{"taxonomy":"cikk_cimkek","embeddable":true,"href":"https:\/\/erdmost.hu\/en\/wp-json\/wp\/v2\/cikk_cimkek?post=21103"},{"taxonomy":"content_flags","embeddable":true,"href":"https:\/\/erdmost.hu\/en\/wp-json\/wp\/v2\/content_flags?post=21103"},{"taxonomy":"content_icons","embeddable":true,"href":"https:\/\/erdmost.hu\/en\/wp-json\/wp\/v2\/content_icons?post=21103"}],"curies":[{"name":"wp","href":"https:\/\/api.w.org\/{rel}","templated":true}]}}