{"id":20354,"date":"2021-12-08T13:31:00","date_gmt":"2021-12-08T13:31:00","guid":{"rendered":"https:\/\/wp.erdmost.hu\/2021\/12\/08\/foci-nagykanizsan-zarja-az-oszt-az-erdi-vse\/"},"modified":"2021-12-08T13:31:00","modified_gmt":"2021-12-08T13:31:00","slug":"foci-nagykanizsan-zarja-az-oszt-az-erdi-vse","status":"publish","type":"post","link":"https:\/\/erdmost.hu\/en\/2021\/12\/08\/foci-nagykanizsan-zarja-az-oszt-az-erdi-vse\/","title":{"rendered":"Foci: Nagykanizs\u00e1n z\u00e1rja az \u0151szt az \u00c9rdi VSE"},"content":{"rendered":"<p style=\"margin-top:11px; margin-bothttps:\/\/erdmost.hu\/wp-content\/uploads\/2021\/06\/business-blog-session-cover-img-03.jpg:11px\">Az FC Nagykanizsa\u2013\u00c9rdi VSE m\u00e9rk\u0151z\u00e9ssel z\u00e1rul az \u0151szi id\u00e9ny az NB III Nyugati csoportj\u00e1ban, ahol k\u00e9t hektikusan szerepl\u0151 egy\u00fcttes csap \u00f6ssze egym\u00e1ssal, de az \u00e9rdieknek j\u00f3 el\u0151jel, hogy bajnokin m\u00e9g veretlenek a zalaiakkal szemben, akik ellen legut\u00f3bbi k\u00e9t idegenbeli m\u00e9rk\u0151z\u00e9s\u00fcket is megnyert\u00e9k.<\/p>\n<p>Igaz, Limperger Zsolt egy\u00fcttese nem biztos, hogy olyan sz\u00edvesen eml\u00e9kszik vissza a zalaiak elleni tal\u00e1lkoz\u00f3ra, hiszen el\u0151sz\u00f6r m\u00e9g a Magyar Kup\u00e1ban tal\u00e1lkoztak a felek, amikor az \u00e9rdiek k\u00e9tg\u00f3los el\u0151nyr\u0151l egy t\u00edzperces r\u00f6vidz\u00e1rlat miatt b\u00facs\u00faztak, amikor a megyei bajnoks\u00e1gban szerepl\u0151 Nagykanizsa ford\u00edtott \u00e9s 3\u20132-re nyert. Az az\u00f3ta lej\u00e1tszott \u00f6t bajnokib\u00f3l viszont h\u00e1rom d\u00f6ntetlen mellett k\u00e9tszer is az \u00e9rdiek \u00f6r\u00fclhettek.<\/p>\n<p>A 2021\/22-es \u00e9vadban azonban az FC Nagykanizsa \u00e9s az \u00c9rdi VSE sem tudott kiegyenl\u00edtett teljes\u00edtm\u00e9nyt ny\u00fajtani. Limperger Zsolt csapat\u00e1nak id\u00e9ny\u00e9t elk\u00e9peszt\u0151 s\u00e9r\u00fcl\u00e9shull\u00e1m k\u00eds\u00e9rte v\u00e9gig, \u00edgy a vezet\u0151edz\u0151 a legut\u00f3bbi, Bicskei TC elleni tal\u00e1lkoz\u00f3n s\u00e9r\u00fcl\u00e9s miatt nyolc, eltilt\u00e1s miatt tov\u00e1bbi egy labdar\u00fag\u00f3j\u00e1ra sem sz\u00e1m\u00edthatott.<\/p>\n<p>A zalaiak Koller Zolt\u00e1n ir\u00e1ny\u00edt\u00e1s\u00e1val kezdt\u00e9k a szezont \u00e9s b\u00e1r t\u00f6bbek k\u00f6z\u00f6tt hazai p\u00e1ly\u00e1n a Mosonmagyar\u00f3v\u00e1rt is legy\u0151zt\u00e9k (3\u20132), de nem sokkal k\u00e9s\u0151bb a Sopront\u00f3l p\u00e9ld\u00e1ul sim\u00e1n kikaptak (1\u20134). A bajnokaspir\u00e1ns BVSC-Zugl\u00f3 elleni 6\u20131-es hazai fiask\u00f3 ut\u00e1n pedig megk\u00f6sz\u00f6nt\u00e9k a vezet\u0151edz\u0151 munk\u00e1j\u00e1t \u00e9s a szakmai ir\u00e1ny\u00edt\u00e1st az a Gombos Zsolt vette \u00e1t\/vissza, aki kor\u00e1bban a harmadoszt\u00e1lyba is feljuttatta az egy\u00fcttest. Az \u00faj szakvezet\u0151 b\u00e1r k\u00e9t veres\u00e9ggel kezdett (Veszpr\u00e9mben \u00e9s otthon a Bicsk\u00e9t\u0151l kaptak ki), de Felcs\u00faton \u00e9s Zalaegerszegen is legy\u0151zte a helyiek m\u00e1sodik csapat\u00e1t.<\/p>\n<p>Mint az \u00c9rdi VSE honlapj\u00e1nak nyilatkoz\u00f3 \u00e9rdi vezet\u0151edz\u0151, Limperger Zsolt elmondta, meglepte a Nagykanizsa szerepl\u00e9se, mert j\u00e1t\u00e9ker\u0151 alapj\u00e1n a mez\u0151ny elej\u00e9n lenne a hely\u00fck, jelenleg pedig h\u00e9t gy\u0151zelemmel, k\u00e9t d\u00f6ntetlennel \u00e9s t\u00edz veres\u00e9ggel csup\u00e1n a tizennegyedik helyet foglalj\u00e1k el, k\u00e9tpontos h\u00e1tr\u00e1nnyal a 7\u20134\u20138-as m\u00e9rleggel \u00e9s 25 ponttal \u00e1ll\u00f3 \u00e9rdiek m\u00f6g\u00f6tt.<\/p>\n<blockquote>\n<p>\u201eLesz\u00fcnk annyian, hogy ki tudjunk \u00e1llni. Aki j\u00e1tszani fog, az biztos vagyok benne, hogy ugyan\u00fagy meg fog tenni mindent, mint Bicsk\u00e9n, ahol \u00fagy \u00e9rzem, a sr\u00e1cok mindent beleadtak, hogy ponttal t\u00e1vozzunk, de most olyan id\u0151szakban vagyunk, hogy ennyire telt. B\u00edzom benne, hogy a szerencse is t\u00e1mogat minket, ha m\u00e1r ilyen sokat beletesz\u00fcnk egy-egy meccsbe \u00e9s rem\u00e9lem, ez pontokban is m\u00e9rhet\u0151 lesz\u201d<\/p>\n<\/blockquote>\n<p>\u2013 fogalmazott Limperger Zsolt.<\/p>\n<p>A december 9-\u00e9n, 13 \u00f3rakor kezd\u0151d\u0151 FC Nagykanizsa\u2013\u00c9rdi VSE m\u00e9rk\u0151z\u00e9st H\u00e9ra Csan\u00e1d vezeti, seg\u00edt\u0151i Keszthelyi Tam\u00e1s \u00e9s Bizderi Nikolett lesznek.<\/p>\n<p class=\"highlight highlight--border\"><strong>NB III, Nyugati csoport, 16. fordul\u00f3b\u00f3l p\u00f3tolt m\u00e9rk\u0151z\u00e9s<br \/>\n12.09., 13.00:<\/strong> FC Nagykanizsa\u2013\u00c9rdi VSE<\/p>","protected":false},"excerpt":{"rendered":"<p>November v\u00e9g\u00e9n az FC Nagykanizsa t\u00f6bb j\u00e1t\u00e9kosa is megfert\u0151z\u0151d\u00f6tt a koronav\u00edrussal, ez\u00e9rt az NB III Nyugati csoportj\u00e1nak 16. fordul\u00f3j\u00e1ban rendezett \u00c9rdi VSE elleni m\u00e9rk\u0151z\u00e9sre csak december 9-\u00e9n, 13 \u00f3r\u00e1t\u00f3l ker\u00fcl sor a Nagykanizsai Olajb\u00e1ny\u00e1sz Stadionban.<\/p>","protected":false},"author":8,"featured_media":0,"comment_status":"","ping_status":"","sticky":false,"template":"","format":"standard","meta":{"_acf_changed":false,"_seopress_robots_primary_cat":"","_seopress_titles_title":"","_seopress_titles_desc":"","_seopress_robots_index":"","site-sidebar-layout":"default","site-content-layout":"","ast-site-content-layout":"default","site-content-style":"default","site-sidebar-style":"default","ast-global-header-display":"","ast-banner-title-visibility":"","ast-main-header-display":"","ast-hfb-above-header-display":"","ast-hfb-below-header-display":"","ast-hfb-mobile-header-display":"","site-post-title":"","ast-breadcrumbs-content":"","ast-featured-img":"","footer-sml-layout":"","ast-disable-related-posts":"","theme-transparent-header-meta":"","adv-header-id-meta":"","stick-header-meta":"","header-above-stick-meta":"","header-main-stick-meta":"","header-below-stick-meta":"","astra-migrate-meta-layouts":"default","ast-page-background-enabled":"default","ast-page-background-meta":{"desktop":{"background-color":"","background-image":"","background-repeat":"repeat","background-position":"center center","background-size":"auto","background-attachment":"scroll","background-type":"","background-media":"","overlay-type":"","overlay-color":"","overlay-opacity":"","overlay-gradient":""},"tablet":{"background-color":"","background-image":"","background-repeat":"repeat","background-position":"center center","background-size":"auto","background-attachment":"scroll","background-type":"","background-media":"","overlay-type":"","overlay-color":"","overlay-opacity":"","overlay-gradient":""},"mobile":{"background-color":"","background-image":"","background-repeat":"repeat","background-position":"center center","background-size":"auto","background-attachment":"scroll","background-type":"","background-media":"","overlay-type":"","overlay-color":"","overlay-opacity":"","overlay-gradient":""}},"ast-content-background-meta":{"desktop":{"background-color":"var(--ast-global-color-5)","background-image":"","background-repeat":"repeat","background-position":"center center","background-size":"auto","background-attachment":"scroll","background-type":"","background-media":"","overlay-type":"","overlay-color":"","overlay-opacity":"","overlay-gradient":""},"tablet":{"background-color":"var(--ast-global-color-5)","background-image":"","background-repeat":"repeat","background-position":"center center","background-size":"auto","background-attachment":"scroll","background-type":"","background-media":"","overlay-type":"","overlay-color":"","overlay-opacity":"","overlay-gradient":""},"mobile":{"background-color":"var(--ast-global-color-5)","background-image":"","background-repeat":"repeat","background-position":"center center","background-size":"auto","background-attachment":"scroll","background-type":"","background-media":"","overlay-type":"","overlay-color":"","overlay-opacity":"","overlay-gradient":""}},"footnotes":""},"categories":[1],"cikk_cimkek":[68,9],"content_flags":[],"content_icons":[],"class_list":["post-20354","post","type-post","status-publish","format-standard","hentry","category-erdmost","cikk_cimkek-labdarugas","cikk_cimkek-sport"],"acf":[],"_links":{"self":[{"href":"https:\/\/erdmost.hu\/en\/wp-json\/wp\/v2\/posts\/20354","targetHints":{"allow":["GET"]}}],"collection":[{"href":"https:\/\/erdmost.hu\/en\/wp-json\/wp\/v2\/posts"}],"about":[{"href":"https:\/\/erdmost.hu\/en\/wp-json\/wp\/v2\/types\/post"}],"author":[{"embeddable":true,"href":"https:\/\/erdmost.hu\/en\/wp-json\/wp\/v2\/users\/8"}],"replies":[{"embeddable":true,"href":"https:\/\/erdmost.hu\/en\/wp-json\/wp\/v2\/comments?post=20354"}],"version-history":[{"count":0,"href":"https:\/\/erdmost.hu\/en\/wp-json\/wp\/v2\/posts\/20354\/revisions"}],"wp:attachment":[{"href":"https:\/\/erdmost.hu\/en\/wp-json\/wp\/v2\/media?parent=20354"}],"wp:term":[{"taxonomy":"category","embeddable":true,"href":"https:\/\/erdmost.hu\/en\/wp-json\/wp\/v2\/categories?post=20354"},{"taxonomy":"cikk_cimkek","embeddable":true,"href":"https:\/\/erdmost.hu\/en\/wp-json\/wp\/v2\/cikk_cimkek?post=20354"},{"taxonomy":"content_flags","embeddable":true,"href":"https:\/\/erdmost.hu\/en\/wp-json\/wp\/v2\/content_flags?post=20354"},{"taxonomy":"content_icons","embeddable":true,"href":"https:\/\/erdmost.hu\/en\/wp-json\/wp\/v2\/content_icons?post=20354"}],"curies":[{"name":"wp","href":"https:\/\/api.w.org\/{rel}","templated":true}]}}