{"id":20226,"date":"2021-12-03T15:37:01","date_gmt":"2021-12-03T15:37:01","guid":{"rendered":"https:\/\/wp.erdmost.hu\/2021\/12\/03\/kozos-javaslatot-tesznek-megyei-jogu-varosok-vezetoi\/"},"modified":"2021-12-03T15:37:01","modified_gmt":"2021-12-03T15:37:01","slug":"kozos-javaslatot-tesznek-megyei-jogu-varosok-vezetoi","status":"publish","type":"post","link":"https:\/\/erdmost.hu\/en\/2021\/12\/03\/kozos-javaslatot-tesznek-megyei-jogu-varosok-vezetoi\/","title":{"rendered":"K\u00f6z\u00f6s javaslatot tesznek a megyei jog\u00fa v\u00e1rosok vezet\u0151i"},"content":{"rendered":"<p class=\"text-align-justify\">&#8222;Polg\u00e1rmesterk\u00e9nt minden v\u00e1roslak\u00f3 \u00e9rdekeit k\u00e9pviselem: bal- \u00e9s jobboldali\u00e9t, konzervat\u00edv\u00e9t, liber\u00e1lis\u00e9t stb. egyar\u00e1nt. Elj\u00e1rok, lobbizok az\u00e9rt, hogy min\u00e9l t\u00f6bb forr\u00e1sunk legyen fejleszt\u00e9sekre \u00e9s magasabb sz\u00ednvonal\u00fa szolg\u00e1ltat\u00e1sokra. \u00cdgy tettem a Megyei Jog\u00fa V\u00e1rosok Sz\u00f6vets\u00e9ge legut\u00f3bbi k\u00f6zgy\u0171l\u00e9s\u00e9n is, ahol t\u00e1rsaimmal, P\u00e9cs, H\u00f3dmez\u0151v\u00e1s\u00e1rhely, Szeged, Szombathely stb. polg\u00e1rmestereivel egy olyan javaslatsort &nbsp;terjesztett\u00fcnk el\u0151, amely m\u00f6g\u00e9 v\u00e9g\u00fcl be\u00e1lltak a korm\u00e1nyp\u00e1rti v\u00e1rosvezet\u0151k is, \u00edgy mind a 23 polg\u00e1rmester egy\u00fctt jegyzi azt.&#8221;<\/p>\n<h4 class=\"text-align-justify\"><em><strong>K\u00f6z\u00f6sen k\u00e9rj\u00fck a korm\u00e1nyt, hogy j\u00f6v\u0151re p\u00f3tolja kies\u0151 bev\u00e9teleinket \u2013 hogy pl. \u00c9rden tudjuk folytatni az aszfaltoz\u00e1sokat, a j\u00e1rda\u00e9p\u00edt\u00e9seket, hogy legyen p\u00e9nz\u00fcnk a z\u00f6ldter\u00fcletek fejleszt\u00e9s\u00e9re, a Papi f\u00f6ldek II. \u00fctem\u00e9re, \u00e9s m\u00e9g sorolhatn\u00e1m. Rem\u00e9lj\u00fck, hogy \u00edgy, teljes \u00f6sszefog\u00e1ssal siker koron\u00e1zza majd t\u00f6rekv\u00e9seinket, s nem fordul el\u0151 \u00fajra az a cs\u00fafs\u00e1g, ami tavaly \u00e9v v\u00e9g\u00e9n, hogy a fideszes nagyv\u00e1rosok fejenk\u00e9nt 1,4 milli\u00e1rd forint szabadon felhaszn\u00e1lhat\u00f3 t\u00e1mogat\u00e1st kaptak, m\u00edg az ellenz\u00e9kiek semmit.<\/strong><\/em><\/h4>\n<p><iframe allow=\"autoplay; clipboard-write; encrypted-media; picture-in-picture; web-share\" allowfullscreen=\"true\" frameborder=\"0\" height=\"537\" scrolling=\"no\" src=\"https:\/\/www.facebook.com\/plugins\/post.php?href=https%3A%2F%2Fwww.facebook.com%2Fcsoziklaszlo%2Fposts%2F383100256943473&amp;show_text=true&amp;width=500\" style=\"border:none;overflow:hidden\" width=\"500\"><\/iframe><\/p>\n<p>&nbsp;<\/p>\n<p class=\"node--full text-align-justify\"><strong>Az elfogadott javaslat:&nbsp;<\/strong><\/p>\n<p class=\"node--full text-align-justify\">Az \u00f6nkorm\u00e1nyzatok 2022. \u00e9vi k\u00f6lts\u00e9gvet\u00e9s\u00e9nek \u00f6ssze\u00e1ll\u00edt\u00e1sa sor\u00e1n jelentkez\u0151, a gazd\u00e1lkod\u00e1st ellehetetlen\u00edt\u0151 int\u00e9zked\u00e9sek, negat\u00edv folyamatok megold\u00e1sa \u00e9rdek\u00e9ben a k\u00f6vetkez\u0151 m\u0171k\u00f6d\u00e9si kompenz\u00e1ci\u00f3s ig\u00e9nyek fogalmaz\u00f3dtak meg jelen javaslatban:<br \/>\n1. A helyi ipar\u0171z\u00e9si ad\u00f3 kis- \u00e9s k\u00f6z\u00e9pv\u00e1llalkoz\u00e1sokra vonatkoz\u00f3 1%-os ad\u00f3m\u00e9rt\u00e9kben t\u00f6rt\u00e9n\u0151 maximaliz\u00e1l\u00e1s\u00e1nak \u00f6nkorm\u00e1nyzat bev\u00e9tel\u00e9re gyakorolt hat\u00e1s\u00e1t teljes m\u00e9rt\u00e9kben \u2013 azaz 100%-ban \u2013 a k\u00f6zponti k\u00f6lts\u00e9gvet\u00e9s kompenz\u00e1lja az \u00f6nkorm\u00e1nyzatoknak.<br \/>\n2. A gazdas\u00e1gi visszaes\u00e9s miatt felmer\u00fcl\u0151 helyi ipar\u0171z\u00e9si ad\u00f3bev\u00e9tel cs\u00f6kken\u00e9st a k\u00f6zponti k\u00f6lts\u00e9gvet\u00e9s kompenz\u00e1lja az \u00f6nkorm\u00e1nyzatoknak.<br \/>\n3. Az \u00f6nkorm\u00e1nyzatok az M\u00f6tv.-ben neves\u00edtett k\u00f6telez\u0151 feladatell\u00e1t\u00e1s\u00e1hoz kapcsol\u00f3d\u00f3an kieg\u00e9sz\u00edt\u0151 \u00e1llami t\u00e1mogat\u00e1s foly\u00f3s\u00edt\u00e1sa az al\u00e1bbi jogc\u00edmeken:<br \/>\n\u2705 Az energia \u2013 g\u00e1z, villamos energia, stb. \u2013, valamint \u00fczemanyag \u00e1r emelked\u00e9se miatt felmer\u00fclt t\u00f6bbletk\u00f6lts\u00e9gek megt\u00e9r\u00edt\u00e9se sz\u00fcks\u00e9ges, mivel ezek k\u00f6vetkezt\u00e9ben cs\u00f6kken a szakmai feladatokra ford\u00edthat\u00f3 forr\u00e1sok nagys\u00e1ga, ez\u00e1ltal a k\u00f6zszolg\u00e1ltat\u00e1sok sz\u00ednvonala jelent\u0151sen elmarad a kor\u00e1bbi \u00e9vekben a lakoss\u00e1g \u00e1ltal megszokott\u00f3l.<br \/>\n\u2705 Az \u00f6nkorm\u00e1nyzatok \u00e1ltal nem k\u00f6lts\u00e9gvet\u00e9si szervek \u00fatj\u00e1n ell\u00e1tott k\u00f6zfeladatok eset\u00e9ben a minim\u00e1lb\u00e9r, illet\u0151leg garant\u00e1lt b\u00e9rminimum miatti kiad\u00e1s n\u00f6veked\u00e9s ugyan nem k\u00f6zvetlen\u00fcl az \u00f6nkorm\u00e1nyzatokn\u00e1l jelentkezik, azonban ezeket a gazdas\u00e1gi t\u00e1rsas\u00e1gok a t\u00e1mogat\u00e1sok emel\u00e9s\u00e9vel, valamint a szolg\u00e1ltat\u00e1si d\u00edjak n\u00f6vel\u00e9s\u00e9vel \u00e1th\u00e1r\u00edtj\u00e1k a telep\u00fcl\u00e9sekre, amelyek a bev\u00e9telcs\u00f6kken\u00e9s, a gazdas\u00e1gi visszaes\u00e9s mellett nem k\u00e9pesek ezeket a megemelt ig\u00e9nyeket teljes\u00edteni. Ez\u00e1ltal a tartoz\u00e1sok \u00e1llom\u00e1nya emelkedik, vagy a k\u00f6zszolg\u00e1ltat\u00e1sok sz\u00ednvonala jelent\u0151sen elmarad a kor\u00e1bbi \u00e9vekben a lakoss\u00e1g \u00e1ltal megszokott\u00f3l.<br \/>\n\u2705 A gyermek\u00e9tkeztet\u00e9s ell\u00e1t\u00e1sa tekintet\u00e9ben a t\u00e9r\u00edt\u00e9si d\u00edjak befagyaszt\u00e1sa mellett a nyersanyag \u00e1rak sokszorosan megemelkedtek, melyet az \u00e1llami normat\u00edva n\u00f6veked\u00e9se nem k\u00f6vet, azonban a v\u00e1llalkoz\u00f3k a szerz\u0151d\u00e9ses \u00e1rban az emelked\u00e9st \u00e9rv\u00e9nyes\u00edtik. \u00cdgy el\u0151\u00e1llhat az a helyzet, hogy a tartoz\u00e1sok \u00e1llom\u00e1nya emelkedik, vagy a gyermekek el\u00e9 ker\u00fcl\u0151 \u00e9telek min\u0151s\u00e9ge \u00e9s mennyis\u00e9ge l\u00e9nyegesen elmarad a kor\u00e1bbi \u00e9vekben megszokott\u00f3l.<br \/>\n\u2705 Az \u00f6nkorm\u00e1nyzati k\u00f6lts\u00e9gvet\u00e9si szervekn\u00e9l foglalkoztatottak b\u00e9rei sz\u00e1mottev\u0151en elmaradnak a versenyszf\u00e9ra b\u00e9reit\u0151l, mely probl\u00e9m\u00e1t a garant\u00e1lt b\u00e9rminimum emel\u00e9se nem old meg, s\u0151t a k\u00f6zszf\u00e9r\u00e1ban tov\u00e1bbi b\u00e9rfesz\u00fclts\u00e9geket okoz, melyek megold\u00e1sak\u00e9nt az \u00f6nkorm\u00e1nyzatoknak saj\u00e1t forr\u00e1sb\u00f3l \u2013 melyek 2022. \u00e9vben tov\u00e1bb cs\u00f6kkennek \u2013 kell b\u00e9remel\u00e9st v\u00e9grehajtania annak \u00e9rdek\u00e9ben, hogy munkav\u00e1llal\u00f3it meg\u0151rizze. Nem utols\u00f3 sorban a korm\u00e1nyzat \u00e1ltal biztos\u00edtott illetm\u00e9ny v\u00e1ltoz\u00e1sa nem k\u00f6veti le az infl\u00e1ci\u00f3 m\u00e9rt\u00e9k\u00e9t, \u00edgy a k\u00f6zszf\u00e9ra dolgoz\u00f3i szem\u00e9lyi juttat\u00e1s\u00e1nak v\u00e1s\u00e1rl\u00f3 \u00e9rt\u00e9ke egyre cs\u00f6kken. Teh\u00e1t szeretn\u00e9nk kezdem\u00e9nyezni a garant\u00e1lt b\u00e9rminimumon fel\u00fcli 20%-os emel\u00e9st.<br \/>\n\u2705 A 2021. \u00e9vben voltak \u00f6nkorm\u00e1nyzatok, amelyek a k\u00f6zalkalmazottak, az eg\u00e9szs\u00e9g\u00fcgyben dolgoz\u00f3k, valamint a kultur\u00e1lis \u00e1gazat munkav\u00e1llal\u00f3i sz\u00e1m\u00e1ra biztos\u00edtott\u00e1k a b\u00e9ren k\u00edv\u00fcli juttat\u00e1st, melyet az \u00e1llami k\u00f6lts\u00e9gvet\u00e9s nem t\u00e1mogat, az \u00f6nkorm\u00e1nyzatok \u00f6nk\u00e9nt v\u00e1llalt\u00e1k a cafet\u00e9ria finansz\u00edroz\u00e1s\u00e1t ezzel is el\u0151seg\u00edtve a Korm\u00e1ny azon c\u00e9lkit\u0171z\u00e9s\u00e9t, hogy a gazdas\u00e1got, k\u00f6zt\u00fck a legnagyobb vesztes\u00e9get elszenved\u0151 turizmust, \u00e9s vend\u00e9gl\u00e1t\u00e1st t\u00e1mogass\u00e1k. K\u00e9rj\u00fck, hogy a k\u00f6zponti k\u00f6lts\u00e9gvet\u00e9sben az \u00f6nkorm\u00e1nyzati k\u00f6zszf\u00e9ra eg\u00e9sz\u00e9re n\u00e9zve anyagilag t\u00e1mogass\u00e1k ezt a c\u00e9lkit\u0171z\u00e9st.<br \/>\nA fenti javaslatokr\u00f3l sz\u00fcks\u00e9ges m\u00e9g 2021. \u00e9vben d\u00f6nt\u00e9st hozni, mivel az \u00f6nkorm\u00e1nyzatok 2022. \u00e9vi k\u00f6lts\u00e9gvet\u00e9s\u00e9nek jogszab\u00e1ly szerinti \u00f6ssze\u00e1ll\u00edt\u00e1s\u00e1hoz elengedhetetlen a kieg\u00e9sz\u00edt\u0151 \u00e1llami t\u00e1mogat\u00e1sok, valamint kompenz\u00e1ci\u00f3 biztos\u00edt\u00e1sa.<\/p>","protected":false},"excerpt":{"rendered":"<p>K\u00f6zgy\u0171l\u00e9st tartott a Megyei Jog\u00fa V\u00e1rosok Sz\u00f6vets\u00e9ge, amelyen Cs\u0151zik L\u00e1szl\u00f3, \u00c9rd polg\u00e1rmestere is r\u00e9szt vett. Hivatalos Facebook oldal\u00e1n azt \u00edrta, az\u00e9rt lobbizik, hogy \u00c9rdnek min\u00e9l t\u00f6bb forr\u00e1sa legyen fejleszt\u00e9sekre \u00e9s magasabb sz\u00ednvonal\u00fa szolg\u00e1ltat\u00e1sokra.<\/p>","protected":false},"author":8,"featured_media":0,"comment_status":"","ping_status":"","sticky":false,"template":"","format":"standard","meta":{"_acf_changed":false,"_seopress_robots_primary_cat":"","_seopress_titles_title":"","_seopress_titles_desc":"","_seopress_robots_index":"","site-sidebar-layout":"default","site-content-layout":"","ast-site-content-layout":"default","site-content-style":"default","site-sidebar-style":"default","ast-global-header-display":"","ast-banner-title-visibility":"","ast-main-header-display":"","ast-hfb-above-header-display":"","ast-hfb-below-header-display":"","ast-hfb-mobile-header-display":"","site-post-title":"","ast-breadcrumbs-content":"","ast-featured-img":"","footer-sml-layout":"","ast-disable-related-posts":"","theme-transparent-header-meta":"","adv-header-id-meta":"","stick-header-meta":"","header-above-stick-meta":"","header-main-stick-meta":"","header-below-stick-meta":"","astra-migrate-meta-layouts":"default","ast-page-background-enabled":"default","ast-page-background-meta":{"desktop":{"background-color":"","background-image":"","background-repeat":"repeat","background-position":"center center","background-size":"auto","background-attachment":"scroll","background-type":"","background-media":"","overlay-type":"","overlay-color":"","overlay-opacity":"","overlay-gradient":""},"tablet":{"background-color":"","background-image":"","background-repeat":"repeat","background-position":"center center","background-size":"auto","background-attachment":"scroll","background-type":"","background-media":"","overlay-type":"","overlay-color":"","overlay-opacity":"","overlay-gradient":""},"mobile":{"background-color":"","background-image":"","background-repeat":"repeat","background-position":"center center","background-size":"auto","background-attachment":"scroll","background-type":"","background-media":"","overlay-type":"","overlay-color":"","overlay-opacity":"","overlay-gradient":""}},"ast-content-background-meta":{"desktop":{"background-color":"var(--ast-global-color-5)","background-image":"","background-repeat":"repeat","background-position":"center center","background-size":"auto","background-attachment":"scroll","background-type":"","background-media":"","overlay-type":"","overlay-color":"","overlay-opacity":"","overlay-gradient":""},"tablet":{"background-color":"var(--ast-global-color-5)","background-image":"","background-repeat":"repeat","background-position":"center center","background-size":"auto","background-attachment":"scroll","background-type":"","background-media":"","overlay-type":"","overlay-color":"","overlay-opacity":"","overlay-gradient":""},"mobile":{"background-color":"var(--ast-global-color-5)","background-image":"","background-repeat":"repeat","background-position":"center center","background-size":"auto","background-attachment":"scroll","background-type":"","background-media":"","overlay-type":"","overlay-color":"","overlay-opacity":"","overlay-gradient":""}},"footnotes":""},"categories":[1],"cikk_cimkek":[15],"content_flags":[350],"content_icons":[],"class_list":["post-20226","post","type-post","status-publish","format-standard","hentry","category-erdmost","cikk_cimkek-kozelet","content_flags-erdekes"],"acf":[],"_links":{"self":[{"href":"https:\/\/erdmost.hu\/en\/wp-json\/wp\/v2\/posts\/20226","targetHints":{"allow":["GET"]}}],"collection":[{"href":"https:\/\/erdmost.hu\/en\/wp-json\/wp\/v2\/posts"}],"about":[{"href":"https:\/\/erdmost.hu\/en\/wp-json\/wp\/v2\/types\/post"}],"author":[{"embeddable":true,"href":"https:\/\/erdmost.hu\/en\/wp-json\/wp\/v2\/users\/8"}],"replies":[{"embeddable":true,"href":"https:\/\/erdmost.hu\/en\/wp-json\/wp\/v2\/comments?post=20226"}],"version-history":[{"count":0,"href":"https:\/\/erdmost.hu\/en\/wp-json\/wp\/v2\/posts\/20226\/revisions"}],"wp:attachment":[{"href":"https:\/\/erdmost.hu\/en\/wp-json\/wp\/v2\/media?parent=20226"}],"wp:term":[{"taxonomy":"category","embeddable":true,"href":"https:\/\/erdmost.hu\/en\/wp-json\/wp\/v2\/categories?post=20226"},{"taxonomy":"cikk_cimkek","embeddable":true,"href":"https:\/\/erdmost.hu\/en\/wp-json\/wp\/v2\/cikk_cimkek?post=20226"},{"taxonomy":"content_flags","embeddable":true,"href":"https:\/\/erdmost.hu\/en\/wp-json\/wp\/v2\/content_flags?post=20226"},{"taxonomy":"content_icons","embeddable":true,"href":"https:\/\/erdmost.hu\/en\/wp-json\/wp\/v2\/content_icons?post=20226"}],"curies":[{"name":"wp","href":"https:\/\/api.w.org\/{rel}","templated":true}]}}