{"id":20224,"date":"2021-12-03T15:20:04","date_gmt":"2021-12-03T15:20:04","guid":{"rendered":"https:\/\/wp.erdmost.hu\/2021\/12\/03\/neveloszuloket-toboroznak-pest-megyeben\/"},"modified":"2021-12-03T15:20:04","modified_gmt":"2021-12-03T15:20:04","slug":"neveloszuloket-toboroznak-pest-megyeben","status":"publish","type":"post","link":"https:\/\/erdmost.hu\/en\/2021\/12\/03\/neveloszuloket-toboroznak-pest-megyeben\/","title":{"rendered":"Nevel\u0151sz\u00fcl\u0151ket toboroznak Pest megy\u00e9ben"},"content":{"rendered":"<p class=\"text-align-justify\">Napjaikban egyre fontosabb, hogy minden gyermek csal\u00e1dban n\u0151hessen fel, \u00e9rezze annak megtart\u00f3 erej\u00e9t \u2013 azok is, akiket kiemeltek a v\u00e9rszerinti csal\u00e1djukb\u00f3l. Ez\u00e9rt kezdett a nevel\u0151sz\u00fcl\u0151i hivat\u00e1st n\u00e9pszer\u0171s\u00edt\u0151 kamp\u00e1nyba Pest megy\u00e9ben az orsz\u00e1g legnagyobb gyermekv\u00e9delmi int\u00e9zm\u00e9nye, a Szent \u00c1gota Gyermekv\u00e9delmi Szolg\u00e1ltat\u00f3.<\/p>\n<p class=\"text-align-justify\">&#8222;&#8230; mert minden gyermeknek joga van ahhoz, hogy csal\u00e1dban \u00e9ljen &#8230;&#8221; \u2013 ez az \u00fczenete annak telev\u00edzi\u00f3s \u00e9s r\u00e1di\u00f3s kamp\u00e1nynak, amellyel a gondoskod\u00e1s\u00e1ban \u00e9l\u0151 gyermekek sz\u00e1m\u00e1ra toboroz nevel\u0151sz\u00fcl\u0151ket az egyh\u00e1zmegyei szervezet. A Szeged-Csan\u00e1di Egyh\u00e1zmegye szolg\u00e1ltat\u00f3ja ez \u00e9v janu\u00e1r elsej\u00e9t\u0151l Gy\u0151r-Moson-Sopron megye mellett tov\u00e1bbi 12 megy\u00e9ben v\u00e9gzi ezt a felel\u0151ss\u00e9gteljes, gyermekv\u00e9delmi feladatot.&nbsp;<\/p>\n<p class=\"text-align-justify\">A nevel\u0151sz\u00fcl\u0151 feladata a teljes k\u00f6r\u0171 ell\u00e1t\u00e1s biztos\u00edt\u00e1sa mellett az, hogy hozz\u00e1j\u00e1ruljon a gyermek testi, lelki, \u00e9rzelmi fejl\u0151d\u00e9s\u00e9hez: seg\u00edtse traum\u00e1i feldolgoz\u00e1s\u00e1ban, re\u00e1lis j\u00f6v\u0151k\u00e9pet \u00e9p\u00edtsen fel benne \u00fagy, hogy k\u00e9pes legyen a helyes csal\u00e1di mint\u00e1k elsaj\u00e1t\u00edt\u00e1s\u00e1ra \u00e9s \u00e9rt\u00e9kek \u00e1tad\u00e1s\u00e1ra. A nevel\u0151sz\u00fcl\u0151 \u00e1tmeneti seg\u00edts\u00e9get ny\u00fajt a gyermeknek, miut\u00e1n a hat\u00f3s\u00e1g a csal\u00e1db\u00f3l kiemeli. Gondoskod\u00e1sa addig tart, am\u00edg a gyermek sorsa megnyugtat\u00f3an nem rendez\u0151dik: vagy visszaker\u00fcl v\u00e9r szerinti sz\u00fcleihez, ahol megv\u00e1ltozott k\u00f6r\u00fclm\u00e9nyek v\u00e1rj\u00e1k, vagy \u00f6r\u00f6kbefogad\u00e1s \u00fatj\u00e1n lesz \u00faj csal\u00e1dja, de az is megt\u00f6rt\u00e9nhet, hogy az \u00f6n\u00e1ll\u00f3 \u00e9letre a nevel\u0151sz\u00fcl\u0151 k\u00e9sz\u00edti fel. &nbsp;<\/p>\n<p class=\"text-align-justify\">Nevel\u0151sz\u00fcl\u0151nek lenni ma m\u00e1r val\u00f3di hivat\u00e1s: 2014-t\u0151l a nevel\u0151sz\u00fcl\u0151i jogviszony foglalkoztat\u00e1si jogviszonny\u00e1 alakult \u00e1t. A nevel\u0151sz\u00fcl\u0151t a n\u00e1la elhelyezett gyermekek ut\u00e1n nevel\u00e9si d\u00edj, valamint a csal\u00e1d havi k\u00f6lts\u00e9geinek fedez\u00e9s\u00e9re, a gyermekek sz\u00fcks\u00e9gleteire ell\u00e1tm\u00e1ny illeti meg. A jogviszony megv\u00e1ltoz\u00e1sa lehet\u0151v\u00e9 teszi a t\u00e1rsadalombiztos\u00edt\u00e1si ell\u00e1t\u00e1st, amit figyelembe vesznek a nyugd\u00edj sz\u00e1m\u00edt\u00e1s\u00e1n\u00e1l. A nevel\u0151sz\u00fcl\u0151 a n\u00e1la elhelyezett 2 \u00e9v alatti gyermek ut\u00e1n ig\u00e9nybe veheti a GYED-et is.<\/p>\n<p class=\"text-align-justify\">A nevel\u0151sz\u00fcl\u0151k a hivat\u00e1s gyakorl\u00e1sa sor\u00e1n nincsenek egyed\u00fcl. Azzal, hogy a Szeged-Csan\u00e1di Egyh\u00e1zmegye \u00e1tvette a szakell\u00e1t\u00e1st Pest megy\u00e9ben, sz\u00e1mos fejleszt\u00e9ssel \u00e9s rengeteg programmal b\u0151v\u00fclt az a szolg\u00e1ltat\u00e1s, amely a nevel\u0151sz\u00fcl\u0151k munk\u00e1j\u00e1t seg\u00edti, valamint a gyermekek eg\u00e9szs\u00e9ges fejl\u0151d\u00e9s\u00e9t &#8211; ha sz\u00fcks\u00e9ges, a fejleszt\u00e9s\u00e9t is \u2013 szolg\u00e1lja, ingyenesen. A nevel\u0151sz\u00fcl\u0151i tan\u00e1csad\u00f3n k\u00edv\u00fcl gy\u00f3gypedag\u00f3gusok, pszichol\u00f3gusok, \u00e9lm\u00e9nypedag\u00f3gusok, edz\u0151k seg\u00edts\u00e9g\u00e9re is sz\u00e1m\u00edthatnak azok, akik v\u00e1llalj\u00e1k ezt a t\u00e1rsadalom sz\u00e1m\u00e1ra p\u00f3tolhatatlanul fontos hivat\u00e1sp\u00e1ly\u00e1t.<\/p>\n<p class=\"text-align-justify\">A jelentkez\u00e9s \u00e9s kiv\u00e1laszt\u00e1s l\u00e9p\u00e9sei a k\u00f6vetkez\u0151k: nevel\u0151sz\u00fcl\u0151nek olyan 24 \u00e9let\u00e9vet bet\u00f6lt\u00f6tt magyar \u00e1llampolg\u00e1rok jelentkezhetnek, akik megfelelnek a jogszab\u00e1lyi felt\u00e9teleknek, de a legfontosabb, hogy ezen a p\u00e1ly\u00e1n olyan emberekre van sz\u00fcks\u00e9g, akik k\u00e9pesek az otthonukat \u00e9s a sz\u00edv\u00fcket is kit\u00e1rni, azok el\u0151tt a gyerekek el\u0151tt, akik &nbsp;valamilyen ok miatt nem nevelkedhetnek a saj\u00e1t csal\u00e1djukban. Ha ez a seg\u00edt\u0151 sz\u00e1nd\u00e9k meg van, akkor \u00e9rdemes t\u00e1j\u00e9koz\u00f3dni a&nbsp;<a href=\"http:\/\/www.szentagota.hu\/\">http:\/\/www.szentagota.hu<\/a>&nbsp;oldalon a Nevel\u0151sz\u00fcl\u0151 szeretn\u00e9k lenni! men\u00fcpont inform\u00e1ci\u00f3i alapj\u00e1n, vagy telefonon, az ott megadott sz\u00e1mon. Ezt k\u00f6vet\u0151en egy \u00f6n\u00e9letrajz \u00e9s motiv\u00e1ci\u00f3s lev\u00e9l elk\u00fcld\u00e9s\u00e9vel lehet jelentkezni a ter\u00fcleti igazgat\u00f3s\u00e1gunkon.<\/p>\n<p class=\"text-align-justify\">Innent\u0151l egy t\u00f6bb l\u00e9pcs\u0151s, kiv\u00e1laszt\u00e1si folyamat k\u00f6vetkezik.<\/p>\n<p class=\"text-align-justify\">Telefonon megkeress\u00fck az \u00e9rdekl\u0151d\u0151t, v\u00e1laszolunk a felmer\u00fcl\u0151 k\u00e9rd\u00e9sekre.<\/p>\n<p class=\"text-align-justify\">Szakembereink szem\u00e9lyesen besz\u00e9lgetnek az \u00e9rdekl\u0151d\u0151vel.<\/p>\n<p class=\"text-align-justify\">Munkat\u00e1rsaink felm\u00e9rik a jel\u00f6lt lak\u00f3k\u00f6rnyezet\u00e9t, hogy alkalmas-e gyermek(ek) fogad\u00e1s\u00e1ra.<\/p>\n<p class=\"text-align-justify\">Eg\u00e9szs\u00e9g\u00fcgyi alkalmass\u00e1gi vizsg\u00e1lat a h\u00e1ziorvosn\u00e1l, \u00e9s tov\u00e1bbi k\u00f6telez\u0151 nyilatkozatok megt\u00e9tele (adatkezel\u00e9s, ingatlanra vonatkoz\u00f3 nyilatkozat, stb).<\/p>\n<p class=\"text-align-justify\">Pszichol\u00f3giai vizsg\u00e1lat (szem\u00e9lyis\u00e9gteszt \u00e9s m\u00e9lyinterj\u00fa).<\/p>\n<p class=\"text-align-justify\">60 \u00f3r\u00e1s nevel\u0151sz\u00fcl\u0151i k\u00e9pz\u00e9s elv\u00e9gz\u00e9se.<\/p>\n<p class=\"text-align-justify\">Tov\u00e1bbi r\u00e9szletekr\u0151l az al\u00e1bbi el\u00e9rhet\u0151s\u00e9geken lehet t\u00e1j\u00e9koz\u00f3dni:<\/p>\n<ul>\n<li class=\"text-align-justify\">\u00edrjon levelet a&nbsp;<a href=\"http:\/\/neveloszulo.jelentkezes@szentagota.hu\/\">http:\/\/neveloszulo.jelentkezes@szentagota.hu<\/a>; c\u00edmre, vagy<\/li>\n<li class=\"text-align-justify\">h\u00edvhatja a 06 20&nbsp;946 1005-\u00f6s, k\u00f6zponti telefonsz\u00e1mot, illetve<\/li>\n<li class=\"text-align-justify\">t\u00e1j\u00e9koz\u00f3djon a&nbsp;<a href=\"http:\/\/www.szentagota.hu\/\">http:\/\/www.szentagota.hu<\/a>&nbsp;oldalon.<\/li>\n<\/ul>","protected":false},"excerpt":{"rendered":"<p>Kevesen tudj\u00e1k, hogy a gyermekv\u00e9delmi gondoskod\u00e1sban l\u00e9v\u0151 gyerekek ma m\u00e1r nem nagyl\u00e9tsz\u00e1m\u00fa int\u00e9zetekben, hanem nevel\u0151sz\u00fcl\u0151kn\u00e9l, vagy lak\u00e1sotthonokban \u00e9lnek \u2013 \u00edgy kisebb, szeretetteljes k\u00f6z\u00f6ss\u00e9gbe ker\u00fclnek r\u00f6gt\u00f6n az ut\u00e1n, hogy traum\u00e1t \u00e9ltek \u00e1t. <\/p>","protected":false},"author":8,"featured_media":0,"comment_status":"","ping_status":"","sticky":false,"template":"","format":"standard","meta":{"_acf_changed":false,"_seopress_robots_primary_cat":"","_seopress_titles_title":"","_seopress_titles_desc":"","_seopress_robots_index":"","site-sidebar-layout":"default","site-content-layout":"","ast-site-content-layout":"default","site-content-style":"default","site-sidebar-style":"default","ast-global-header-display":"","ast-banner-title-visibility":"","ast-main-header-display":"","ast-hfb-above-header-display":"","ast-hfb-below-header-display":"","ast-hfb-mobile-header-display":"","site-post-title":"","ast-breadcrumbs-content":"","ast-featured-img":"","footer-sml-layout":"","ast-disable-related-posts":"","theme-transparent-header-meta":"","adv-header-id-meta":"","stick-header-meta":"","header-above-stick-meta":"","header-main-stick-meta":"","header-below-stick-meta":"","astra-migrate-meta-layouts":"default","ast-page-background-enabled":"default","ast-page-background-meta":{"desktop":{"background-color":"","background-image":"","background-repeat":"repeat","background-position":"center center","background-size":"auto","background-attachment":"scroll","background-type":"","background-media":"","overlay-type":"","overlay-color":"","overlay-opacity":"","overlay-gradient":""},"tablet":{"background-color":"","background-image":"","background-repeat":"repeat","background-position":"center center","background-size":"auto","background-attachment":"scroll","background-type":"","background-media":"","overlay-type":"","overlay-color":"","overlay-opacity":"","overlay-gradient":""},"mobile":{"background-color":"","background-image":"","background-repeat":"repeat","background-position":"center center","background-size":"auto","background-attachment":"scroll","background-type":"","background-media":"","overlay-type":"","overlay-color":"","overlay-opacity":"","overlay-gradient":""}},"ast-content-background-meta":{"desktop":{"background-color":"var(--ast-global-color-5)","background-image":"","background-repeat":"repeat","background-position":"center center","background-size":"auto","background-attachment":"scroll","background-type":"","background-media":"","overlay-type":"","overlay-color":"","overlay-opacity":"","overlay-gradient":""},"tablet":{"background-color":"var(--ast-global-color-5)","background-image":"","background-repeat":"repeat","background-position":"center center","background-size":"auto","background-attachment":"scroll","background-type":"","background-media":"","overlay-type":"","overlay-color":"","overlay-opacity":"","overlay-gradient":""},"mobile":{"background-color":"var(--ast-global-color-5)","background-image":"","background-repeat":"repeat","background-position":"center center","background-size":"auto","background-attachment":"scroll","background-type":"","background-media":"","overlay-type":"","overlay-color":"","overlay-opacity":"","overlay-gradient":""}},"footnotes":""},"categories":[1],"cikk_cimkek":[15],"content_flags":[350],"content_icons":[],"class_list":["post-20224","post","type-post","status-publish","format-standard","hentry","category-erdmost","cikk_cimkek-kozelet","content_flags-erdekes"],"acf":[],"_links":{"self":[{"href":"https:\/\/erdmost.hu\/en\/wp-json\/wp\/v2\/posts\/20224","targetHints":{"allow":["GET"]}}],"collection":[{"href":"https:\/\/erdmost.hu\/en\/wp-json\/wp\/v2\/posts"}],"about":[{"href":"https:\/\/erdmost.hu\/en\/wp-json\/wp\/v2\/types\/post"}],"author":[{"embeddable":true,"href":"https:\/\/erdmost.hu\/en\/wp-json\/wp\/v2\/users\/8"}],"replies":[{"embeddable":true,"href":"https:\/\/erdmost.hu\/en\/wp-json\/wp\/v2\/comments?post=20224"}],"version-history":[{"count":0,"href":"https:\/\/erdmost.hu\/en\/wp-json\/wp\/v2\/posts\/20224\/revisions"}],"wp:attachment":[{"href":"https:\/\/erdmost.hu\/en\/wp-json\/wp\/v2\/media?parent=20224"}],"wp:term":[{"taxonomy":"category","embeddable":true,"href":"https:\/\/erdmost.hu\/en\/wp-json\/wp\/v2\/categories?post=20224"},{"taxonomy":"cikk_cimkek","embeddable":true,"href":"https:\/\/erdmost.hu\/en\/wp-json\/wp\/v2\/cikk_cimkek?post=20224"},{"taxonomy":"content_flags","embeddable":true,"href":"https:\/\/erdmost.hu\/en\/wp-json\/wp\/v2\/content_flags?post=20224"},{"taxonomy":"content_icons","embeddable":true,"href":"https:\/\/erdmost.hu\/en\/wp-json\/wp\/v2\/content_icons?post=20224"}],"curies":[{"name":"wp","href":"https:\/\/api.w.org\/{rel}","templated":true}]}}