{"id":20212,"date":"2021-12-03T11:42:49","date_gmt":"2021-12-03T11:42:49","guid":{"rendered":"https:\/\/wp.erdmost.hu\/2021\/12\/03\/foci-jon-az-elso-visszavago\/"},"modified":"2021-12-03T11:42:49","modified_gmt":"2021-12-03T11:42:49","slug":"foci-jon-az-elso-visszavago","status":"publish","type":"post","link":"https:\/\/erdmost.hu\/en\/2021\/12\/03\/foci-jon-az-elso-visszavago\/","title":{"rendered":"Foci: j\u00f6n az els\u0151 \u201cvisszav\u00e1g\u00f3\u201d"},"content":{"rendered":"<p>B\u00e1r az \u00c9rdi VSE-nek m\u00e9g van egy elmaradt m\u00e9rk\u0151z\u00e9se, melyet december 9-\u00e9n p\u00f3tol az FC Nagykanizsa vend\u00e9gek\u00e9nt, de f\u00e9lt\u00e1vhoz \u00e9rkezett az NB III 2021\/22-es id\u00e9nye, hiszen h\u00e9tv\u00e9g\u00e9n m\u00e1r a tavaszr\u00f3l el\u0151rehozott huszadik fordul\u00f3t rendezik meg, azaz \u00f6sszecsapnak azok a csapatok, melyek a nyit\u00f3k\u00f6rben tal\u00e1lkoztak egym\u00e1ssal.<\/p>\n<p>Limperger Zsolt\u00e9k \u00edg\u00e9retesen kezdt\u00e9k a bajnoks\u00e1got, hiszen augusztus elej\u00e9n hazai p\u00e1ly\u00e1n 4-1-re legy\u0151zt\u00e9k a bicskeieket, de az\u00f3ta sok dolog t\u00f6rt\u00e9nt mindk\u00e9t csapat h\u00e1za t\u00e1j\u00e1n. Az \u00c9rdi VSE \u0151szi id\u00e9ny\u00e9t ritk\u00e1n tapasztalhat\u00f3 s\u00e9r\u00fcl\u00e9shull\u00e1m k\u00eds\u00e9rte v\u00e9gig, \u00edgy nem csoda, hogy nem tudott kiegyens\u00falyozottan teljes\u00edteni az egy\u00fcttes \u00e9s jelenleg 18 m\u00e9rk\u0151z\u00e9s ut\u00e1n h\u00e9t gy\u0151zelemmel, n\u00e9gy d\u00f6ntetlennel, \u00e9s h\u00e9t veres\u00e9ggel, 25 pontot gy\u0171jtve \u00e1ll a tabellia tizedik hely\u00e9n.<\/p>\n<p>A Bicskei TC viszont az szezon el\u0151rehaladt\u00e1val egyre jobban \u00f6ssze\u00e1llt, amit j\u00f3l mutat, hogy Csord\u00e1s Csaba egy\u00fcttese az okt\u00f3ber \u00f3ta lej\u00e1tszott nyolc bajnokij\u00e1b\u00f3l csak egyet vesz\u00edtett el, de n\u00e9gy gy\u0151zelem mellett h\u00e1romszor is d\u00f6ntetlent j\u00e1tszott. A bajnoks\u00e1g fel\u00e9n\u00e9l, 19 m\u00e9rk\u0151z\u00e9s ut\u00e1n 7-7-5-\u00f6s m\u00e9rleggel, 28 ponttal \u00e1llnak a hetedik helyen h\u00e1rompontos el\u0151nnyel az \u00e9rdiekhez k\u00e9pest \u00e9s csup\u00e1n k\u00e9tpontos h\u00e1tr\u00e1nnyal az \u00f6t\u00f6dik P\u00e1p\u00e1val szemben.<\/p>\n<p>Az \u00e9rdiek vezet\u0151edz\u0151j\u00e9nek azonban nem lesz k\u00f6nny\u0171 dolga, amikor kezd\u0151csapatot kell hirdetni, hiszen a kor\u00e1bbi s\u00e9r\u00fcltek &#8211; Borek Norbert, Kalm\u00e1r Domonkos, Kov\u00e1cs Botond \u00e9s Moln\u00e1r D\u00e1niel &#8211; mell\u00e9 a m\u00falt heti, Veszpr\u00e9m elleni m\u00e9rk\u0151z\u00e9sen tov\u00e1bbi n\u00e9gy hi\u00e1nyz\u00f3 csatlakozott, hiszen a bakonyi tal\u00e1lkoz\u00f3n N\u00e9meth G\u00e1bor Vince, Gubacsi Zolt\u00e1n \u00e9s Gera D\u00e1vid is megs\u00e9r\u00fclt, m\u00edg Jov\u00e1nczai Zolt\u00e1nt piros lapos ki\u00e1ll\u00edt\u00e1sa miatt k\u00e9t m\u00e9rk\u0151z\u00e9sre tiltott\u00e1k el<\/p>\n<blockquote>\n<p>\u201cEgy biztos: teljesen m\u00e1s felfog\u00e1sban kell j\u00e1tszanunk, mint Veszpr\u00e9mben, sokkal agressz\u00edvabban, c\u00e9lrat\u00f6r\u0151bben, mint ahogy volt az els\u0151 f\u00e9lid\u0151ben. Att\u00f3l f\u00fcggetlen\u00fcl, melyik j\u00e1t\u00e9kos van a p\u00e1ly\u00e1n, m\u00e9g egyszer nem lehet \u00fagy j\u00e1tszani, mint a Veszpr\u00e9m ellen, mert az semmilyen form\u00e1ban nem vezet el\u0151re\u201d<\/p>\n<\/blockquote>\n<p>&#8211; fogalmazott Limperger Zsolt, az \u00c9rdi VSE vezet\u0151edz\u0151je <a href=\"https:\/\/erdivse.hu\/2021\/12\/03\/bicsken-mar-a-tavaszt-kezdjuk\/\" target=\"_blank\" rel=\"noopener\">a klub honlapj\u00e1n.<\/a><\/p>\n<p>Az el\u0151z\u0151 id\u00e9nyben egy\u00e9bk\u00e9nt mindk\u00e9t alkalommal k\u00e9tg\u00f3los hazai gy\u0151zelem sz\u00fcletett, m\u00edg a 2019\/20-as csonka id\u00e9nyben az akkor els\u0151 helyen v\u00e9gz\u0151 \u00e9rdiek otthon 2-1-re gy\u0151ztek az \u00fajonc Bicske ellen.<\/p>\n<p>A december 5-\u00e9n, 16 \u00f3rakor kezd\u0151d\u0151 Bicskei TC &#8211; \u00c9rdi VSE m\u00e9rk\u0151z\u00e9st Maml Zolt\u00e1n vezeti, seg\u00edt\u0151i Szab\u00f3 D\u00e1niel \u00e9s Holp\u00e1r Gergely lesznek.<\/p>\n<p class=\"highlight highlight--border\"><strong>NB III, Nyugati csoport, 20. fordul\u00f3<br \/>\n12.05., 16.00:<\/strong> Bicskei TC &#8211; \u00c9rdi VSE<\/p>","protected":false},"excerpt":{"rendered":"<p>A tavaszr\u00f3l el\u0151rehozott huszadik fordul\u00f3ban, december 5-n, 16 \u00f3r\u00e1t\u00f3l ahhoz a Bicskei TC-hez l\u00e1togat az \u00c9rdi VSE, melyet az NB III Nyugati csoportj\u00e1nak nyit\u00f3k\u00f6r\u00e9ben, hazai k\u00f6rnyezetben 4-1-re gy\u0151z\u00f6tt le. Egy idegenbeli sikerrel Limperger Zsolt egy\u00fcttese pontsz\u00e1mban behozn\u00e1 az aktu\u00e1lis ellenfelet.<\/p>","protected":false},"author":8,"featured_media":0,"comment_status":"","ping_status":"","sticky":false,"template":"","format":"standard","meta":{"_acf_changed":false,"_seopress_robots_primary_cat":"","_seopress_titles_title":"","_seopress_titles_desc":"","_seopress_robots_index":"","site-sidebar-layout":"default","site-content-layout":"","ast-site-content-layout":"default","site-content-style":"default","site-sidebar-style":"default","ast-global-header-display":"","ast-banner-title-visibility":"","ast-main-header-display":"","ast-hfb-above-header-display":"","ast-hfb-below-header-display":"","ast-hfb-mobile-header-display":"","site-post-title":"","ast-breadcrumbs-content":"","ast-featured-img":"","footer-sml-layout":"","ast-disable-related-posts":"","theme-transparent-header-meta":"","adv-header-id-meta":"","stick-header-meta":"","header-above-stick-meta":"","header-main-stick-meta":"","header-below-stick-meta":"","astra-migrate-meta-layouts":"default","ast-page-background-enabled":"default","ast-page-background-meta":{"desktop":{"background-color":"","background-image":"","background-repeat":"repeat","background-position":"center center","background-size":"auto","background-attachment":"scroll","background-type":"","background-media":"","overlay-type":"","overlay-color":"","overlay-opacity":"","overlay-gradient":""},"tablet":{"background-color":"","background-image":"","background-repeat":"repeat","background-position":"center center","background-size":"auto","background-attachment":"scroll","background-type":"","background-media":"","overlay-type":"","overlay-color":"","overlay-opacity":"","overlay-gradient":""},"mobile":{"background-color":"","background-image":"","background-repeat":"repeat","background-position":"center center","background-size":"auto","background-attachment":"scroll","background-type":"","background-media":"","overlay-type":"","overlay-color":"","overlay-opacity":"","overlay-gradient":""}},"ast-content-background-meta":{"desktop":{"background-color":"var(--ast-global-color-5)","background-image":"","background-repeat":"repeat","background-position":"center center","background-size":"auto","background-attachment":"scroll","background-type":"","background-media":"","overlay-type":"","overlay-color":"","overlay-opacity":"","overlay-gradient":""},"tablet":{"background-color":"var(--ast-global-color-5)","background-image":"","background-repeat":"repeat","background-position":"center center","background-size":"auto","background-attachment":"scroll","background-type":"","background-media":"","overlay-type":"","overlay-color":"","overlay-opacity":"","overlay-gradient":""},"mobile":{"background-color":"var(--ast-global-color-5)","background-image":"","background-repeat":"repeat","background-position":"center center","background-size":"auto","background-attachment":"scroll","background-type":"","background-media":"","overlay-type":"","overlay-color":"","overlay-opacity":"","overlay-gradient":""}},"footnotes":""},"categories":[1],"cikk_cimkek":[325,9],"content_flags":[],"content_icons":[],"class_list":["post-20212","post","type-post","status-publish","format-standard","hentry","category-erdmost","cikk_cimkek-ladarugas","cikk_cimkek-sport"],"acf":[],"_links":{"self":[{"href":"https:\/\/erdmost.hu\/en\/wp-json\/wp\/v2\/posts\/20212","targetHints":{"allow":["GET"]}}],"collection":[{"href":"https:\/\/erdmost.hu\/en\/wp-json\/wp\/v2\/posts"}],"about":[{"href":"https:\/\/erdmost.hu\/en\/wp-json\/wp\/v2\/types\/post"}],"author":[{"embeddable":true,"href":"https:\/\/erdmost.hu\/en\/wp-json\/wp\/v2\/users\/8"}],"replies":[{"embeddable":true,"href":"https:\/\/erdmost.hu\/en\/wp-json\/wp\/v2\/comments?post=20212"}],"version-history":[{"count":0,"href":"https:\/\/erdmost.hu\/en\/wp-json\/wp\/v2\/posts\/20212\/revisions"}],"wp:attachment":[{"href":"https:\/\/erdmost.hu\/en\/wp-json\/wp\/v2\/media?parent=20212"}],"wp:term":[{"taxonomy":"category","embeddable":true,"href":"https:\/\/erdmost.hu\/en\/wp-json\/wp\/v2\/categories?post=20212"},{"taxonomy":"cikk_cimkek","embeddable":true,"href":"https:\/\/erdmost.hu\/en\/wp-json\/wp\/v2\/cikk_cimkek?post=20212"},{"taxonomy":"content_flags","embeddable":true,"href":"https:\/\/erdmost.hu\/en\/wp-json\/wp\/v2\/content_flags?post=20212"},{"taxonomy":"content_icons","embeddable":true,"href":"https:\/\/erdmost.hu\/en\/wp-json\/wp\/v2\/content_icons?post=20212"}],"curies":[{"name":"wp","href":"https:\/\/api.w.org\/{rel}","templated":true}]}}