{"id":19371,"date":"2021-11-02T08:42:48","date_gmt":"2021-11-02T08:42:48","guid":{"rendered":"https:\/\/wp.erdmost.hu\/2021\/11\/02\/csak-ugy-repkednek-tizmillios-tetelek\/"},"modified":"2022-03-01T21:59:27","modified_gmt":"2022-03-01T21:59:27","slug":"csak-ugy-repkednek-tizmillios-tetelek","status":"publish","type":"post","link":"https:\/\/erdmost.hu\/en\/2021\/11\/02\/csak-ugy-repkednek-tizmillios-tetelek\/","title":{"rendered":"Csak \u00fagy repkednek a t\u00edzmilli\u00f3s t\u00e9telek"},"content":{"rendered":"<p class=\"MsoBodyText\" style=\"border:none\">Mint arr\u00f3l a sajt\u00f3 kor\u00e1bban besz\u00e1molt, az elj\u00e1r\u00e1st Tetl\u00e1k \u00d6rs jelenlegi alpolg\u00e1rmester kezdem\u00e9nyezte, miut\u00e1n kider\u00fclt, hogy B\u00e1cs Istv\u00e1n nem t\u00fcntette fel a <a href=\"https:\/\/erdmost.hu\/en\/2021\/03\/01\/leggazdagabb-az-elelmes-es-tobbiek\/\" target=\"_blank\" rel=\"noopener\">vagyonnyilatkozataiban<\/a>, hogy tagi k\u00f6lcs\u00f6nt adott a saj\u00e1t tulajdon\u00e1ban l\u00e9v\u0151, egyben \u00e1ltala ir\u00e1ny\u00edtott Aequivalentia Kft.-nek, illetve az sem der\u00fclt ki ezekb\u0151l a dokumentumokb\u00f3l, honnan volt a politikusnak ennyi p\u00e9nze.<\/p>\n<p class=\"MsoBodyText\" style=\"border:none\"><em>(Sajt\u00f3cikkek <a href=\"https:\/\/orszagszerte.atlatszo.hu\/vagyonnyilatkozati-eljarast-kezdemenyeztek-a-volt-fideszes-alpolgarmester-ugyeben\/\" target=\"_blank\" rel=\"noopener\">itt<\/a>, <a href=\"https:\/\/orszagszerte.atlatszo.hu\/budos-kommunista-valaszolta-a-71-millios-tagi-kolcsonrol-erdeklodo-munkatarsunknak-az-erdi-fideszes-politikus\/\" target=\"_blank\" rel=\"noopener\">itt<\/a>, <a href=\"https:\/\/orszagszerte.atlatszo.hu\/megcsappant-a-jovedelme-megis-most-kezdi-mutatni-a-gazdagodas-jeleit-a-volt-alpolgarmester\/\" target=\"_blank\" rel=\"noopener\">itt<\/a>, B\u00e1cs Istv\u00e1n facebook-posztja pedig&nbsp;<a href=\"https:\/\/www.facebook.com\/dr.bacs.istvan\/posts\/4108775249172535\" target=\"_blank\" rel=\"noopener\">itt <\/a>tal\u00e1lhat\u00f3 a t\u00e9m\u00e1ban.)<\/em><\/p>\n<p>Tetl\u00e1k \u00d6rs \u2013 mint tud\u00f3s\u00edt\u00f3nknak elmondta \u2013 beadv\u00e1ny\u00e1ban hangs\u00falyozta, az \u00f6sszesen 71,5 milli\u00f3 forintos tagi k\u00f6lcs\u00f6n \u201emeghaladja a bukott alpolg\u00e1rmester teljes megel\u0151z\u0151 \u00f6nkorm\u00e1nyzati ciklusban kapott nett\u00f3 fizet\u00e9s\u00e9t\u201d. Tetl\u00e1k \u00d6rs, \u00c9rd alpolg\u00e1rmestere szerint k\u00fcl\u00f6n probl\u00e9ma, hogy mik\u00f6zben B\u00e1cs Istv\u00e1n c\u00e9g\u00e9nek nyilv\u00e1nos besz\u00e1mol\u00f3iban felt\u0171nik ez a hatalmas \u00f6sszeg, a 2019-es \u00e9s 2020-as \u00e9vre vonatkoz\u00f3, az \u00f6nkorm\u00e1nyzatnak leadott h\u00e1rom vagyonnyilatkozat\u00e1ban err\u0151l egy sort sem \u00edrt.&nbsp;&nbsp;<\/p>\n<p>Mint arr\u00f3l az oknyomoz\u00f3 port\u00e1l, az \u00c1tl\u00e1tsz\u00f3 cikksorozatban kor\u00e1bban besz\u00e1molt, B\u00e1cs Istv\u00e1n a 2019. okt\u00f3ber\u00e9ben l\u00e9trehozott, f\u0151tev\u00e9kenys\u00e9ge szerint \u00e9p\u00fclet\u00e9p\u00edt\u00e9si projektek el\u0151k\u00e9sz\u00edt\u00e9s\u00e9vel foglalkoz\u00f3 egyszem\u00e9lyes c\u00e9g\u00e9be az alap\u00edt\u00e1s \u00e9v\u00e9ben 38 milli\u00f3, a 2020-as \u00fczleti \u00e9vben pedig 33,5 milli\u00f3 forint tagi k\u00f6lcs\u00f6nt tett. A c\u00e9g az els\u0151 \u201et\u00f6rt\u201d \u00fczleti \u00e9vben alig 3,5 milli\u00f3s, a r\u00e1 k\u00f6vetkez\u0151ben pedig 12 milli\u00f3s forgalmat bonyol\u00edtott. A t\u00e1rsas\u00e1g nyilv\u00e1nos besz\u00e1mol\u00f3ja nem ad magyar\u00e1zatot arra, mi\u00e9rt volt sz\u00fcks\u00e9g ilyen nagy tagi k\u00f6lcs\u00f6n befizet\u00e9s\u00e9re a c\u00e9g p\u00e9nzt\u00e1r\u00e1ba. Az \u00c1tl\u00e1tsz\u00f3 id\u00e9n m\u00e1jusban megk\u00e9rdezte a fideszes k\u00e9pvisel\u0151t, honnan teremtette el\u0151 a 71,5 milli\u00f3 forintot, mert a fizet\u00e9se \u00e9s a vagyonnyilatkozatai alapj\u00e1n nem vil\u00e1gos, mib\u0151l volt erre fedezete, mire B\u00e1cs Istv\u00e1n egy sajt\u00f3nyilatkozatot tett k\u00f6zz\u00e9 a Facebook-oldal\u00e1n.<\/p>\n<p>Ebben azt \u00e1ll\u00edtotta, hogy a 2019-ben ny\u00fajtott 38 milli\u00f3s tagi k\u00f6lcs\u00f6n forr\u00e1sa az \u0151 \u00e9s feles\u00e9ge \u2013 aki kor\u00e1bban a polg\u00e1rmesteri hivatal dolgoz\u00f3ja volt \u2013 vagyonnyilatkozat\u00e1b\u00f3l kider\u00fcl. Az \u00c1tl\u00e1tsz\u00f3 \u00e1ltal nyilv\u00e1noss\u00e1gra hozott, a 2019-es \u00e9vre vonatkoz\u00f3 nyilatkozatb\u00f3l csak az der\u00fcl ki, hogy B\u00e1cs Istv\u00e1nnak egy 15 milli\u00f3 forintos n\u00e9v\u00e9rt\u00e9k\u0171 biztos\u00edt\u00e1si k\u00f6tv\u00e9nye \u00e9s a k\u00e9pvisel\u0151i tiszteletd\u00edj\u00e1n fel\u00fcl mind\u00f6sszesen havi 150 ezer forint j\u00f6vedelme volt egy c\u00e9gt\u0151l. A m\u00e1jusi Facebook-posztj\u00e1ban B\u00e1cs Istv\u00e1n azt \u00edrta, a 2020-as 33,5 milli\u00f3s tagi k\u00f6lcs\u00f6n forr\u00e1sa a sz\u00e1zhalombattai 54 n\u00e9gyzetm\u00e9teres lak\u00e1s elad\u00e1sa, aminek feler\u00e9szben \u0151, feler\u00e9szben a feles\u00e9ge volt a tulajdonosa. Feles\u00e9g\u00e9nek vagyonnyilatkozata a t\u00f6rv\u00e9nyi el\u0151\u00edr\u00e1sok miatt nem nyilv\u00e1nos, \u00e1m az elj\u00e1r\u00e1s keret\u00e9ben a bizotts\u00e1g tagjai megtekinthetik.<\/p>\n<p>\u201eA k\u00e9pvisel\u0151 k\u00f6r\u00fcl \u00e9vek \u00f3ta csak \u00fagy repkednek a t\u00edzmilli\u00f3s t\u00e9telek, be kell sz\u00e1molnia a k\u00f6zv\u00e9lem\u00e9ny el\u0151tt arr\u00f3l, minek k\u00f6sz\u00f6nheti meggazdagod\u00e1s\u00e1t, hiszen k\u00f6zszerepl\u0151, az ad\u00f3fizet\u0151k \u00e1llj\u00e1k j\u00f6vedelmeinek j\u00f3 r\u00e9sz\u00e9t\u201d \u2013 nyilatkozta lapunknak Tetl\u00e1k \u00d6rs.<\/p>\n<p>Telefonon megkerest\u00fck B\u00e1cs Istv\u00e1nt, aki k\u00e9rd\u00e9s\u00fcnkre csak annyit mondott, nem szeretne id\u0151 el\u0151tt nyilatkozni, de hamarosan mindenre f\u00e9ny der\u00fcl. Izgatottan v\u00e1rjuk.<\/p>\n<p>&nbsp;<\/p>","protected":false},"excerpt":{"rendered":"<p>Vagyonnyilatkozattal kapcsolatos elj\u00e1r\u00e1st ind\u00edtott B\u00e1cs Istv\u00e1n k\u00e9pvisel\u0151, volt alpolg\u00e1rmester ellen a k\u00f6zgy\u0171l\u00e9s Jogi \u00e9s K\u00f6zbiztons\u00e1gi Bizotts\u00e1ga szerdai \u00fcl\u00e9s\u00e9n. A bizotts\u00e1g eln\u00f6ke felsz\u00f3l\u00edtotta az \u00e9rintett szem\u00e9lyt, hogy \u00edr\u00e1sban ny\u00fajtsa be az \u0151 \u00e9s feles\u00e9ge vagyonnyilatkozat\u00e1ra vonatkoz\u00f3 iratokat.<\/p>","protected":false},"author":8,"featured_media":0,"comment_status":"closed","ping_status":"","sticky":false,"template":"","format":"standard","meta":{"_acf_changed":false,"_seopress_robots_primary_cat":"","_seopress_titles_title":"","_seopress_titles_desc":"","_seopress_robots_index":"","site-sidebar-layout":"default","site-content-layout":"","ast-site-content-layout":"default","site-content-style":"default","site-sidebar-style":"default","ast-global-header-display":"","ast-banner-title-visibility":"","ast-main-header-display":"","ast-hfb-above-header-display":"","ast-hfb-below-header-display":"","ast-hfb-mobile-header-display":"","site-post-title":"","ast-breadcrumbs-content":"","ast-featured-img":"","footer-sml-layout":"","ast-disable-related-posts":"","theme-transparent-header-meta":"","adv-header-id-meta":"","stick-header-meta":"","header-above-stick-meta":"","header-main-stick-meta":"","header-below-stick-meta":"","astra-migrate-meta-layouts":"default","ast-page-background-enabled":"default","ast-page-background-meta":{"desktop":{"background-color":"","background-image":"","background-repeat":"repeat","background-position":"center center","background-size":"auto","background-attachment":"scroll","background-type":"","background-media":"","overlay-type":"","overlay-color":"","overlay-opacity":"","overlay-gradient":""},"tablet":{"background-color":"","background-image":"","background-repeat":"repeat","background-position":"center center","background-size":"auto","background-attachment":"scroll","background-type":"","background-media":"","overlay-type":"","overlay-color":"","overlay-opacity":"","overlay-gradient":""},"mobile":{"background-color":"","background-image":"","background-repeat":"repeat","background-position":"center center","background-size":"auto","background-attachment":"scroll","background-type":"","background-media":"","overlay-type":"","overlay-color":"","overlay-opacity":"","overlay-gradient":""}},"ast-content-background-meta":{"desktop":{"background-color":"var(--ast-global-color-5)","background-image":"","background-repeat":"repeat","background-position":"center center","background-size":"auto","background-attachment":"scroll","background-type":"","background-media":"","overlay-type":"","overlay-color":"","overlay-opacity":"","overlay-gradient":""},"tablet":{"background-color":"var(--ast-global-color-5)","background-image":"","background-repeat":"repeat","background-position":"center center","background-size":"auto","background-attachment":"scroll","background-type":"","background-media":"","overlay-type":"","overlay-color":"","overlay-opacity":"","overlay-gradient":""},"mobile":{"background-color":"var(--ast-global-color-5)","background-image":"","background-repeat":"repeat","background-position":"center center","background-size":"auto","background-attachment":"scroll","background-type":"","background-media":"","overlay-type":"","overlay-color":"","overlay-opacity":"","overlay-gradient":""}},"footnotes":""},"categories":[1],"cikk_cimkek":[15],"content_flags":[349,348],"content_icons":[],"class_list":["post-19371","post","type-post","status-publish","format-standard","hentry","category-erdmost","cikk_cimkek-kozelet","content_flags-fontos","content_flags-top"],"acf":[],"_links":{"self":[{"href":"https:\/\/erdmost.hu\/en\/wp-json\/wp\/v2\/posts\/19371","targetHints":{"allow":["GET"]}}],"collection":[{"href":"https:\/\/erdmost.hu\/en\/wp-json\/wp\/v2\/posts"}],"about":[{"href":"https:\/\/erdmost.hu\/en\/wp-json\/wp\/v2\/types\/post"}],"author":[{"embeddable":true,"href":"https:\/\/erdmost.hu\/en\/wp-json\/wp\/v2\/users\/8"}],"replies":[{"embeddable":true,"href":"https:\/\/erdmost.hu\/en\/wp-json\/wp\/v2\/comments?post=19371"}],"version-history":[{"count":1,"href":"https:\/\/erdmost.hu\/en\/wp-json\/wp\/v2\/posts\/19371\/revisions"}],"predecessor-version":[{"id":30239,"href":"https:\/\/erdmost.hu\/en\/wp-json\/wp\/v2\/posts\/19371\/revisions\/30239"}],"wp:attachment":[{"href":"https:\/\/erdmost.hu\/en\/wp-json\/wp\/v2\/media?parent=19371"}],"wp:term":[{"taxonomy":"category","embeddable":true,"href":"https:\/\/erdmost.hu\/en\/wp-json\/wp\/v2\/categories?post=19371"},{"taxonomy":"cikk_cimkek","embeddable":true,"href":"https:\/\/erdmost.hu\/en\/wp-json\/wp\/v2\/cikk_cimkek?post=19371"},{"taxonomy":"content_flags","embeddable":true,"href":"https:\/\/erdmost.hu\/en\/wp-json\/wp\/v2\/content_flags?post=19371"},{"taxonomy":"content_icons","embeddable":true,"href":"https:\/\/erdmost.hu\/en\/wp-json\/wp\/v2\/content_icons?post=19371"}],"curies":[{"name":"wp","href":"https:\/\/api.w.org\/{rel}","templated":true}]}}