{"id":16525,"date":"2021-07-16T12:08:00","date_gmt":"2021-07-16T12:08:00","guid":{"rendered":"https:\/\/wp.erdmost.hu\/2021\/07\/16\/foci-megvan-az-nb-iii-menetrendje-itthon-kezd-az-erdi-vse\/"},"modified":"2021-07-16T12:08:00","modified_gmt":"2021-07-16T12:08:00","slug":"foci-megvan-az-nb-iii-menetrendje-itthon-kezd-az-erdi-vse","status":"publish","type":"post","link":"https:\/\/erdmost.hu\/en\/2021\/07\/16\/foci-megvan-az-nb-iii-menetrendje-itthon-kezd-az-erdi-vse\/","title":{"rendered":"Foci: megvan az NB III menetrendje, itthon kezd az \u00c9rdi VSE"},"content":{"rendered":"<p style=\"margin-bothttps:\/\/erdmost.hu\/wp-content\/uploads\/2021\/06\/business-blog-session-cover-img-03.jpg:11px\">A Magyar Labdar\u00fag\u00f3 Sz\u00f6vets\u00e9g elk\u00e9sz\u00edtette az NB III csoportjainak sorsol\u00e1s\u00e1t, melynek \u00e9rtelm\u00e9ben a Limperger Zsolt \u00e1ltal ir\u00e1ny\u00edtott \u00c9rdi VSE a Bicskei TC ellen kezdi meg a szezont az Ercsi \u00fati Sporttelepen, majd augusztus 11-\u00e9n, szerd\u00e1n a Pusk\u00e1s Akad\u00e9mia FC II vend\u00e9gek\u00e9nt folytatja szerepl\u00e9s\u00e9t.<\/p>\n<p>Az \u0151szi utols\u00f3, december 5-\u00e9n rendezett fordul\u00f3ban Kert\u00e9sz Ferenc\u00e9k Bicsk\u00e9n vend\u00e9geskednek. A tavaszi \u00e9vad pedig febru\u00e1r 13-\u00e1n kezd\u0151dik, amikor pedig a felcs\u00fatiakat fogadj\u00e1k az \u00e9rdiek. A szezont pedig m\u00e1jus 29-\u00e9n, a VLS Veszpr\u00e9m elleni hazai tal\u00e1lkoz\u00f3val z\u00e1rj\u00e1k le.<\/p>\n<p>A 38 fordul\u00f3 alapj\u00e1n a csoportok bajnokai jutnak fel az NB II-be, m\u00edg a 17-20. helyezettek b\u00facs\u00faznak a nemzeti oszt\u00e1lyt\u00f3l, \u00edgy a 2022\/23-as szezonban is 60 csapat alkotja az NB III-at.<\/p>\n<p class=\"highlight highlight--border\"><strong>Az \u00c9rdi VSE menetrendje az NB III Nyugati csoportj\u00e1nak 2021\/22-es szezonj\u00e1ban<br \/>\n1. fordul\u00f3, 08.01., vas\u00e1rnap: <\/strong>\u00c9rdi VSE\u2013Bicskei TC<br \/>\n2. fordul\u00f3, 08.11., szerda: Pusk\u00e1s Akad\u00e9mia FC II\u2013\u00c9rdi VSE<br \/>\n3. fordul\u00f3, 08.15., vas\u00e1rnap: \u00c9rdi VSE\u2013ZTE FC II<br \/>\n4. fordul\u00f3, 08.22., vas\u00e1rnap: G\u00e1rdony-Ag\u00e1rdi Gy\u00f3gyf\u00fcrd\u0151\u2013\u00c9rdi VSE<br \/>\n5. fordul\u00f3, 09.01., szerda: \u00c9rdi VSE\u2013Credobus Mosonmagyar\u00f3v\u00e1r<br \/>\n6. fordul\u00f3, 09.04., vas\u00e1rnap: Gyirm\u00f3t FC Gy\u0151r II\u2013\u00c9rdi VSE<br \/>\n7. fordul\u00f3, 09.12., vas\u00e1rnap: \u00c9rdi VSE\u2013Kelen SC<br \/>\n8. fordul\u00f3, 09.22., szerda: ETO FC Gy\u0151r II\u2013\u00c9rdi VSE<br \/>\n9. fordul\u00f3, 09.26., vas\u00e1rnap: \u00c9rdi VSE\u2013SC Sopron<br \/>\n10. fordul\u00f3, 10.03., vas\u00e1rnap: P\u00e1pai Perutz FC\u2013\u00c9rdi VSE<br \/>\n11. fordul\u00f3, 10.10., vas\u00e1rnap: \u00c9rdi VSE\u2013Tatab\u00e1nyai SC<br \/>\n12. fordul\u00f3, 10.17., vas\u00e1rnap: Balatonf\u00fcredi FC\u2013\u00c9rdi VSE<br \/>\n13. fordul\u00f3, 10.20., szerda: \u00c9rdi VSE\u2013Andr\u00e1shida SC<br \/>\n14. fordul\u00f3, 10.24., vas\u00e1rnap: Kaposv\u00e1ri R\u00e1k\u00f3czi FC\u2013\u00c9rdi VSE<br \/>\n15. fordul\u00f3, 10.31., vas\u00e1rnap: \u00c9rdi VSE\u2013BVSC-Zugl\u00f3<br \/>\n16. fordul\u00f3, 11.07., vas\u00e1rnap: FC Nagykanizsa\u2013\u00c9rdi VSE<br \/>\n17. fordul\u00f3, 11.14., vas\u00e1rnap: \u00c9rdi VSE\u2013Mol Feh\u00e9rv\u00e1r FC II<br \/>\n18. fordul\u00f3, 11.21., vas\u00e1rnap: \u00c9rdi VSE\u2013Kom\u00e1rom VSE<br \/>\n19. fordul\u00f3, 11.28., vas\u00e1rnap: VLS Veszpr\u00e9m\u2013\u00c9rdi VSE<br \/>\n20. fordul\u00f3, 12.05., vas\u00e1rnap: Bicskei TC\u2013\u00c9rdi VSE<br \/>\n21. fordul\u00f3, 02.13., vas\u00e1rnap: \u00c9rdi VSE\u2013Pusk\u00e1s Akad\u00e9mia FC II<br \/>\n22. fordul\u00f3, 02.20., vas\u00e1rnap: ZTE FC II\u2013\u00c9rdi VSE<br \/>\n23. fordul\u00f3, 02.27., vas\u00e1rnap: \u00c9rdi VSE\u2013G\u00e1rdony-Ag\u00e1rdi Gy\u00f3gyf\u00fcrd\u0151<br \/>\n24. fordul\u00f3, 03.06., vas\u00e1rnap: Credobus Mosonmagyar\u00f3v\u00e1r\u2013\u00c9rdi VSE<br \/>\n25. fordul\u00f3, 03.13., vas\u00e1rnap: \u00c9rdi VSE\u2013Gyirm\u00f3t FC Gy\u0151r II<br \/>\n26. fordul\u00f3, 03.20., vas\u00e1rnap: Kelen SC\u2013\u00c9rdi VSE<br \/>\n27. fordul\u00f3, 03.27., vas\u00e1rnap: \u00c9rdi VSE\u2013ETO FC Gy\u0151r II<br \/>\n28. fordul\u00f3, 04.03., vas\u00e1rnap: SC Sopron\u2013\u00c9rdi VSE<br \/>\n29. fordul\u00f3, 04.10., vas\u00e1rnap: \u00c9rdi VSE\u2013P\u00e1pai Perutz FC<br \/>\n30. fordul\u00f3, 04.13., szerda: Tatab\u00e1nyai SC\u2013\u00c9rdi VSE<br \/>\n31. fordul\u00f3, 04.17., vas\u00e1rnap: \u00c9rdi VSE\u2013Balatonf\u00fcredi FC<br \/>\n32. fordul\u00f3, 04.24., vas\u00e1rnap: Andr\u00e1shida SC\u2013\u00c9rdi VSE<br \/>\n33. fordul\u00f3, 05.01., vas\u00e1rnap: \u00c9rdi VSE\u2013Kaposv\u00e1ri R\u00e1k\u00f3czi FC<br \/>\n34. fordul\u00f3, 05.04., szerda: BVSC-Zugl\u00f3\u2013\u00c9rdi VSE<br \/>\n35. fordul\u00f3, 05.08., vas\u00e1rnap: \u00c9rdi VSE\u2013FC Nagykanizsa<br \/>\n36. fordul\u00f3, 05.15., vas\u00e1rnap: Mol Feh\u00e9rv\u00e1r FC II\u2013\u00c9rdi VSE<br \/>\n37. fordul\u00f3, 05.22., vas\u00e1rnap: Kom\u00e1rom VSE\u2013\u00c9rdi VSE<br \/>\n38. fordul\u00f3, 05.29., vas\u00e1rnap: \u00c9rdi VSE\u2013VLS Veszpr\u00e9m<\/p>","protected":false},"excerpt":{"rendered":"<p>El\u0151bb m\u00e9g j\u00falius 17-\u00e9n 10 \u00f3r\u00e1t\u00f3l a Cegl\u00e9di VSE, majd j\u00falius 25-\u00e9n a Balassagyarmati SE ellen is j\u00e1tszik egy-egy edz\u0151meccset az \u00c9rdi VSE, amely az NB III Nyugati csoportj\u00e1nak 2021\/22-es id\u00e9ny\u00e9t augusztus elsej\u00e9n hazai p\u00e1ly\u00e1n kezdi a Bicskei TC ellen.<\/p>","protected":false},"author":8,"featured_media":0,"comment_status":"","ping_status":"","sticky":false,"template":"","format":"standard","meta":{"_acf_changed":false,"_seopress_robots_primary_cat":"","_seopress_titles_title":"","_seopress_titles_desc":"","_seopress_robots_index":"","site-sidebar-layout":"default","site-content-layout":"","ast-site-content-layout":"default","site-content-style":"default","site-sidebar-style":"default","ast-global-header-display":"","ast-banner-title-visibility":"","ast-main-header-display":"","ast-hfb-above-header-display":"","ast-hfb-below-header-display":"","ast-hfb-mobile-header-display":"","site-post-title":"","ast-breadcrumbs-content":"","ast-featured-img":"","footer-sml-layout":"","ast-disable-related-posts":"","theme-transparent-header-meta":"","adv-header-id-meta":"","stick-header-meta":"","header-above-stick-meta":"","header-main-stick-meta":"","header-below-stick-meta":"","astra-migrate-meta-layouts":"default","ast-page-background-enabled":"default","ast-page-background-meta":{"desktop":{"background-color":"","background-image":"","background-repeat":"repeat","background-position":"center center","background-size":"auto","background-attachment":"scroll","background-type":"","background-media":"","overlay-type":"","overlay-color":"","overlay-opacity":"","overlay-gradient":""},"tablet":{"background-color":"","background-image":"","background-repeat":"repeat","background-position":"center center","background-size":"auto","background-attachment":"scroll","background-type":"","background-media":"","overlay-type":"","overlay-color":"","overlay-opacity":"","overlay-gradient":""},"mobile":{"background-color":"","background-image":"","background-repeat":"repeat","background-position":"center center","background-size":"auto","background-attachment":"scroll","background-type":"","background-media":"","overlay-type":"","overlay-color":"","overlay-opacity":"","overlay-gradient":""}},"ast-content-background-meta":{"desktop":{"background-color":"var(--ast-global-color-5)","background-image":"","background-repeat":"repeat","background-position":"center center","background-size":"auto","background-attachment":"scroll","background-type":"","background-media":"","overlay-type":"","overlay-color":"","overlay-opacity":"","overlay-gradient":""},"tablet":{"background-color":"var(--ast-global-color-5)","background-image":"","background-repeat":"repeat","background-position":"center center","background-size":"auto","background-attachment":"scroll","background-type":"","background-media":"","overlay-type":"","overlay-color":"","overlay-opacity":"","overlay-gradient":""},"mobile":{"background-color":"var(--ast-global-color-5)","background-image":"","background-repeat":"repeat","background-position":"center center","background-size":"auto","background-attachment":"scroll","background-type":"","background-media":"","overlay-type":"","overlay-color":"","overlay-opacity":"","overlay-gradient":""}},"footnotes":""},"categories":[1],"cikk_cimkek":[68,9],"content_flags":[349],"content_icons":[],"class_list":["post-16525","post","type-post","status-publish","format-standard","hentry","category-erdmost","cikk_cimkek-labdarugas","cikk_cimkek-sport","content_flags-fontos"],"acf":[],"_links":{"self":[{"href":"https:\/\/erdmost.hu\/en\/wp-json\/wp\/v2\/posts\/16525","targetHints":{"allow":["GET"]}}],"collection":[{"href":"https:\/\/erdmost.hu\/en\/wp-json\/wp\/v2\/posts"}],"about":[{"href":"https:\/\/erdmost.hu\/en\/wp-json\/wp\/v2\/types\/post"}],"author":[{"embeddable":true,"href":"https:\/\/erdmost.hu\/en\/wp-json\/wp\/v2\/users\/8"}],"replies":[{"embeddable":true,"href":"https:\/\/erdmost.hu\/en\/wp-json\/wp\/v2\/comments?post=16525"}],"version-history":[{"count":0,"href":"https:\/\/erdmost.hu\/en\/wp-json\/wp\/v2\/posts\/16525\/revisions"}],"wp:attachment":[{"href":"https:\/\/erdmost.hu\/en\/wp-json\/wp\/v2\/media?parent=16525"}],"wp:term":[{"taxonomy":"category","embeddable":true,"href":"https:\/\/erdmost.hu\/en\/wp-json\/wp\/v2\/categories?post=16525"},{"taxonomy":"cikk_cimkek","embeddable":true,"href":"https:\/\/erdmost.hu\/en\/wp-json\/wp\/v2\/cikk_cimkek?post=16525"},{"taxonomy":"content_flags","embeddable":true,"href":"https:\/\/erdmost.hu\/en\/wp-json\/wp\/v2\/content_flags?post=16525"},{"taxonomy":"content_icons","embeddable":true,"href":"https:\/\/erdmost.hu\/en\/wp-json\/wp\/v2\/content_icons?post=16525"}],"curies":[{"name":"wp","href":"https:\/\/api.w.org\/{rel}","templated":true}]}}