{"id":16518,"date":"2021-07-16T07:00:00","date_gmt":"2021-07-16T07:00:00","guid":{"rendered":"https:\/\/wp.erdmost.hu\/2021\/07\/16\/augusztustol-felveheto-covid-elleni-harmadik-oltas\/"},"modified":"2021-07-16T07:00:00","modified_gmt":"2021-07-16T07:00:00","slug":"augusztustol-felveheto-covid-elleni-harmadik-oltas","status":"publish","type":"post","link":"https:\/\/erdmost.hu\/en\/2021\/07\/16\/augusztustol-felveheto-covid-elleni-harmadik-oltas\/","title":{"rendered":"Augusztust\u00f3l felvehet\u0151 a Covid elleni harmadik olt\u00e1s"},"content":{"rendered":"<p>Mindenki ott kaphatja meg a harmadik olt\u00e1st, ahol az els\u0151 kett\u0151t. Olt\u00e1si rend nem lesz, teh\u00e1t koroszt\u00e1lyi vagy egy\u00e9b preferenci\u00e1k nem alak\u00edtj\u00e1k a sorrendet, puszt\u00e1n id\u0151pontot kell majd hozz\u00e1 k\u00e9rni. Az orvos d\u00f6nt arr\u00f3l, hogy ez a harmadik vakcina milyen t\u00edpus\u00fa olt\u00f3anyag legyen &#8211; \u00edrja a Telex.<\/p>\n<p>Az eg\u00e9szs\u00e9g\u00fcgyi dolgoz\u00f3knak k\u00f6telez\u0151 lesz a&nbsp;koronav\u00edrus elleni olt\u00e1s &#8211; k\u00f6z\u00f6lte.<\/p>\n<p>Az eddigiekn\u00e9l fert\u0151z\u0151bb delta vari\u00e1ns megjelen\u00e9se miatt az, aki nem vette f\u00f6l az olt\u00e1st, nagyobb vesz\u00e9lyben van, mint a j\u00e1rv\u00e1ny idej\u00e9n eddig b\u00e1rmikor. Ez\u00e9rt azokat az id\u0151seket, akik nem kaptak eddig olt\u00e1st, szem\u00e9lyesen meg fogj\u00e1k keresni &#8211; hangs\u00falyozta Orb\u00e1n Viktor.<\/p>\n<p>Elmondta azt is: az iskolakezd\u00e9s els\u0151 k\u00e9t napj\u00e1n minden oktat\u00e1si int\u00e9zm\u00e9nyben lehet\u0151v\u00e9 teszik, hogy a 12 \u00e9vesn\u00e9l id\u0151sebb gyerekek felvegy\u00e9k a&nbsp;koronav\u00edrus elleni olt\u00e1st, amennyiben sz\u00fcleik ezt megengedik.<\/p>\n<p>Eddig a 12-15 \u00e9v k\u00f6z\u00f6tti koroszt\u00e1ly 13-14 sz\u00e1zal\u00e9ka kapta meg az olt\u00e1st, a&nbsp;16-18 \u00e9v k\u00f6z\u00f6ttiek olt\u00e1sa nagy sebess\u00e9ggel halad, az \u00e1toltotts\u00e1g k\u00f6z\u00f6tt\u00fck 45 sz\u00e1zal\u00e9k k\u00f6r\u00fcl van.<\/p>\n<p>A korm\u00e1nyf\u0151 azt javasolta, hogy csak azok utazzanak k\u00fclf\u00f6ldre nyaralni, akik mindk\u00e9t olt\u00e1st megkapt\u00e1k.<\/p>\n<p>&nbsp;<\/p>","protected":false},"excerpt":{"rendered":"<p>A korm\u00e1ny lehet\u0151v\u00e9 teszi a\u00a0koronav\u00edrus elleni harmadik olt\u00e1s felv\u00e9tel\u00e9t augusztus 1-t\u0151l, ehhez b\u0151s\u00e9ges mennyis\u00e9g\u0171 vakcina \u00e1ll rendelkez\u00e9sre &#8211; jelentette be a minisztereln\u00f6k. A\u00a0harmadik olt\u00e1s felv\u00e9tel\u00e9re a m\u00e1sodikat k\u00f6vet\u0151en n\u00e9gy h\u00f3nap eltelt\u00e9vel lesz lehet\u0151s\u00e9g, de az orvosok ett\u0151l elt\u00e9rhetnek.<\/p>","protected":false},"author":8,"featured_media":0,"comment_status":"","ping_status":"","sticky":false,"template":"","format":"standard","meta":{"_acf_changed":false,"_seopress_robots_primary_cat":"","_seopress_titles_title":"","_seopress_titles_desc":"","_seopress_robots_index":"","site-sidebar-layout":"default","site-content-layout":"","ast-site-content-layout":"default","site-content-style":"default","site-sidebar-style":"default","ast-global-header-display":"","ast-banner-title-visibility":"","ast-main-header-display":"","ast-hfb-above-header-display":"","ast-hfb-below-header-display":"","ast-hfb-mobile-header-display":"","site-post-title":"","ast-breadcrumbs-content":"","ast-featured-img":"","footer-sml-layout":"","ast-disable-related-posts":"","theme-transparent-header-meta":"","adv-header-id-meta":"","stick-header-meta":"","header-above-stick-meta":"","header-main-stick-meta":"","header-below-stick-meta":"","astra-migrate-meta-layouts":"default","ast-page-background-enabled":"default","ast-page-background-meta":{"desktop":{"background-color":"","background-image":"","background-repeat":"repeat","background-position":"center center","background-size":"auto","background-attachment":"scroll","background-type":"","background-media":"","overlay-type":"","overlay-color":"","overlay-opacity":"","overlay-gradient":""},"tablet":{"background-color":"","background-image":"","background-repeat":"repeat","background-position":"center center","background-size":"auto","background-attachment":"scroll","background-type":"","background-media":"","overlay-type":"","overlay-color":"","overlay-opacity":"","overlay-gradient":""},"mobile":{"background-color":"","background-image":"","background-repeat":"repeat","background-position":"center center","background-size":"auto","background-attachment":"scroll","background-type":"","background-media":"","overlay-type":"","overlay-color":"","overlay-opacity":"","overlay-gradient":""}},"ast-content-background-meta":{"desktop":{"background-color":"var(--ast-global-color-5)","background-image":"","background-repeat":"repeat","background-position":"center center","background-size":"auto","background-attachment":"scroll","background-type":"","background-media":"","overlay-type":"","overlay-color":"","overlay-opacity":"","overlay-gradient":""},"tablet":{"background-color":"var(--ast-global-color-5)","background-image":"","background-repeat":"repeat","background-position":"center center","background-size":"auto","background-attachment":"scroll","background-type":"","background-media":"","overlay-type":"","overlay-color":"","overlay-opacity":"","overlay-gradient":""},"mobile":{"background-color":"var(--ast-global-color-5)","background-image":"","background-repeat":"repeat","background-position":"center center","background-size":"auto","background-attachment":"scroll","background-type":"","background-media":"","overlay-type":"","overlay-color":"","overlay-opacity":"","overlay-gradient":""}},"footnotes":""},"categories":[1],"cikk_cimkek":[104],"content_flags":[351],"content_icons":[],"class_list":["post-16518","post","type-post","status-publish","format-standard","hentry","category-erdmost","cikk_cimkek-koronavirus","content_flags-jobbfent"],"acf":[],"_links":{"self":[{"href":"https:\/\/erdmost.hu\/en\/wp-json\/wp\/v2\/posts\/16518","targetHints":{"allow":["GET"]}}],"collection":[{"href":"https:\/\/erdmost.hu\/en\/wp-json\/wp\/v2\/posts"}],"about":[{"href":"https:\/\/erdmost.hu\/en\/wp-json\/wp\/v2\/types\/post"}],"author":[{"embeddable":true,"href":"https:\/\/erdmost.hu\/en\/wp-json\/wp\/v2\/users\/8"}],"replies":[{"embeddable":true,"href":"https:\/\/erdmost.hu\/en\/wp-json\/wp\/v2\/comments?post=16518"}],"version-history":[{"count":0,"href":"https:\/\/erdmost.hu\/en\/wp-json\/wp\/v2\/posts\/16518\/revisions"}],"wp:attachment":[{"href":"https:\/\/erdmost.hu\/en\/wp-json\/wp\/v2\/media?parent=16518"}],"wp:term":[{"taxonomy":"category","embeddable":true,"href":"https:\/\/erdmost.hu\/en\/wp-json\/wp\/v2\/categories?post=16518"},{"taxonomy":"cikk_cimkek","embeddable":true,"href":"https:\/\/erdmost.hu\/en\/wp-json\/wp\/v2\/cikk_cimkek?post=16518"},{"taxonomy":"content_flags","embeddable":true,"href":"https:\/\/erdmost.hu\/en\/wp-json\/wp\/v2\/content_flags?post=16518"},{"taxonomy":"content_icons","embeddable":true,"href":"https:\/\/erdmost.hu\/en\/wp-json\/wp\/v2\/content_icons?post=16518"}],"curies":[{"name":"wp","href":"https:\/\/api.w.org\/{rel}","templated":true}]}}