{"id":15496,"date":"2021-06-08T16:59:23","date_gmt":"2021-06-08T16:59:23","guid":{"rendered":"https:\/\/wp.erdmost.hu\/2021\/06\/08\/sarosi-tokioi-reszveteli-jogot-szerzett\/"},"modified":"2021-06-08T16:59:23","modified_gmt":"2021-06-08T16:59:23","slug":"sarosi-tokioi-reszveteli-jogot-szerzett","status":"publish","type":"post","link":"https:\/\/erdmost.hu\/en\/2021\/06\/08\/sarosi-tokioi-reszveteli-jogot-szerzett\/","title":{"rendered":"S\u00e1rosi toki\u00f3i r\u00e9szv\u00e9teli jogot szerzett"},"content":{"rendered":"<p>A nemzetk\u00f6zi sz\u00f6vets\u00e9g m\u00e1sf\u00e9l hete z\u00e1rta le a kv\u00f3taszerz\u0151 ranglist\u00e1t, ami alapj\u00e1n szinte biztos volt, hogy S\u00e1rosi toki\u00f3i r\u00e9szv\u00e9teli jogot szerzett. A vil\u00e1granglist\u00e1n 61., az olimpiai kv\u00f3t\u00e1k\u00e9rt zajl\u00f3 k\u00fczdelemben pedig 31. helyen \u00e1ll, \u00e9s t\u00f6bb pontszerz\u0151 viadalt m\u00e1r nem rendeznek &#8211;<a href=\"https:\/\/m.nemzetisport.hu\/tokio-2020\/tokio-2020-a-tollaslabdazo-sarosi-laura-indulhat-az-olimpian-2831155?fbclid=IwAR3Cjq_m7XbrKUMthMcrxVEc99sk38OpPBT1lj-bsVboI8plTmjSDXkqmWo\" target=\"_blank\" rel=\"noopener\"> \u00edrja <\/a>a Nemzeti Sport.<\/p>\n<p>A kvalifik\u00e1ci\u00f3s rend szerint a vil\u00e1granglista els\u0151 16 helyezettje \u2013 nemzetenk\u00e9nt maximum k\u00e9t tollaslabd\u00e1z\u00f3 \u2013 kap egyesben kv\u00f3t\u00e1t, illetve a lista 17. hely\u00e9t\u0151l nemzetenk\u00e9nt egy-egy j\u00e1t\u00e9kossal \u00e9s a jap\u00e1n indul\u00f3val t\u00f6ltik fel 38-asra a mez\u0151nyt. A nemzetk\u00f6zi sz\u00f6vets\u00e9g ezen fel\u00fcl h\u00e1rom szabadk\u00e1rty\u00e1t oszthat ki \u00fagy, hogy mind az \u00f6t kontinensr\u0151l legyen tollaslabd\u00e1z\u00f3 az olimpiai indul\u00f3k k\u00f6z\u00f6tt.<\/p>\n<p>Mint eml\u00e9kezetes, a 2016-os ri\u00f3i olimpia el\u0151tt az Eur\u00f3pa-bajnoks\u00e1g m\u00e1sodik fordul\u00f3j\u00e1ban S\u00e1rosi n\u00e9met ellenfel\u00e9nek elszakadt a cip\u0151je, s nem volt n\u00e1la tartal\u00e9k, \u00edgy S\u00e1rosi felaj\u00e1nlotta a saj\u00e1t tartal\u00e9kcip\u0151j\u00e9t, \u00e1m k\u00e9s\u0151bb kikapott, \u00edgy jelent\u0151sen cs\u00f6kkent az olimpiai kvalifik\u00e1ci\u00f3s es\u00e9lye. V\u00e9g\u00fcl 2016 m\u00e1jus\u00e1ban kider\u00fclt, hogy vil\u00e1granglist\u00e1s helyez\u00e9se alapj\u00e1n kvalifik\u00e1lta mag\u00e1t a j\u00e1t\u00e9kokra.&nbsp;<\/p>\n<p>S\u00e1rosi jelenleg Szegeden tollasozik, de az \u00c9rdi VSE-ben \u00e9s a Batthy\u00e1ny Sportiskolai \u00c1ltal\u00e1nos Iskol\u00e1ban nevelkedett.<\/p>","protected":false},"excerpt":{"rendered":"<p>A Magyar Tollaslabda-sz\u00f6vets\u00e9g k\u00f6zl\u00e9se szerint a 28 \u00e9ves S\u00e1rosi Laura \u201et\u00f6rt\u00e9nelmi sikert \u00e9rt el azzal, hogy m\u00e1sodik alkalommal is r\u00e9szt vehet a ny\u00e1ri olimpiai j\u00e1t\u00e9kokon n\u0151i egyesben\u201d.<\/p>","protected":false},"author":8,"featured_media":0,"comment_status":"","ping_status":"","sticky":false,"template":"","format":"standard","meta":{"_acf_changed":false,"_seopress_robots_primary_cat":"","_seopress_titles_title":"","_seopress_titles_desc":"","_seopress_robots_index":"","site-sidebar-layout":"default","site-content-layout":"","ast-site-content-layout":"default","site-content-style":"default","site-sidebar-style":"default","ast-global-header-display":"","ast-banner-title-visibility":"","ast-main-header-display":"","ast-hfb-above-header-display":"","ast-hfb-below-header-display":"","ast-hfb-mobile-header-display":"","site-post-title":"","ast-breadcrumbs-content":"","ast-featured-img":"","footer-sml-layout":"","ast-disable-related-posts":"","theme-transparent-header-meta":"","adv-header-id-meta":"","stick-header-meta":"","header-above-stick-meta":"","header-main-stick-meta":"","header-below-stick-meta":"","astra-migrate-meta-layouts":"default","ast-page-background-enabled":"default","ast-page-background-meta":{"desktop":{"background-color":"","background-image":"","background-repeat":"repeat","background-position":"center center","background-size":"auto","background-attachment":"scroll","background-type":"","background-media":"","overlay-type":"","overlay-color":"","overlay-opacity":"","overlay-gradient":""},"tablet":{"background-color":"","background-image":"","background-repeat":"repeat","background-position":"center center","background-size":"auto","background-attachment":"scroll","background-type":"","background-media":"","overlay-type":"","overlay-color":"","overlay-opacity":"","overlay-gradient":""},"mobile":{"background-color":"","background-image":"","background-repeat":"repeat","background-position":"center center","background-size":"auto","background-attachment":"scroll","background-type":"","background-media":"","overlay-type":"","overlay-color":"","overlay-opacity":"","overlay-gradient":""}},"ast-content-background-meta":{"desktop":{"background-color":"var(--ast-global-color-5)","background-image":"","background-repeat":"repeat","background-position":"center center","background-size":"auto","background-attachment":"scroll","background-type":"","background-media":"","overlay-type":"","overlay-color":"","overlay-opacity":"","overlay-gradient":""},"tablet":{"background-color":"var(--ast-global-color-5)","background-image":"","background-repeat":"repeat","background-position":"center center","background-size":"auto","background-attachment":"scroll","background-type":"","background-media":"","overlay-type":"","overlay-color":"","overlay-opacity":"","overlay-gradient":""},"mobile":{"background-color":"var(--ast-global-color-5)","background-image":"","background-repeat":"repeat","background-position":"center center","background-size":"auto","background-attachment":"scroll","background-type":"","background-media":"","overlay-type":"","overlay-color":"","overlay-opacity":"","overlay-gradient":""}},"footnotes":""},"categories":[1],"cikk_cimkek":[31],"content_flags":[],"content_icons":[],"class_list":["post-15496","post","type-post","status-publish","format-standard","hentry","category-erdmost","cikk_cimkek-tollaslabda"],"acf":[],"_links":{"self":[{"href":"https:\/\/erdmost.hu\/en\/wp-json\/wp\/v2\/posts\/15496","targetHints":{"allow":["GET"]}}],"collection":[{"href":"https:\/\/erdmost.hu\/en\/wp-json\/wp\/v2\/posts"}],"about":[{"href":"https:\/\/erdmost.hu\/en\/wp-json\/wp\/v2\/types\/post"}],"author":[{"embeddable":true,"href":"https:\/\/erdmost.hu\/en\/wp-json\/wp\/v2\/users\/8"}],"replies":[{"embeddable":true,"href":"https:\/\/erdmost.hu\/en\/wp-json\/wp\/v2\/comments?post=15496"}],"version-history":[{"count":0,"href":"https:\/\/erdmost.hu\/en\/wp-json\/wp\/v2\/posts\/15496\/revisions"}],"wp:attachment":[{"href":"https:\/\/erdmost.hu\/en\/wp-json\/wp\/v2\/media?parent=15496"}],"wp:term":[{"taxonomy":"category","embeddable":true,"href":"https:\/\/erdmost.hu\/en\/wp-json\/wp\/v2\/categories?post=15496"},{"taxonomy":"cikk_cimkek","embeddable":true,"href":"https:\/\/erdmost.hu\/en\/wp-json\/wp\/v2\/cikk_cimkek?post=15496"},{"taxonomy":"content_flags","embeddable":true,"href":"https:\/\/erdmost.hu\/en\/wp-json\/wp\/v2\/content_flags?post=15496"},{"taxonomy":"content_icons","embeddable":true,"href":"https:\/\/erdmost.hu\/en\/wp-json\/wp\/v2\/content_icons?post=15496"}],"curies":[{"name":"wp","href":"https:\/\/api.w.org\/{rel}","templated":true}]}}