{"id":15491,"date":"2021-06-08T13:01:44","date_gmt":"2021-06-08T13:01:44","guid":{"rendered":"https:\/\/wp.erdmost.hu\/2021\/06\/08\/egyszeri-tamogatas-covid-sujtotta-onfoglalkoztatoknak\/"},"modified":"2021-06-08T13:01:44","modified_gmt":"2021-06-08T13:01:44","slug":"egyszeri-tamogatas-covid-sujtotta-onfoglalkoztatoknak","status":"publish","type":"post","link":"https:\/\/erdmost.hu\/en\/2021\/06\/08\/egyszeri-tamogatas-covid-sujtotta-onfoglalkoztatoknak\/","title":{"rendered":"Egyszeri t\u00e1mogat\u00e1s a Covid-s\u00fajtotta \u00f6nfoglalkoztat\u00f3knak"},"content":{"rendered":"<p>A garant\u00e1lt b\u00e9rminimummal megegyez\u0151 \u00f6sszeget, 219 ezer forintot kaphatnak azok z \u00f6nfoglalkoztat\u00f3k, amelyek a&nbsp;vesz\u00e9lyhelyzeti korl\u00e1toz\u00e1sokkal \u00e9rintett 56 f\u0151tev\u00e9kenys\u00e9g valamelyik\u00e9t folytatj\u00e1k. Az egyszeri t\u00e1mogat\u00e1s mintegy 100-120 ezer \u00e9rintett \u2013 p\u00e9ld\u00e1ul fodr\u00e1szok, kozmetikusok, idegenvezet\u0151k, el\u0151ad\u00f3m\u0171v\u00e9szek \u00e9s aut\u00f3siskolai oktat\u00f3k \u2013 sz\u00e1m\u00e1ra k\u00f6nny\u00edtheti meg az \u00fajraindul\u00e1st.<\/p>\n<p>Az Innov\u00e1ci\u00f3s \u00e9s Technol\u00f3giai Miniszt\u00e9rium (ITM)&nbsp;k\u00f6zlem\u00e9nye szerint az &#8222;\u00d6nfoglalkoztat\u00f3k kompenz\u00e1ci\u00f3s t\u00e1mogat\u00e1s\u00e1ban&#8221; f\u0151k\u00e9nt azok a kiskereskedelemben, turizmus-vend\u00e9gl\u00e1t\u00e1sban, sz\u00e1ll\u00e1shely-szolg\u00e1ltat\u00e1sban vagy szabadid\u0151-\u00e1gazatokban tev\u00e9kenyked\u0151 v\u00e1llalkoz\u00f3k r\u00e9szes\u00fclhetnek, akik alkalmazottak h\u00edj\u00e1n nem tudtak \u00e1gazati b\u00e9rt\u00e1mogat\u00e1sra p\u00e1ly\u00e1zni. Az egyszer\u0171en kit\u00f6lthet\u0151, egyoldalas k\u00e9relem hamarosan el\u00e9rhet\u0151 lesz a korm\u00e1nyzati honlapon \u00e9s a <a href=\"https:\/\/munka.hu\/\" target=\"_blank\" rel=\"noopener\">munka.hu<\/a> oldalon. Az ig\u00e9nyl\u00e9seket a j\u00e1r\u00e1si hivatalok foglalkoztat\u00e1si oszt\u00e1lyaira lehet beny\u00fajtani a vesz\u00e9lyhelyzet megsz\u0171n\u00e9s\u00e9ig.<br \/>\n&nbsp; &nbsp;<\/p>","protected":false},"excerpt":{"rendered":"<p>A korm\u00e1ny egyszeri, 219 ezer forintos t\u00e1mogat\u00e1st ny\u00fajt azoknak az \u00f6nfoglalkoztat\u00f3knak,\u00a0akik alkalmazott h\u00edj\u00e1n nem voltak jogosultak az \u00e1gazati b\u00e9rt\u00e1mogat\u00e1sra, de a vesz\u00e9lyhelyzeti korl\u00e1toz\u00e1sokkal \u00e9rintett tev\u00e9kenys\u00e9gek valamelyik\u00e9t folytatt\u00e1k. A k\u00e9relem hamarosan let\u00f6lthet\u0151 lesz a munka.hu oldalon.<\/p>","protected":false},"author":8,"featured_media":0,"comment_status":"","ping_status":"","sticky":false,"template":"","format":"standard","meta":{"_acf_changed":false,"_seopress_robots_primary_cat":"","_seopress_titles_title":"","_seopress_titles_desc":"","_seopress_robots_index":"","site-sidebar-layout":"default","site-content-layout":"","ast-site-content-layout":"default","site-content-style":"default","site-sidebar-style":"default","ast-global-header-display":"","ast-banner-title-visibility":"","ast-main-header-display":"","ast-hfb-above-header-display":"","ast-hfb-below-header-display":"","ast-hfb-mobile-header-display":"","site-post-title":"","ast-breadcrumbs-content":"","ast-featured-img":"","footer-sml-layout":"","ast-disable-related-posts":"","theme-transparent-header-meta":"","adv-header-id-meta":"","stick-header-meta":"","header-above-stick-meta":"","header-main-stick-meta":"","header-below-stick-meta":"","astra-migrate-meta-layouts":"default","ast-page-background-enabled":"default","ast-page-background-meta":{"desktop":{"background-color":"","background-image":"","background-repeat":"repeat","background-position":"center center","background-size":"auto","background-attachment":"scroll","background-type":"","background-media":"","overlay-type":"","overlay-color":"","overlay-opacity":"","overlay-gradient":""},"tablet":{"background-color":"","background-image":"","background-repeat":"repeat","background-position":"center center","background-size":"auto","background-attachment":"scroll","background-type":"","background-media":"","overlay-type":"","overlay-color":"","overlay-opacity":"","overlay-gradient":""},"mobile":{"background-color":"","background-image":"","background-repeat":"repeat","background-position":"center center","background-size":"auto","background-attachment":"scroll","background-type":"","background-media":"","overlay-type":"","overlay-color":"","overlay-opacity":"","overlay-gradient":""}},"ast-content-background-meta":{"desktop":{"background-color":"var(--ast-global-color-5)","background-image":"","background-repeat":"repeat","background-position":"center center","background-size":"auto","background-attachment":"scroll","background-type":"","background-media":"","overlay-type":"","overlay-color":"","overlay-opacity":"","overlay-gradient":""},"tablet":{"background-color":"var(--ast-global-color-5)","background-image":"","background-repeat":"repeat","background-position":"center center","background-size":"auto","background-attachment":"scroll","background-type":"","background-media":"","overlay-type":"","overlay-color":"","overlay-opacity":"","overlay-gradient":""},"mobile":{"background-color":"var(--ast-global-color-5)","background-image":"","background-repeat":"repeat","background-position":"center center","background-size":"auto","background-attachment":"scroll","background-type":"","background-media":"","overlay-type":"","overlay-color":"","overlay-opacity":"","overlay-gradient":""}},"footnotes":""},"categories":[1],"cikk_cimkek":[104,15],"content_flags":[],"content_icons":[],"class_list":["post-15491","post","type-post","status-publish","format-standard","hentry","category-erdmost","cikk_cimkek-koronavirus","cikk_cimkek-kozelet"],"acf":[],"_links":{"self":[{"href":"https:\/\/erdmost.hu\/en\/wp-json\/wp\/v2\/posts\/15491","targetHints":{"allow":["GET"]}}],"collection":[{"href":"https:\/\/erdmost.hu\/en\/wp-json\/wp\/v2\/posts"}],"about":[{"href":"https:\/\/erdmost.hu\/en\/wp-json\/wp\/v2\/types\/post"}],"author":[{"embeddable":true,"href":"https:\/\/erdmost.hu\/en\/wp-json\/wp\/v2\/users\/8"}],"replies":[{"embeddable":true,"href":"https:\/\/erdmost.hu\/en\/wp-json\/wp\/v2\/comments?post=15491"}],"version-history":[{"count":0,"href":"https:\/\/erdmost.hu\/en\/wp-json\/wp\/v2\/posts\/15491\/revisions"}],"wp:attachment":[{"href":"https:\/\/erdmost.hu\/en\/wp-json\/wp\/v2\/media?parent=15491"}],"wp:term":[{"taxonomy":"category","embeddable":true,"href":"https:\/\/erdmost.hu\/en\/wp-json\/wp\/v2\/categories?post=15491"},{"taxonomy":"cikk_cimkek","embeddable":true,"href":"https:\/\/erdmost.hu\/en\/wp-json\/wp\/v2\/cikk_cimkek?post=15491"},{"taxonomy":"content_flags","embeddable":true,"href":"https:\/\/erdmost.hu\/en\/wp-json\/wp\/v2\/content_flags?post=15491"},{"taxonomy":"content_icons","embeddable":true,"href":"https:\/\/erdmost.hu\/en\/wp-json\/wp\/v2\/content_icons?post=15491"}],"curies":[{"name":"wp","href":"https:\/\/api.w.org\/{rel}","templated":true}]}}