{"id":1512,"date":"2019-02-03T12:45:47","date_gmt":"2019-02-03T12:45:47","guid":{"rendered":"https:\/\/wp.erdmost.hu\/2019\/02\/03\/erd-fiatalok-varosa-nagyszeru-lehetosegekkel\/"},"modified":"2019-02-03T12:45:47","modified_gmt":"2019-02-03T12:45:47","slug":"erd-fiatalok-varosa-nagyszeru-lehetosegekkel","status":"publish","type":"post","link":"https:\/\/erdmost.hu\/en\/2019\/02\/03\/erd-fiatalok-varosa-nagyszeru-lehetosegekkel\/","title":{"rendered":"\u00c9rd a fiatalok v\u00e1rosa, nagyszer\u0171 lehet\u0151s\u00e9gekkel"},"content":{"rendered":"<p>T. M\u00e9sz\u00e1ros Andr\u00e1s a <a href=\"http:\/\/budapestkornyeke.hu\/erd-a-fiatalok-varosa-nagyszeru-lehetosegekkel-exkluziv-interju-t-meszaros-andras-polgarmesterrel\/\">BudaPestk\u00f6rny\u00e9ke.hu-nak adott interj\u00faj\u00e1ban<\/a> els\u0151k\u00e9nt a v\u00e1ros dinamikus n\u00f6veked\u00e9s\u00e9r\u0151l besz\u00e9lt. Mint elmondta: minden \u00e9vben 1000-1300 ember k\u00f6lt\u00f6zik \u00c9rdre; az 1990-ben m\u00e9g 40 ezres v\u00e1ros most 70 ezres; h\u00e9tk\u00f6znaponk\u00e9nt a helyi munkak\u00e9pes lakoss\u00e1g 90 sz\u00e1zal\u00e9ka \u2013 mintegy harmincezer ember \u2013 a f\u0151v\u00e1rosba j\u00e1r dolgozni. Hogy ez ne \u00edgy legyen, ahhoz \u00faj munkahelyekre van sz\u00fcks\u00e9g \u2013 ez\u00e9rt is mer\u00fclt fel els\u0151 ig\u00e9nyk\u00e9nt egy \u00e9rdi ipari park l\u00e9trehoz\u00e1sa 2015-ben, mikor a Modern V\u00e1rosok Programr\u00f3l t\u00e1rgyalt a v\u00e1rosvezet\u00e9s Orb\u00e1n Viktor minisztereln\u00f6kkel. Az \u00faj munkahelyek teremt\u00e9s\u00e9vel a szolg\u00e1ltat\u00f3ipar is gyorsan fejl\u0151dni kezdene \u00c9rden.<\/p>\n<p>\u2013 &nbsp;Ha az ipari parkban l\u00e9tre tudunk hozni 15 ezer \u00faj munkahelyet, akkor a sz\u00e1m\u00edt\u00e1saink szerint m\u00e9g 5000 ezer m\u00e1sik szolg\u00e1ltat\u00f3i munkahely is l\u00e9trej\u00f6n \u2013 hangs\u00falyozta az interj\u00faban T. M\u00e9sz\u00e1ros Andr\u00e1s, aki \u00fagy l\u00e1tja, az ing\u00e1z\u00f3k sz\u00e1ma ak\u00e1r h\u00faszezerrel is cs\u00f6kkenthet\u0151 lenne. Emellett az ipari park l\u00e9trej\u00f6tt\u00e9vel a v\u00e1rosnak olyan gazdas\u00e1gi forr\u00e1sa is teremt\u0151dne, amelyb\u0151l fejleszteni lehetne \u00c9rdet. R\u00e1ad\u00e1sul, ha kevesebb az ing\u00e1z\u00f3, \u00e9s cs\u00f6kkenni fognak a k\u00f6zleked\u00e9si dug\u00f3k is.<\/p>\n<p>T. M\u00e9sz\u00e1ros Andr\u00e1s kit\u00e9rt arra is, hogy tizen\u00f6t \u00e9ve \u00c9rd m\u00e9g alv\u00f3v\u00e1ros volt; 2006 \u00f3ta, az \u00faj v\u00e1rosvezet\u00e9s alatt teljesen csatorn\u00e1zott\u00e1 v\u00e1lt a telep\u00fcl\u00e9s, elindult a v\u00edzelvezet\u00e9s ki\u00e9p\u00edt\u00e9se, a f\u0151 k\u00f6zleked\u00e9si \u00fatvonalak fel\u00faj\u00edt\u00e1sa, iskol\u00e1k, \u00f3vod\u00e1s \u00e9p\u00fcltek, teljes k\u00f6r\u0171en fel\u00faj\u00edtott\u00e1k az eg\u00e9szs\u00e9g\u00fcgyi int\u00e9zm\u00e9nyeket, \u00e9s m\u00e9g 50 kilom\u00e9ter \u00faj utat is tudtak \u00e9p\u00edteni.<\/p>\n<p>Mivel \u00c9rden az \u00e1tlag\u00e9letkor negyven \u00e9v alatt van, teh\u00e1t sok a gyermek, a Modern V\u00e1rosok Program keret\u00e9ben rendelkez\u00e9sre \u00e1ll\u00f3 t\u00f6bb mint negyven milli\u00e1rd forint k\u00e9tharmad\u00e1t \u00faj \u00f3vod\u00e1kra, illetve a r\u00e9giek fel\u00faj\u00edt\u00e1s\u00e1ra valamint \u00e1ltal\u00e1nos \u00e9s k\u00f6z\u00e9piskol\u00e1k \u00e9p\u00edt\u00e9s\u00e9re k\u00f6lti a v\u00e1ros. Az iskolaprojekteknek most folyik a k\u00f6zbeszerz\u00e9se. Mint elmondta, azt szeretn\u00e9k, ha az egyik \u00fajonnan l\u00e9tes\u00fcl\u0151 k\u00f6z\u00e9piskol\u00e1t a katolikus, a m\u00e1sikat a reform\u00e1tus egyh\u00e1z m\u0171k\u00f6dtetn\u00e9 \u2013 mindkett\u0151vel megsz\u00fcletett m\u00e1r a meg\u00e1llapod\u00e1s. A m\u00e1sik k\u00e9t gimn\u00e1ziumban, a V\u00f6r\u00f6smartyban \u00e9s a G\u00e1rdonyiban is lesznek fejleszt\u00e9sek, \u00e9s a K\u00f3s szakk\u00e9pz\u0151 iskola moderniz\u00e1l\u00e1sa is hamarosan megt\u00f6rt\u00e9nik.<\/p>\n<p>Arra a k\u00e9rd\u00e9sre, mikor kaphatnak aszfaltot az \u00e9rdi utc\u00e1k, T. M\u00e9sz\u00e1ros Andr\u00e1s \u00fagy v\u00e1laszolt: ez nem id\u0151pont, hanem p\u00e9nz k\u00e9rd\u00e9se. Hozz\u00e1tette: ha az ipari park megval\u00f3sulhatna (ehhez 40 hekt\u00e1r ter\u00fclet m\u00e1r megvan, de m\u00e9g k\u00e9tsz\u00e1z hekt\u00e1rra sz\u00fcks\u00e9g volna), akkor a befoly\u00f3 ipar\u0171z\u00e9si ad\u00f3kb\u00f3l leaszfaltoztathatn\u00e1 a v\u00e1ros az utc\u00e1kat.<\/p>\n<p>A polg\u00e1rmester az el\u0151v\u00e1rosi k\u00f6z\u00f6ss\u00e9gi k\u00f6zleked\u00e9sr\u0151l is sz\u00f3t ejtett: mint mondta, az el\u0151v\u00e1rosi vas\u00fatfejleszt\u00e9s nagyon sokat jelent az \u00e9rdieknek, ugyanakkor a k\u00f6zleked\u00e9si rendszert felem\u00e1san fejlesztett\u00e9k.<\/p>\n<p>\u2013 Azt mondt\u00e1k, parkol\u00f3h\u00e1zat \u00e9p\u00edtsen az \u00f6nkorm\u00e1nyzat, de az \u00f6nkorm\u00e1nyzatnak nincs \u00e9s nem is volt arra p\u00e9nze, hogy egy nagy parkol\u00f3h\u00e1zat meg\u00e9p\u00edtsen. Ez\u00e9rt sincs egy\u00e9bk\u00e9nt \u00c9rden fizet\u0151s parkol\u00e1s, mert enyhe t\u00falz\u00e1ssal \u00e9lve: ha valaki leteszi az \u00e1rokparton az aut\u00f3j\u00e1t, az\u00e9rt a v\u00e9lem\u00e9nyem szerint nem szabad d\u00edjat szedn\u00fcnk \u2013 hangs\u00falyozta.<\/p>\n<p>T. M\u00e9sz\u00e1ros Andr\u00e1s besz\u00e9lt t\u00f6bb m\u00e1s fejleszt\u00e9sr\u0151l, t\u00f6bbek k\u00f6zt az \u00e9rdi v\u00e1rosliget (azaz a z\u00e1port\u00e1roz\u00f3 \u00e9s k\u00f6rny\u00e9ke) \u00e9p\u00edt\u00e9si munk\u00e1latair\u00f3l is. Mint elmondta, a t\u00f3rendszer kialak\u00edt\u00e1sa a k\u00f6r\u00fcl\u00f6tte l\u00e9v\u0151 rekre\u00e1ci\u00f3s ter\u00fclettel \u00e9s parkkal id\u00e9n \u0151szre lesz k\u00e9sz. A Duna-part fejleszt\u00e9s\u00e9vel kapcsolatban pedig azt hangs\u00falyozta: a r\u00e9gi t\u00e9glagy\u00e1r ter\u00fclet\u00e9t illet\u0151en a v\u00e1rosnak van egy nagy \u00edv\u0171, 25-30 milli\u00e1rd forint \u00e9rt\u00e9k\u0171 fejleszt\u00e9si koncepci\u00f3ja, ami jelenleg el\u0151k\u00e9sz\u00edt\u00e9si f\u00e1zisban van. A Duna-parton olyan komplex gy\u00f3gy\u00e1szati-sz\u00e9p\u00e9szeti-wellness k\u00f6zpont szeretn\u00e9nek kialak\u00edtani, amihez egy l\u00e1tv\u00e1nyos strand is kapcsol\u00f3dik. Az \u00f6nkorm\u00e1nyzatnak csak az infrastrukt\u00far\u00e1t kell biztos\u00edtani, a fejleszt\u00e9s mag\u00e1nt\u0151ke bevon\u00e1s\u00e1val val\u00f3sulna meg. Terveznek a foly\u00f3parti magasparton egy sz\u00e9p kil\u00e1t\u00f3t, \u00e9s az EUROVELO 6 program keret\u00e9ben ker\u00e9kp\u00e1r\u00fat is \u00e9p\u00fcl majd a Duna-parton.<\/p>","protected":false},"excerpt":{"rendered":"<p>Munkahelyteremt\u00e9s, ing\u00e1z\u00e1s, aszfaltoz\u00e1s, iskola\u00e9p\u00edt\u00e9s, Duna-parti fejleszt\u00e9s, v\u00e1rosliget \u2013 t\u00f6bbek k\u00f6zt ezekr\u0151l a t\u00e9rm\u00e1kr\u00f3l besz\u00e9lt T. M\u00e9sz\u00e1ros Andr\u00e1s polg\u00e1rmester a BudaPestk\u00f6rny\u00e9ke.hu h\u00edrport\u00e1lnak. A szombaton megjelent interj\u00fa \u00f6sszefoglal\u00f3j\u00e1t olvashatj\u00e1k. <\/p>","protected":false},"author":5,"featured_media":0,"comment_status":"","ping_status":"","sticky":false,"template":"","format":"standard","meta":{"_acf_changed":false,"_seopress_robots_primary_cat":"","_seopress_titles_title":"","_seopress_titles_desc":"","_seopress_robots_index":"","site-sidebar-layout":"default","site-content-layout":"","ast-site-content-layout":"default","site-content-style":"default","site-sidebar-style":"default","ast-global-header-display":"","ast-banner-title-visibility":"","ast-main-header-display":"","ast-hfb-above-header-display":"","ast-hfb-below-header-display":"","ast-hfb-mobile-header-display":"","site-post-title":"","ast-breadcrumbs-content":"","ast-featured-img":"","footer-sml-layout":"","ast-disable-related-posts":"","theme-transparent-header-meta":"","adv-header-id-meta":"","stick-header-meta":"","header-above-stick-meta":"","header-main-stick-meta":"","header-below-stick-meta":"","astra-migrate-meta-layouts":"default","ast-page-background-enabled":"default","ast-page-background-meta":{"desktop":{"background-color":"","background-image":"","background-repeat":"repeat","background-position":"center center","background-size":"auto","background-attachment":"scroll","background-type":"","background-media":"","overlay-type":"","overlay-color":"","overlay-opacity":"","overlay-gradient":""},"tablet":{"background-color":"","background-image":"","background-repeat":"repeat","background-position":"center center","background-size":"auto","background-attachment":"scroll","background-type":"","background-media":"","overlay-type":"","overlay-color":"","overlay-opacity":"","overlay-gradient":""},"mobile":{"background-color":"","background-image":"","background-repeat":"repeat","background-position":"center center","background-size":"auto","background-attachment":"scroll","background-type":"","background-media":"","overlay-type":"","overlay-color":"","overlay-opacity":"","overlay-gradient":""}},"ast-content-background-meta":{"desktop":{"background-color":"var(--ast-global-color-5)","background-image":"","background-repeat":"repeat","background-position":"center center","background-size":"auto","background-attachment":"scroll","background-type":"","background-media":"","overlay-type":"","overlay-color":"","overlay-opacity":"","overlay-gradient":""},"tablet":{"background-color":"var(--ast-global-color-5)","background-image":"","background-repeat":"repeat","background-position":"center center","background-size":"auto","background-attachment":"scroll","background-type":"","background-media":"","overlay-type":"","overlay-color":"","overlay-opacity":"","overlay-gradient":""},"mobile":{"background-color":"var(--ast-global-color-5)","background-image":"","background-repeat":"repeat","background-position":"center center","background-size":"auto","background-attachment":"scroll","background-type":"","background-media":"","overlay-type":"","overlay-color":"","overlay-opacity":"","overlay-gradient":""}},"footnotes":""},"categories":[1],"cikk_cimkek":[15],"content_flags":[349,348],"content_icons":[],"class_list":["post-1512","post","type-post","status-publish","format-standard","hentry","category-erdmost","cikk_cimkek-kozelet","content_flags-fontos","content_flags-top"],"acf":[],"_links":{"self":[{"href":"https:\/\/erdmost.hu\/en\/wp-json\/wp\/v2\/posts\/1512","targetHints":{"allow":["GET"]}}],"collection":[{"href":"https:\/\/erdmost.hu\/en\/wp-json\/wp\/v2\/posts"}],"about":[{"href":"https:\/\/erdmost.hu\/en\/wp-json\/wp\/v2\/types\/post"}],"author":[{"embeddable":true,"href":"https:\/\/erdmost.hu\/en\/wp-json\/wp\/v2\/users\/5"}],"replies":[{"embeddable":true,"href":"https:\/\/erdmost.hu\/en\/wp-json\/wp\/v2\/comments?post=1512"}],"version-history":[{"count":0,"href":"https:\/\/erdmost.hu\/en\/wp-json\/wp\/v2\/posts\/1512\/revisions"}],"wp:attachment":[{"href":"https:\/\/erdmost.hu\/en\/wp-json\/wp\/v2\/media?parent=1512"}],"wp:term":[{"taxonomy":"category","embeddable":true,"href":"https:\/\/erdmost.hu\/en\/wp-json\/wp\/v2\/categories?post=1512"},{"taxonomy":"cikk_cimkek","embeddable":true,"href":"https:\/\/erdmost.hu\/en\/wp-json\/wp\/v2\/cikk_cimkek?post=1512"},{"taxonomy":"content_flags","embeddable":true,"href":"https:\/\/erdmost.hu\/en\/wp-json\/wp\/v2\/content_flags?post=1512"},{"taxonomy":"content_icons","embeddable":true,"href":"https:\/\/erdmost.hu\/en\/wp-json\/wp\/v2\/content_icons?post=1512"}],"curies":[{"name":"wp","href":"https:\/\/api.w.org\/{rel}","templated":true}]}}