{"id":1481,"date":"2019-01-31T13:14:49","date_gmt":"2019-01-31T13:14:49","guid":{"rendered":"https:\/\/wp.erdmost.hu\/2019\/01\/31\/cselgancs-igeretesen-kezdtek-az-evet\/"},"modified":"2019-01-31T13:14:49","modified_gmt":"2019-01-31T13:14:49","slug":"cselgancs-igeretesen-kezdtek-az-evet","status":"publish","type":"post","link":"https:\/\/erdmost.hu\/en\/2019\/01\/31\/cselgancs-igeretesen-kezdtek-az-evet\/","title":{"rendered":"Cselg\u00e1ncs: \u00edg\u00e9retesen kezdt\u00e9k az \u00e9vet"},"content":{"rendered":"<p>Hajdu Ilang a 48 kilogrammos l\u00e1nyok verseny\u00e9n a nyolc k\u00f6z\u00f6tt kapcsol\u00f3dott a k\u00fczdelmekbe. Els\u0151 k\u00f6rben a miskolci Kis-T\u00f6r\u0151 Angelika legy\u0151z\u00e9s\u00e9vel jutott a n\u00e9gy k\u00f6z\u00e9, ahol az \u00fajpesti Szl\u00e1dovics Patr\u00edci\u00e1t is fel\u00fclm\u00falta, a d\u00f6nt\u0151ben pedig a szint\u00e9n UTE-s Bogn\u00e1r Inezt gy\u0151zte le \u00e9s lett arany\u00e9rmes.<\/p>\n<p>Az 57 kil\u00f3sokn\u00e1l ketten voltak \u00e9rdekeltek a di\u00f3sdi \u00e9s \u00e9rdi csapatb\u00f3l. Bodor S\u00e1ra els\u0151 meccs\u00e9n kikapott, m\u00edg B\u00fcki Vikt\u00f3ria az el\u0151d\u00f6nt\u0151ben szenvedett veres\u00e9get. Bodor a vigasz\u00e1gon aratott k\u00e9t siker\u00e9vel v\u00e9g\u00fcl bronz\u00e9rmes lett, igaz, a kisd\u00f6nt\u0151ben \u00e9pp csapatt\u00e1rs\u00e1t, az \u00edgy \u00f6t\u00f6dik helyezett B\u00fckit gy\u0151zte le.<\/p>\n<p>A 63 kilogrammosok verseny\u00e9ben a m\u00e9g csak serd\u00fcl\u0151kor\u00fa Kov\u00e1cs Bogl\u00e1rka az el\u0151d\u00f6nt\u0151ben a BHSE-s Vit Lilit verte, de a d\u00f6nt\u0151ben kikapott a szatymazi Sipos Dorin\u00e1t\u00f3l, s m\u00e1sodikk\u00e9nt v\u00e9gzett.<\/p>\n<p>D\u00e1vid \u00c9va a n\u00e9gy indul\u00f3t felvonultat\u00f3 70 kilogrammos mez\u0151nyben mindh\u00e1rom csoportm\u00e9rk\u0151z\u00e9s\u00e9t elvesz\u00edtette, v\u00e9g\u00fcl a negyedik helyet szerezte meg.<\/p>\n<p>Az egyetlen fi\u00fa versenyz\u0151 a 90+ kil\u00f3sok verseny\u00e9ben Kurdi Benedek volt, aki \u00f6tf\u0151s csoportj\u00e1ban egy gy\u0151zelem mellett h\u00e1romszor kapott ki, s lett negyedik.<\/p>\n<p><strong>Ifj\u00fas\u00e1gi v\u00e1logat\u00f3 verseny, Gy\u0151r<\/strong><br \/>\nHajdu Ilang (48 kg) 1. hely<br \/>\nBodor S\u00e1ra (57 kg) 3.<br \/>\nB\u00fcki Vikt\u00f3ria (57 kg) 5.<br \/>\nKov\u00e1cs Bogl\u00e1rka (63 kg) 2. hely<br \/>\nD\u00e1vid \u00c9va (70 kg) 4.<br \/>\nKurdi Benedek (90+ kg) 4.<\/p>","protected":false},"excerpt":{"rendered":"<p>Hat cselg\u00e1ncsoz\u00f3val vett r\u00e9szt 2019 els\u0151 verseny\u00e9n, az ifj\u00fas\u00e1gi koroszt\u00e1ly sz\u00e1m\u00e1ra rendezett gy\u0151ri v\u00e1logat\u00f3versenyen a Di\u00f3sdi DSE \u00e9s \u00c9rdi JC, amelynek versenyz\u0151i h\u00e1romszor is dobog\u00f3ra \u00e1llhattak.<\/p>","protected":false},"author":8,"featured_media":0,"comment_status":"","ping_status":"","sticky":false,"template":"","format":"standard","meta":{"_acf_changed":false,"_seopress_robots_primary_cat":"","_seopress_titles_title":"","_seopress_titles_desc":"","_seopress_robots_index":"","site-sidebar-layout":"default","site-content-layout":"","ast-site-content-layout":"default","site-content-style":"default","site-sidebar-style":"default","ast-global-header-display":"","ast-banner-title-visibility":"","ast-main-header-display":"","ast-hfb-above-header-display":"","ast-hfb-below-header-display":"","ast-hfb-mobile-header-display":"","site-post-title":"","ast-breadcrumbs-content":"","ast-featured-img":"","footer-sml-layout":"","ast-disable-related-posts":"","theme-transparent-header-meta":"","adv-header-id-meta":"","stick-header-meta":"","header-above-stick-meta":"","header-main-stick-meta":"","header-below-stick-meta":"","astra-migrate-meta-layouts":"default","ast-page-background-enabled":"default","ast-page-background-meta":{"desktop":{"background-color":"","background-image":"","background-repeat":"repeat","background-position":"center center","background-size":"auto","background-attachment":"scroll","background-type":"","background-media":"","overlay-type":"","overlay-color":"","overlay-opacity":"","overlay-gradient":""},"tablet":{"background-color":"","background-image":"","background-repeat":"repeat","background-position":"center center","background-size":"auto","background-attachment":"scroll","background-type":"","background-media":"","overlay-type":"","overlay-color":"","overlay-opacity":"","overlay-gradient":""},"mobile":{"background-color":"","background-image":"","background-repeat":"repeat","background-position":"center center","background-size":"auto","background-attachment":"scroll","background-type":"","background-media":"","overlay-type":"","overlay-color":"","overlay-opacity":"","overlay-gradient":""}},"ast-content-background-meta":{"desktop":{"background-color":"var(--ast-global-color-5)","background-image":"","background-repeat":"repeat","background-position":"center center","background-size":"auto","background-attachment":"scroll","background-type":"","background-media":"","overlay-type":"","overlay-color":"","overlay-opacity":"","overlay-gradient":""},"tablet":{"background-color":"var(--ast-global-color-5)","background-image":"","background-repeat":"repeat","background-position":"center center","background-size":"auto","background-attachment":"scroll","background-type":"","background-media":"","overlay-type":"","overlay-color":"","overlay-opacity":"","overlay-gradient":""},"mobile":{"background-color":"var(--ast-global-color-5)","background-image":"","background-repeat":"repeat","background-position":"center center","background-size":"auto","background-attachment":"scroll","background-type":"","background-media":"","overlay-type":"","overlay-color":"","overlay-opacity":"","overlay-gradient":""}},"footnotes":""},"categories":[1],"cikk_cimkek":[57,9],"content_flags":[],"content_icons":[],"class_list":["post-1481","post","type-post","status-publish","format-standard","hentry","category-erdmost","cikk_cimkek-cselgancs","cikk_cimkek-sport"],"acf":[],"_links":{"self":[{"href":"https:\/\/erdmost.hu\/en\/wp-json\/wp\/v2\/posts\/1481","targetHints":{"allow":["GET"]}}],"collection":[{"href":"https:\/\/erdmost.hu\/en\/wp-json\/wp\/v2\/posts"}],"about":[{"href":"https:\/\/erdmost.hu\/en\/wp-json\/wp\/v2\/types\/post"}],"author":[{"embeddable":true,"href":"https:\/\/erdmost.hu\/en\/wp-json\/wp\/v2\/users\/8"}],"replies":[{"embeddable":true,"href":"https:\/\/erdmost.hu\/en\/wp-json\/wp\/v2\/comments?post=1481"}],"version-history":[{"count":0,"href":"https:\/\/erdmost.hu\/en\/wp-json\/wp\/v2\/posts\/1481\/revisions"}],"wp:attachment":[{"href":"https:\/\/erdmost.hu\/en\/wp-json\/wp\/v2\/media?parent=1481"}],"wp:term":[{"taxonomy":"category","embeddable":true,"href":"https:\/\/erdmost.hu\/en\/wp-json\/wp\/v2\/categories?post=1481"},{"taxonomy":"cikk_cimkek","embeddable":true,"href":"https:\/\/erdmost.hu\/en\/wp-json\/wp\/v2\/cikk_cimkek?post=1481"},{"taxonomy":"content_flags","embeddable":true,"href":"https:\/\/erdmost.hu\/en\/wp-json\/wp\/v2\/content_flags?post=1481"},{"taxonomy":"content_icons","embeddable":true,"href":"https:\/\/erdmost.hu\/en\/wp-json\/wp\/v2\/content_icons?post=1481"}],"curies":[{"name":"wp","href":"https:\/\/api.w.org\/{rel}","templated":true}]}}