{"id":14531,"date":"2021-05-06T14:32:00","date_gmt":"2021-05-06T14:32:00","guid":{"rendered":"https:\/\/wp.erdmost.hu\/2021\/05\/06\/777-millio-erdnek\/"},"modified":"2022-03-01T21:50:47","modified_gmt":"2022-03-01T21:50:47","slug":"777-millio-erdnek","status":"publish","type":"post","link":"https:\/\/erdmost.hu\/en\/2021\/05\/06\/777-millio-erdnek\/","title":{"rendered":"777 milli\u00f3 \u00c9rdnek?"},"content":{"rendered":"<p>A Magyar K\u00f6zl\u00f6nyben ugyan m\u00e9g nem jelent meg, \u00edgy nem hivatalos forr\u00e1sokb\u00f3l az Erdmost \u00fagy \u00e9rtes\u00fclt, hogy \u00c9rd is r\u00e9szes\u00fclhet a&nbsp;25000 lakost meghalad\u00f3 l\u00e9leksz\u00e1m\u00fa telep\u00fcl\u00e9seknek \u00edg\u00e9rt kompenz\u00e1ci\u00f3b\u00f3l, vagyis 777&nbsp;milli\u00f3 Ft-hoz juthatna a v\u00e1ros. Ez az \u00f6sszeg azonban nem oldan\u00e1 meg a v\u00e1ros gondjait, el\u00e9g csak az eddig elvont 4 milli\u00e1rd Ft-os elvon\u00e1sra gondolni, r\u00e1ad\u00e1sul m\u00e9g a tavalyi 700 milli\u00f3 Ft sem \u00e9rkezett meg. Aradszki Andr\u00e1s orsz\u00e1ggy\u0171l\u00e9si k\u00e9pvisel\u0151 szerd\u00e1n adott <a href=\"https:\/\/erdmost.hu\/en\/2021\/05\/05\/aradszki-szerint-kisebb-hiany-mint-mondjak\/\" target=\"_blank\" rel=\"noopener\">interj\u00fat az \u00c9rd Tv-nek<\/a>, akkor azonban ezt m\u00e9g nem eml\u00edtette.<\/p>\n<p>Cs\u0151zik L\u00e1szl\u00f3 polg\u00e1rmester az elm\u00falt id\u0151szakban t\u00f6bb alkalommal <a href=\"https:\/\/erdmost.hu\/en\/cikk\/rendesen-megizzasztottak\/?fbclid=IwAR01bjutYAx4wN3XWsvzAJIYIOvpAZgRlS8dQQKXMujwh3KAWqvXlrHJRVI\" target=\"_blank\" rel=\"noopener\">besz\u00e9lt az elvon\u00e1sokr\u00f3l<\/a>: &#8221;&nbsp;a v\u00e1ros hi\u00e1nya 4 milli\u00e1rd forint, enn\u00e9l jelent\u0151sen alacsonyabb kompenz\u00e1ci\u00f3t nem tud elfogadni, mert annak int\u00e9zm\u00e9nyek, illetve a v\u00e1rosi sportt\u00e1mogat\u00e1s l\u00e1tn\u00e1 k\u00e1r\u00e1t.&#8221;&nbsp;Cs\u0151zik itt arr\u00f3l is <a href=\"https:\/\/erdmost.hu\/en\/cikk\/erd-jovoje-most-fog-eldolni\/?fbclid=IwAR1e-Vmb-8oqYp3-kUJvwu46w_bcC6h0FbsSFVauD4zfRyV1qz67WwI2p2Q\" target=\"_blank\" rel=\"noopener\">besz\u00e9lt<\/a>, hogy 2,7 milli\u00e1rd forintos t\u00e1mogat\u00e1si k\u00e9relmet ny\u00fajtott&nbsp;be a v\u00e1ros \u00f6nkorm\u00e1nyzata nev\u00e9ben a korm\u00e1ny fel\u00e9 &#8211; erre&nbsp;az \u00f6sszegre lenne sz\u00fcks\u00e9g ahhoz, hogy fenntarts\u00e1k az \u00f6nkorm\u00e1nyzati szolg\u00e1ltat\u00e1sok sz\u00ednvonal\u00e1t, \u00e9s a minim\u00e1lis fejleszt\u00e9sek megval\u00f3suljanak. A polg\u00e1rmester kor\u00e1bbi interj\u00faj\u00e1ban arra is <a href=\"https:\/\/erdmost.hu\/en\/cikk\/nem-dolt-meg-el-semmi\/?fbclid=IwAR2njqlfwkaNp_PKlMZXQFjQ28YrMmfB1_C3CqgTCLblNVi-vmcy3ODQklU\" target=\"_blank\" rel=\"noopener\">kit\u00e9rt<\/a>, hogy&nbsp;2010 \u00f3ta \u00c9rd minden \u00e9vben k\u00f6zel egymilli\u00e1rd forintos m\u0171k\u00f6d\u00e9si t\u00e1mogat\u00e1st kapott a korm\u00e1nyt\u00f3l, hiszen a v\u00e1ros saj\u00e1t bev\u00e9telei \u00e9s a normat\u00edv\u00e1k nem fedezik a h\u00e9tk\u00f6znapos m\u0171k\u00f6dtet\u00e9s k\u00f6lts\u00e9geit sem, mert a lakoss\u00e1gsz\u00e1mhoz k\u00e9pest gyenge a helyi gazdas\u00e1g, amely miatt mank\u00f3ra szorult a v\u00e1rosvezet\u00e9s. Hozz\u00e1tette, a t\u00e1mogat\u00e1si folyamat az el\u0151z\u0151 \u00e9vben megszakadt. B\u00e1r a v\u00edzik\u00f6zm\u0171 szolg\u00e1ltat\u00f3 t\u0151keemel\u00e9s\u00e9re \u00c9rd kapott 211 milli\u00f3 forintot, akkor m\u00e1s megyei jog\u00fa v\u00e1rosok 1,38 milli\u00e1rd forintos t\u00e1mogat\u00e1st kaptak. Kifejtette, a 2020-as \u00e9vre van az \u00f6nkorm\u00e1nyzatnak egy egymilli\u00e1rd forintos ig\u00e9nye \u00e9s egy \u00fajabb egymilli\u00e1rd a 2021-es \u00e9vre, ezen k\u00edv\u00fcl pedig van egy m\u00e1sf\u00e9l milli\u00e1rd forintos bev\u00e9telkies\u00e9s\u00fck az ipar\u0171z\u00e9si ad\u00f3 frontj\u00e1n.&nbsp;<\/p>\n<p>Inform\u00e1ci\u00f3nk szerint a budapesti ker\u00fcleteknek nem j\u00e1r p\u00e9nz, erre a d\u00f6nt\u00e9sre k\u00f6z\u00f6ss\u00e9gi oldal\u00e1n reag\u00e1lt&nbsp;Kar\u00e1csony Gergely budapesti f\u0151polg\u00e1rmester is: &#8222;a&nbsp;korm\u00e1ny ism\u00e9t nem \u00e1llta a szav\u00e1t, ugyanis amikor a korm\u00e1ny elvette a helyi ipar\u0171z\u00e9si ad\u00f3nak a fel\u00e9t, \u201eakkor m\u00e9g \u00e9rdemi kompenz\u00e1ci\u00f3r\u00f3l \u00e9s \u00e9rdemi egyeztet\u00e9sekr\u0151l volt sz\u00f3. Egyik sem lett.\u201d&nbsp; A f\u0151polg\u00e1rmester szerint a mostani korm\u00e1nyd\u00f6nt\u00e9sr\u0151l a helyi Fidesz-szervezetek el\u0151bb \u00e9rtes\u00fcltek, mint a megv\u00e1lasztott ellenz\u00e9ki polg\u00e1rmesterek, \u00e9s felid\u00e9zte azt is, hogy tavaly \u00e9v v\u00e9g\u00e9n a korm\u00e1nyp\u00e1rti telep\u00fcl\u00e9sek t\u00f6bb mint 15 milli\u00e1rd forint t\u00e1mogat\u00e1st m\u00e1r kaptak, az ellenz\u00e9kiek viszont akkor semmit.<\/p>","protected":false},"excerpt":{"rendered":"<p>Nem hivatalos forr\u00e1sokb\u00f3l \u00fagy \u00e9rtes\u00fclt\u00fcnk, hogy \u00c9rd is r\u00e9szes\u00fclhet a 25000 lakost meghalad\u00f3 l\u00e9leksz\u00e1m\u00fa telep\u00fcl\u00e9seknek \u00edg\u00e9rt t\u00f6bb sz\u00e1z milli\u00f3 forintos kompenz\u00e1ci\u00f3b\u00f3l.<\/p>","protected":false},"author":8,"featured_media":0,"comment_status":"closed","ping_status":"","sticky":false,"template":"","format":"standard","meta":{"_acf_changed":false,"_seopress_robots_primary_cat":"","_seopress_titles_title":"","_seopress_titles_desc":"","_seopress_robots_index":"","site-sidebar-layout":"default","site-content-layout":"","ast-site-content-layout":"default","site-content-style":"default","site-sidebar-style":"default","ast-global-header-display":"","ast-banner-title-visibility":"","ast-main-header-display":"","ast-hfb-above-header-display":"","ast-hfb-below-header-display":"","ast-hfb-mobile-header-display":"","site-post-title":"","ast-breadcrumbs-content":"","ast-featured-img":"","footer-sml-layout":"","ast-disable-related-posts":"","theme-transparent-header-meta":"","adv-header-id-meta":"","stick-header-meta":"","header-above-stick-meta":"","header-main-stick-meta":"","header-below-stick-meta":"","astra-migrate-meta-layouts":"default","ast-page-background-enabled":"default","ast-page-background-meta":{"desktop":{"background-color":"","background-image":"","background-repeat":"repeat","background-position":"center center","background-size":"auto","background-attachment":"scroll","background-type":"","background-media":"","overlay-type":"","overlay-color":"","overlay-opacity":"","overlay-gradient":""},"tablet":{"background-color":"","background-image":"","background-repeat":"repeat","background-position":"center center","background-size":"auto","background-attachment":"scroll","background-type":"","background-media":"","overlay-type":"","overlay-color":"","overlay-opacity":"","overlay-gradient":""},"mobile":{"background-color":"","background-image":"","background-repeat":"repeat","background-position":"center center","background-size":"auto","background-attachment":"scroll","background-type":"","background-media":"","overlay-type":"","overlay-color":"","overlay-opacity":"","overlay-gradient":""}},"ast-content-background-meta":{"desktop":{"background-color":"var(--ast-global-color-5)","background-image":"","background-repeat":"repeat","background-position":"center center","background-size":"auto","background-attachment":"scroll","background-type":"","background-media":"","overlay-type":"","overlay-color":"","overlay-opacity":"","overlay-gradient":""},"tablet":{"background-color":"var(--ast-global-color-5)","background-image":"","background-repeat":"repeat","background-position":"center center","background-size":"auto","background-attachment":"scroll","background-type":"","background-media":"","overlay-type":"","overlay-color":"","overlay-opacity":"","overlay-gradient":""},"mobile":{"background-color":"var(--ast-global-color-5)","background-image":"","background-repeat":"repeat","background-position":"center center","background-size":"auto","background-attachment":"scroll","background-type":"","background-media":"","overlay-type":"","overlay-color":"","overlay-opacity":"","overlay-gradient":""}},"footnotes":""},"categories":[1],"cikk_cimkek":[15],"content_flags":[348],"content_icons":[],"class_list":["post-14531","post","type-post","status-publish","format-standard","hentry","category-erdmost","cikk_cimkek-kozelet","content_flags-top"],"acf":[],"_links":{"self":[{"href":"https:\/\/erdmost.hu\/en\/wp-json\/wp\/v2\/posts\/14531","targetHints":{"allow":["GET"]}}],"collection":[{"href":"https:\/\/erdmost.hu\/en\/wp-json\/wp\/v2\/posts"}],"about":[{"href":"https:\/\/erdmost.hu\/en\/wp-json\/wp\/v2\/types\/post"}],"author":[{"embeddable":true,"href":"https:\/\/erdmost.hu\/en\/wp-json\/wp\/v2\/users\/8"}],"replies":[{"embeddable":true,"href":"https:\/\/erdmost.hu\/en\/wp-json\/wp\/v2\/comments?post=14531"}],"version-history":[{"count":1,"href":"https:\/\/erdmost.hu\/en\/wp-json\/wp\/v2\/posts\/14531\/revisions"}],"predecessor-version":[{"id":29971,"href":"https:\/\/erdmost.hu\/en\/wp-json\/wp\/v2\/posts\/14531\/revisions\/29971"}],"wp:attachment":[{"href":"https:\/\/erdmost.hu\/en\/wp-json\/wp\/v2\/media?parent=14531"}],"wp:term":[{"taxonomy":"category","embeddable":true,"href":"https:\/\/erdmost.hu\/en\/wp-json\/wp\/v2\/categories?post=14531"},{"taxonomy":"cikk_cimkek","embeddable":true,"href":"https:\/\/erdmost.hu\/en\/wp-json\/wp\/v2\/cikk_cimkek?post=14531"},{"taxonomy":"content_flags","embeddable":true,"href":"https:\/\/erdmost.hu\/en\/wp-json\/wp\/v2\/content_flags?post=14531"},{"taxonomy":"content_icons","embeddable":true,"href":"https:\/\/erdmost.hu\/en\/wp-json\/wp\/v2\/content_icons?post=14531"}],"curies":[{"name":"wp","href":"https:\/\/api.w.org\/{rel}","templated":true}]}}