{"id":144581,"date":"2026-09-04T11:37:10","date_gmt":"2026-09-04T09:37:10","guid":{"rendered":"https:\/\/erdmost.hu\/?p=144581"},"modified":"2026-09-04T11:37:10","modified_gmt":"2026-09-04T09:37:10","slug":"penteken-este-hatalmas-buli-indul-erd-foteren","status":"publish","type":"post","link":"https:\/\/erdmost.hu\/en\/2026\/09\/04\/penteken-este-hatalmas-buli-indul-erd-foteren\/","title":{"rendered":"P\u00e9nteken este hatalmas buli indul \u00c9rd f\u0151ter\u00e9n"},"content":{"rendered":"<p dir=\"ltr\">Szeptember els\u0151 h\u00e9tv\u00e9g\u00e9j\u00e9n imm\u00e1r nyolcadik alkalommal tartj\u00e1k meg az \u00c9rdi Pikniket, amely mindig m\u00e1s-m\u00e1s tematika k\u00f6r\u00e9 \u00e9p\u00fcl. Legut\u00f3bb <a href=\"https:\/\/erdmost.hu\/en\/2026\/06\/10\/ismet-jon-az-erdi-piknik\/\" target=\"_blank\" rel=\"noopener\">egy f\u0151t\u00e9ri fieszt\u00e1val v\u00e1rt\u00e1k sz\u00f3rakozni v\u00e1gy\u00f3kat<\/a>, az el\u0151tt\u00fcnk \u00e1ll\u00f3 programot viszont UV Color Edition k\u00f6nt\u00f6sbe \u00f6lt\u00f6ztett\u00e9k a szervez\u0151k. A fesztiv\u00e1l szeptember 4-\u00e9n \u00e9s 5-\u00e9n v\u00e1rja a l\u00e1togat\u00f3kat a v\u00e1ros f\u0151ter\u00e9n, mindk\u00e9t napon 18 \u00f3r\u00e1t\u00f3l nyitj\u00e1k a kapukat.<\/p>\n<p dir=\"ltr\">A szervez\u0151k ez\u00fattal is a teljes fesztiv\u00e1l\u00e9lm\u00e9nyre hajtanak: sz\u00ednes f\u00e9nyfest\u00e9s, egyedi dekor\u00e1ci\u00f3, chill zone a kikapcsol\u00f3d\u00e1shoz, valamint gazdag \u00e9tel- \u00e9s italk\u00edn\u00e1lat v\u00e1rja a l\u00e1togat\u00f3kat mindk\u00e9t napon. Aki igaz\u00e1n ki akar t\u0171nni a t\u00f6megb\u0151l, annak k\u00fcl\u00f6n aj\u00e1nlott a dress code betart\u00e1sa \u2013 de err\u0151l lentebb b\u0151vebben is sz\u00f3 esik, el\u0151bb mutatjuk a fell\u00e9p\u0151ket:<\/p>\n<div style=\"border: 2px solid #1976d2; border-radius: 8px; padding: 20px; margin: 20px 0;\">\n<div style=\"display: flex; flex-wrap: wrap; gap: 30px;\">\n<p><!-- 1. nap --><\/p>\n<div style=\"flex: 1; min-width: 280px;\">\n<h2 style=\"color: #1976d2; margin-top: 0; border-bottom: 1px solid #1976d2; padding-bottom: 8px;\">1. nap &#8211; szeptember 4.<\/h2>\n<p><strong>19:30<\/strong> \u2013 RISE STUDIO <small>(Hip-Hop t\u00e1ncbemutat\u00f3)<\/small><\/p>\n<p><strong>20:00<\/strong> \u2013 BROOK<\/p>\n<p><strong>21:00<\/strong> \u2013 MAXI<\/p>\n<p><strong>21:30<\/strong> \u2013 G.w.M. LIVE<\/p>\n<p><strong>22:30<\/strong> \u2013 METZKER VIKT\u00d3RIA<\/p>\n<p><strong>23:30<\/strong> \u2013 DOBOZI LACIKA<\/p>\n<p><strong>00:00<\/strong> \u2013 VINI<\/p>\n<p><strong>00:30<\/strong> \u2013 PULLMAXX<\/p>\n<\/div>\n<p><!-- 2. nap --><\/p>\n<div style=\"flex: 1; min-width: 280px;\">\n<h2 style=\"color: #1976d2; margin-top: 0; border-bottom: 1px solid #1976d2; padding-bottom: 8px;\">2. nap &#8211; szeptember 5.<\/h2>\n<p><strong>19:30<\/strong> \u2013 RISE STUDIO <small>(Hip-Hop t\u00e1ncbemutat\u00f3)<\/small><\/p>\n<p><strong>20:00<\/strong> \u2013 SABI<\/p>\n<p><strong>21:30<\/strong> \u2013 L.L. JUNIOR LIVE<\/p>\n<p><strong>22:00<\/strong> \u2013 N\u00c1KSI<\/p>\n<p><strong>23:00<\/strong> \u2013 CORY aka. HAPPYGANG<\/p>\n<p><strong>23:30<\/strong> \u2013 V-TECH Mini LIVE<\/p>\n<p><strong>00:30<\/strong> \u2013 PEAT JR.<\/p>\n<\/div>\n<\/div>\n<\/div>\n<p dir=\"ltr\">A fesztiv\u00e1l igazi k\u00fcl\u00f6nlegess\u00e9ge a helysz\u00edni UV testfest\u00e9s, amelyet mindk\u00e9t napon 18:00 \u00e9s 24:00 \u00f3ra k\u00f6z\u00f6tt vehetnek ig\u00e9nybe ingyenesen a l\u00e1togat\u00f3k.<\/p>\n<p dir=\"ltr\">A szervez\u0151k hangs\u00falyozz\u00e1k, hogy csak arcfest\u00e9st v\u00e1llalnak, a haszn\u00e1lt fest\u00e9kkel kapcsolatban azt \u00edrj\u00e1k, hogy k\u00f6nnyen lemoshat\u00f3, nem gy\u00fal\u00e9kony, a b\u0151rre sem k\u00e1ros, UV-f\u00e9nyben viszont igaz\u00e1n intenz\u00edven vil\u00e1g\u00edt, amely t\u00f6k\u00e9letesen illik egy ilyen fesztiv\u00e1lhoz, nem utols\u00f3 sorban a k\u00e9sz\u00fcl\u0151 fot\u00f3kon is j\u00f3l mutat majd.<\/p>\n<p dir=\"ltr\"><img fetchpriority=\"high\" decoding=\"async\" class=\"aligncenter size-full wp-image-144585\" src=\"https:\/\/erdmost.hu\/wp-content\/uploads\/2026\/09\/erdi_piknik_fiesta.jpeg\" alt=\"\" width=\"1920\" height=\"1280\" srcset=\"https:\/\/erdmost.hu\/wp-content\/uploads\/2026\/09\/erdi_piknik_fiesta.jpeg 1920w, https:\/\/erdmost.hu\/wp-content\/uploads\/2026\/09\/erdi_piknik_fiesta-300x200.jpeg 300w, https:\/\/erdmost.hu\/wp-content\/uploads\/2026\/09\/erdi_piknik_fiesta-768x512.jpeg 768w, https:\/\/erdmost.hu\/wp-content\/uploads\/2026\/09\/erdi_piknik_fiesta-18x12.jpeg 18w, https:\/\/erdmost.hu\/wp-content\/uploads\/2026\/09\/erdi_piknik_fiesta-840x560.jpeg 840w\" sizes=\"(max-width: 1920px) 100vw, 1920px\" \/><\/p>\n<p dir=\"ltr\">Aki a haj\u00e1val is szeretne k\u00fcl\u00f6nlegeset mutatni, annak ugyanebben az id\u0151szakban, 18:00 \u00e9s 24:00 k\u00f6z\u00f6tt ingyenes UV hajfon\u00e1st is k\u00edn\u00e1lnak a helysz\u00ednen, tov\u00e1bb\u00e1 korl\u00e1tozott sz\u00e1mban aj\u00e1nd\u00e9k vil\u00e1g\u00edt\u00f3 kark\u00f6t\u0151t is kapnak a l\u00e1togat\u00f3k.<\/p>\n<p dir=\"ltr\">Az UV-f\u00e9ny hat\u00e1sa feh\u00e9r ruh\u00e1zatban \u00e9rv\u00e9nyes\u00fcl igaz\u00e1n, ez\u00e9rt a szervez\u0151k azt javasolj\u00e1k, hogy aki a legsz\u00ednesebb \u00e9lm\u00e9nyre v\u00e1gyik, lehet\u0151leg feh\u00e9r \u00f6lt\u00f6z\u00e9kben \u00e9rkezzen a helysz\u00ednre.<\/p>\n<div class=\"elementor-element elementor-element-19458ac8 elementor-widget elementor-widget-theme-post-content\" data-id=\"19458ac8\" data-element_type=\"widget\" data-e-type=\"widget\" data-widget_type=\"theme-post-content.default\">\n<div class=\"elementor-widget-container\">\n<p>Tov\u00e1bbi r\u00e9szletek\u00a0<a href=\"https:\/\/www.facebook.com\/events\/1316710084011680?active_tab=about\" target=\"_blank\" rel=\"noopener\">a rendezv\u00e9ny hivatalos Facebook-oldal\u00e1n<\/a>\u00a0olvashat\u00f3ak.<\/p>\n<div style=\"border: 3px solid #1e73be; padding: 15px; margin: 20px 0; background-color: #f4f9ff; border-radius: 6px;\">Az \u00e9vek \u00f3ta tart\u00f3 k\u00f6zponti elvon\u00e1sok miatt neh\u00e9z helyzetben van az \u00f6nkorm\u00e1nyzat \u00e9s t\u00f6rv\u00e9nyi k\u00f6teless\u00e9ge, hogy els\u0151sorban a k\u00f6telez\u0151 feladatokat teljes\u00edtse a megl\u00e9v\u0151 forr\u00e1sokb\u00f3l. Ez\u00e9rt tov\u00e1bbra sem v\u00e1rosi finansz\u00edroz\u00e1s\u00fa az \u00c9rdi Piknik, amelynek megrendez\u00e9si jog\u00e1t mag\u00e1nv\u00e1llalkoz\u00f3knak adta \u00e1t az \u00f6nkorm\u00e1nyzat.<\/div>\n<\/div>\n<\/div>","protected":false},"excerpt":{"rendered":"<p>Rajtol az \u00c9rdi Piknik, szeptember 4-\u00e9n \u00e9s 5-\u00e9n fesztiv\u00e1lhangulat k\u00f6lt\u00f6zik a v\u00e1ros sz\u00edv\u00e9be. <\/p>","protected":false},"author":27,"featured_media":144582,"comment_status":"closed","ping_status":"closed","sticky":false,"template":"","format":"standard","meta":{"_acf_changed":false,"_seopress_titles_title":"","_seopress_titles_desc":"","_seopress_robots_index":"","_seopress_robots_follow":"","_seopress_robots_imageindex":"","_seopress_robots_snippet":"","_seopress_robots_primary_cat":"","_seopress_robots_breadcrumbs":"","_seopress_robots_freeze_modified_date":"","_seopress_robots_custom_modified_date":"","_seopress_robots_canonical":"","_seopress_social_fb_title":"","_seopress_social_fb_desc":"","_seopress_social_fb_img":"","_seopress_social_fb_img_attachment_id":0,"_seopress_social_fb_img_width":0,"_seopress_social_fb_img_height":0,"_seopress_social_twitter_title":"","_seopress_social_twitter_desc":"","_seopress_social_twitter_img":"","_seopress_social_twitter_img_attachment_id":0,"_seopress_social_twitter_img_width":0,"_seopress_social_twitter_img_height":0,"_seopress_redirections_value":"","_seopress_redirections_enabled":"","_seopress_redirections_enabled_regex":"","_seopress_redirections_logged_status":"","_seopress_redirections_param":"","_seopress_redirections_type":0,"_seopress_analysis_target_kw":"","_seopress_news_disabled":"","_seopress_video_disabled":"","_seopress_video":[],"_seopress_pro_schemas_manual":[],"_seopress_pro_rich_snippets_disable_all":"","_seopress_pro_rich_snippets_disable":[],"_seopress_pro_schemas":[],"site-sidebar-layout":"default","site-content-layout":"","ast-site-content-layout":"default","site-content-style":"default","site-sidebar-style":"default","ast-global-header-display":"","ast-banner-title-visibility":"","ast-main-header-display":"","ast-hfb-above-header-display":"","ast-hfb-below-header-display":"","ast-hfb-mobile-header-display":"","site-post-title":"","ast-breadcrumbs-content":"","ast-featured-img":"","footer-sml-layout":"","ast-disable-related-posts":"","theme-transparent-header-meta":"default","adv-header-id-meta":"","stick-header-meta":"","header-above-stick-meta":"","header-main-stick-meta":"","header-below-stick-meta":"","astra-migrate-meta-layouts":"set","ast-page-background-enabled":"default","ast-page-background-meta":{"desktop":{"background-color":"","background-image":"","background-repeat":"repeat","background-position":"center center","background-size":"auto","background-attachment":"scroll","background-type":"","background-media":"","overlay-type":"","overlay-color":"","overlay-opacity":"","overlay-gradient":""},"tablet":{"background-color":"","background-image":"","background-repeat":"repeat","background-position":"center center","background-size":"auto","background-attachment":"scroll","background-type":"","background-media":"","overlay-type":"","overlay-color":"","overlay-opacity":"","overlay-gradient":""},"mobile":{"background-color":"","background-image":"","background-repeat":"repeat","background-position":"center center","background-size":"auto","background-attachment":"scroll","background-type":"","background-media":"","overlay-type":"","overlay-color":"","overlay-opacity":"","overlay-gradient":""}},"ast-content-background-meta":{"desktop":{"background-color":"var(--ast-global-color-5)","background-image":"","background-repeat":"repeat","background-position":"center center","background-size":"auto","background-attachment":"scroll","background-type":"","background-media":"","overlay-type":"","overlay-color":"","overlay-opacity":"","overlay-gradient":""},"tablet":{"background-color":"var(--ast-global-color-5)","background-image":"","background-repeat":"repeat","background-position":"center center","background-size":"auto","background-attachment":"scroll","background-type":"","background-media":"","overlay-type":"","overlay-color":"","overlay-opacity":"","overlay-gradient":""},"mobile":{"background-color":"var(--ast-global-color-5)","background-image":"","background-repeat":"repeat","background-position":"center center","background-size":"auto","background-attachment":"scroll","background-type":"","background-media":"","overlay-type":"","overlay-color":"","overlay-opacity":"","overlay-gradient":""}},"footnotes":""},"categories":[1,463,461,462,460],"cikk_cimkek":[608],"content_flags":[],"content_icons":[],"class_list":["post-144581","post","type-post","status-publish","format-standard","has-post-thumbnail","hentry","category-erdmost","category-fontos","category-jobbfent","category-kiemelt","category-top","cikk_cimkek-erdi-piknik"],"acf":[],"_links":{"self":[{"href":"https:\/\/erdmost.hu\/en\/wp-json\/wp\/v2\/posts\/144581","targetHints":{"allow":["GET"]}}],"collection":[{"href":"https:\/\/erdmost.hu\/en\/wp-json\/wp\/v2\/posts"}],"about":[{"href":"https:\/\/erdmost.hu\/en\/wp-json\/wp\/v2\/types\/post"}],"author":[{"embeddable":true,"href":"https:\/\/erdmost.hu\/en\/wp-json\/wp\/v2\/users\/27"}],"replies":[{"embeddable":true,"href":"https:\/\/erdmost.hu\/en\/wp-json\/wp\/v2\/comments?post=144581"}],"version-history":[{"count":9,"href":"https:\/\/erdmost.hu\/en\/wp-json\/wp\/v2\/posts\/144581\/revisions"}],"predecessor-version":[{"id":144613,"href":"https:\/\/erdmost.hu\/en\/wp-json\/wp\/v2\/posts\/144581\/revisions\/144613"}],"wp:featuredmedia":[{"embeddable":true,"href":"https:\/\/erdmost.hu\/en\/wp-json\/wp\/v2\/media\/144582"}],"wp:attachment":[{"href":"https:\/\/erdmost.hu\/en\/wp-json\/wp\/v2\/media?parent=144581"}],"wp:term":[{"taxonomy":"category","embeddable":true,"href":"https:\/\/erdmost.hu\/en\/wp-json\/wp\/v2\/categories?post=144581"},{"taxonomy":"cikk_cimkek","embeddable":true,"href":"https:\/\/erdmost.hu\/en\/wp-json\/wp\/v2\/cikk_cimkek?post=144581"},{"taxonomy":"content_flags","embeddable":true,"href":"https:\/\/erdmost.hu\/en\/wp-json\/wp\/v2\/content_flags?post=144581"},{"taxonomy":"content_icons","embeddable":true,"href":"https:\/\/erdmost.hu\/en\/wp-json\/wp\/v2\/content_icons?post=144581"}],"curies":[{"name":"wp","href":"https:\/\/api.w.org\/{rel}","templated":true}]}}