{"id":144562,"date":"2026-09-04T15:31:19","date_gmt":"2026-09-04T13:31:19","guid":{"rendered":"https:\/\/erdmost.hu\/?p=144562"},"modified":"2026-09-04T15:31:19","modified_gmt":"2026-09-04T13:31:19","slug":"ezek-a-festmenyek-hoztak-el-a-gyogyulast","status":"publish","type":"post","link":"https:\/\/erdmost.hu\/en\/2026\/09\/04\/ezek-a-festmenyek-hoztak-el-a-gyogyulast\/","title":{"rendered":"Ezek a festm\u00e9nyek hozt\u00e1k el a gy\u00f3gyul\u00e1st"},"content":{"rendered":"<p>Krasznain\u00e9 Simonyai T\u00edmea tizenk\u00e9t \u00e9vvel ezel\u0151tt kezdett festeni. Akkor m\u00e1r h\u00e1rom \u00e9ve k\u00fczd\u00f6tt egy ismeretlen eredet\u0171 betegs\u00e9ggel. Hogy mi okozta a t\u00fczeteket, arra n\u00e9zv\u00e9st az orvosok csak tal\u00e1lgatni tudtak, mindenesetre Timi (akit csal\u00e1dtagjai, bar\u00e1tai \u00e9s orvos ismer\u0151sei is seg\u00edtettek a gy\u00f3gyul\u00e1sban) \u00fagy d\u00f6nt\u00f6tt: b\u00e1rmi legyen is a betegs\u00e9ge h\u00e1tter\u00e9ben, \u0151 m\u00e1rpedig\u00a0 meggy\u00f3gyul. Teljes \u00e9letm\u00f3dv\u00e1lt\u00e1ssal (di\u00e9ta, mozg\u00e1s) \u00e9s a stressz kiiktat\u00e1s\u00e1val kezdte. Ez ut\u00f3bbi volt a nehezebb. Azt a tan\u00e1csot kapta, hogy v\u00e1gjon bele valami sz\u00e1m\u00e1ra kedves foglalkoz\u00e1sba, hobbiba.<\/p>\n<figure id=\"attachment_144574\" aria-describedby=\"caption-attachment-144574\" style=\"width: 1920px\" class=\"wp-caption aligncenter\"><img fetchpriority=\"high\" decoding=\"async\" class=\"wp-image-144574 size-full\" src=\"https:\/\/erdmost.hu\/wp-content\/uploads\/2026\/09\/DSC9623-scaled.jpg\" alt=\"\" width=\"1920\" height=\"1280\" srcset=\"https:\/\/erdmost.hu\/wp-content\/uploads\/2026\/09\/DSC9623-scaled.jpg 1920w, https:\/\/erdmost.hu\/wp-content\/uploads\/2026\/09\/DSC9623-300x200.jpg 300w, https:\/\/erdmost.hu\/wp-content\/uploads\/2026\/09\/DSC9623-768x512.jpg 768w, https:\/\/erdmost.hu\/wp-content\/uploads\/2026\/09\/DSC9623-18x12.jpg 18w, https:\/\/erdmost.hu\/wp-content\/uploads\/2026\/09\/DSC9623-840x560.jpg 840w\" sizes=\"(max-width: 1920px) 100vw, 1920px\" \/><figcaption id=\"caption-attachment-144574\" class=\"wp-caption-text\"><em>Krasznain\u00e9 Simonyai T\u00edmea \u00e9s a m\u0171sorban k\u00f6zrem\u0171k\u00f6d\u0151 koll\u00e9gan\u0151je, dr. T\u00fcrke-Sikl\u00f3dy Kinga<\/em><\/figcaption><\/figure>\n<p>De mi legyen az? Egy\u00e1ltal\u00e1n, munka, h\u00e1ztart\u00e1s, gyerekek mellett van-e kedve az embernek valami \u00fajba belefogni?<\/p>\n<p>\u201eMegy\u00fcnk el\u0151re a magunk \u00fatj\u00e1n \u00e9vtizedeken kereszt\u00fcl, v\u00e9gezz\u00fck a teend\u0151inket, \u00e9s k\u00f6zben elfelejtj\u00fck, kik is vagyunk val\u00f3j\u00e1ban, mi az, ami val\u00f3ban boldogg\u00e1 tesz. Mikor j\u00f6tt ez a betegs\u00e9g, \u00e9s nem tudtam d\u00f6nteni, feltett\u00e9k nekem a k\u00e9rd\u00e9st, hogy gyerekkoromban mi okozta nekem a legnagyobb \u00f6r\u00f6met.&#8221;<\/p>\n<p><img decoding=\"async\" class=\"aligncenter size-full wp-image-144571\" src=\"https:\/\/erdmost.hu\/wp-content\/uploads\/2026\/09\/DSC9712-1-scaled.jpg\" alt=\"\" width=\"1920\" height=\"1359\" srcset=\"https:\/\/erdmost.hu\/wp-content\/uploads\/2026\/09\/DSC9712-1-scaled.jpg 1920w, https:\/\/erdmost.hu\/wp-content\/uploads\/2026\/09\/DSC9712-1-300x212.jpg 300w, https:\/\/erdmost.hu\/wp-content\/uploads\/2026\/09\/DSC9712-1-768x544.jpg 768w, https:\/\/erdmost.hu\/wp-content\/uploads\/2026\/09\/DSC9712-1-18x12.jpg 18w, https:\/\/erdmost.hu\/wp-content\/uploads\/2026\/09\/DSC9712-1-791x560.jpg 791w\" sizes=\"(max-width: 1920px) 100vw, 1920px\" \/><\/p>\n<p>&#8222;Visszaeml\u00e9keztem r\u00e1, mennyire v\u00e1rtam m\u00e1r az iskolakezd\u00e9st, mert akkor ki\u00fcr\u00edtett\u00fck az asztalomat, \u00e9s felt\u00f6lt\u00f6tt\u00fck \u00faj f\u00fczetekkel, ecsetekkel, fest\u00e9kekkel, tollakkal \u00e9s ceruz\u00e1kkal. \u00c9n pedig rajzoltam, rengeteget. Apuk\u00e1m az \u00e9p\u00edt\u0151iparban dolgozott, pap\u00edrra vetette az \u00e9p\u00fcleteket, skiccelt, \u00e9n pedig ott \u00fcltem \u00e9s rajzoltam mellette. Ahogy felelevenedtek bennem az eml\u00e9kek, eld\u00f6nt\u00f6ttem, hogy az ecsetet v\u00e1lasztom, \u00e9s beiratkoztam egy tanfolyamra\u201d \u2013 mes\u00e9lt a kezdetekr\u0151l Timi.<\/p>\n<p><img decoding=\"async\" class=\"aligncenter size-full wp-image-144566\" src=\"https:\/\/erdmost.hu\/wp-content\/uploads\/2026\/09\/DSC9799-scaled.jpg\" alt=\"\" width=\"1920\" height=\"1280\" srcset=\"https:\/\/erdmost.hu\/wp-content\/uploads\/2026\/09\/DSC9799-scaled.jpg 1920w, https:\/\/erdmost.hu\/wp-content\/uploads\/2026\/09\/DSC9799-300x200.jpg 300w, https:\/\/erdmost.hu\/wp-content\/uploads\/2026\/09\/DSC9799-768x512.jpg 768w, https:\/\/erdmost.hu\/wp-content\/uploads\/2026\/09\/DSC9799-18x12.jpg 18w, https:\/\/erdmost.hu\/wp-content\/uploads\/2026\/09\/DSC9799-840x560.jpg 840w\" sizes=\"(max-width: 1920px) 100vw, 1920px\" \/><\/p>\n<p>\u00c9lete els\u0151, szeptember 3-ai ki\u00e1ll\u00edt\u00e1sa megnyit\u00f3j\u00e1n <span style=\"font-size: 16px;\">\u00fclt\u00fcnk le besz\u00e9lgetni. Nem volt egyszer\u0171 \u00f6sszehozni, mert nagyon sok l\u00e1togat\u00f3 volt, \u00e9s t\u00f6bbs\u00e9g\u00fck m\u00e9g szeretett volna p\u00e1r sz\u00f3t v\u00e1ltani Timivel, gratul\u00e1lni, elismer\u00e9s\u00e9t kifejezni. Volt mi\u00e9rt, hiszen Timi k\u00e9pei val\u00f3ban k\u00fcl\u00f6nlegesek: \u00fagy \u00e1rasztanak harm\u00f3ni\u00e1t, hogy k\u00f6zben k\u00f6zben van benn\u00fck egy-egy s\u00f6t\u00e9tebb \u00e1rnyalat is \u2013 a csod\u00e1s s\u00e1rga n\u00e1rcisz m\u00e9lyfekete h\u00e1tt\u00e9r el\u0151tt virul, a tavon sikl\u00f3 vitorl\u00e1s<\/span><span style=\"font-size: 16px;\"> m\u00f6g\u00f6tt kop\u00e1r, havas cs\u00facsok emelkednek. Az idill m\u00f6g\u00f6tt felsejlik egy m\u00e1sik r\u00e9teg, jelent\u00e9s, ami t\u00f6bb\u00e9 teszi ezeket az alkot\u00e1sokat az egyszer\u0171 t\u00e1jk\u00e9pekn\u00e9l.<\/span><\/p>\n<p><img loading=\"lazy\" decoding=\"async\" class=\"aligncenter size-full wp-image-144575\" src=\"https:\/\/erdmost.hu\/wp-content\/uploads\/2026\/09\/DSC9614-scaled.jpg\" alt=\"\" width=\"1920\" height=\"1421\" srcset=\"https:\/\/erdmost.hu\/wp-content\/uploads\/2026\/09\/DSC9614-scaled.jpg 1920w, https:\/\/erdmost.hu\/wp-content\/uploads\/2026\/09\/DSC9614-300x222.jpg 300w, https:\/\/erdmost.hu\/wp-content\/uploads\/2026\/09\/DSC9614-768x569.jpg 768w, https:\/\/erdmost.hu\/wp-content\/uploads\/2026\/09\/DSC9614-16x12.jpg 16w, https:\/\/erdmost.hu\/wp-content\/uploads\/2026\/09\/DSC9614-756x560.jpg 756w\" sizes=\"(max-width: 1920px) 100vw, 1920px\" \/><\/p>\n<p>Tal\u00e1n az\u00e9rt is \u00e9rezz\u00fck \u00edgy, mert Timi nem val\u00f3di, illetve k\u00e9peslapon l\u00e1tott t\u00e1jakat, hanem a saj\u00e1t fant\u00e1zi\u00e1ja sz\u00fclte k\u00e9peket fest. Van, hogy egy utaz\u00e1s inspir\u00e1lja, de akkor sem fot\u00f3, hanem a lelk\u00e9ben \u00e9l\u0151 k\u00e9p alapj\u00e1n alkot.<\/p>\n<p>\u201eNagyon j\u00f3 rajztan\u00e1rom volt az \u00e1ltal\u00e1nos iskol\u00e1ban, rengeteg mindenre megtan\u00edtott, t\u00f6bbek k\u00f6zt egy m\u00e1sfajta l\u00e1t\u00e1sm\u00f3dra. Ha r\u00e1n\u00e9zek egy bokorra, nem csup\u00e1n egy n\u00f6v\u00e9nyt l\u00e1tok, hanem n\u00e9gy-\u00f6t sz\u00edn tobz\u00f3d\u00e1s\u00e1t, a f\u00e9ny j\u00e1t\u00e9k\u00e1t, a hangulatot\u201d \u2013 magyar\u00e1zta T\u00edmea, aki a legkedvesebb festm\u00e9ny\u00e9n \u00e9vekig dolgozott, nemr\u00e9g lett k\u00e9sz vele.<\/p>\n<p><img loading=\"lazy\" decoding=\"async\" class=\"aligncenter size-full wp-image-144572\" src=\"https:\/\/erdmost.hu\/wp-content\/uploads\/2026\/09\/DSC9683-scaled.jpg\" alt=\"\" width=\"1920\" height=\"1373\" srcset=\"https:\/\/erdmost.hu\/wp-content\/uploads\/2026\/09\/DSC9683-scaled.jpg 1920w, https:\/\/erdmost.hu\/wp-content\/uploads\/2026\/09\/DSC9683-300x214.jpg 300w, https:\/\/erdmost.hu\/wp-content\/uploads\/2026\/09\/DSC9683-768x549.jpg 768w, https:\/\/erdmost.hu\/wp-content\/uploads\/2026\/09\/DSC9683-18x12.jpg 18w, https:\/\/erdmost.hu\/wp-content\/uploads\/2026\/09\/DSC9683-784x560.jpg 784w\" sizes=\"(max-width: 1920px) 100vw, 1920px\" \/><\/p>\n<p>\u201eModellez\u0151paszt\u00e1val k\u00e9sz\u00edtettem. Vid\u00e1m k\u00e9pnek indult, de t\u00f6bbsz\u00f6r\u00a0 f\u00e9lretettem, mert \u00fagy \u00e9reztem, nem vagyok el\u00e9g vid\u00e1m kedvemben a t\u00e9m\u00e1hoz. 2014-ben kezdtem festeni, \u00e9s az az\u00f3ta eltelt id\u0151 alatt belefestettem az \u00f6sszes hangulatomat, a vid\u00e1ms\u00e1got, a szomor\u00fas\u00e1got, a pajkoss\u00e1got, a nyugalmast \u00e9s a t\u00e1ncos kedv\u0171t is. A h\u00e1tt\u00e9r elmos\u00f3dott, sok k\u00e9k \u00e9s sz\u00fcrke van benne, m\u00e9gis vid\u00e1m, hiszen az el\u0151t\u00e9rben t\u00e1ncolnak a vir\u00e1gok.\u201d<\/p>\n<figure id=\"attachment_144577\" aria-describedby=\"caption-attachment-144577\" style=\"width: 2560px\" class=\"wp-caption aligncenter\"><img loading=\"lazy\" decoding=\"async\" class=\"wp-image-144577 size-full\" src=\"https:\/\/erdmost.hu\/wp-content\/uploads\/2026\/09\/DSC9830-scaled.jpg\" alt=\"\" width=\"2560\" height=\"1707\" srcset=\"https:\/\/erdmost.hu\/wp-content\/uploads\/2026\/09\/DSC9830-scaled.jpg 1920w, https:\/\/erdmost.hu\/wp-content\/uploads\/2026\/09\/DSC9830-300x200.jpg 300w, https:\/\/erdmost.hu\/wp-content\/uploads\/2026\/09\/DSC9830-768x512.jpg 768w, https:\/\/erdmost.hu\/wp-content\/uploads\/2026\/09\/DSC9830-18x12.jpg 18w, https:\/\/erdmost.hu\/wp-content\/uploads\/2026\/09\/DSC9830-840x560.jpg 840w\" sizes=\"(max-width: 2560px) 100vw, 2560px\" \/><figcaption id=\"caption-attachment-144577\" class=\"wp-caption-text\"><em>Timi, \u00e9s m\u00f6g\u00f6tte a t\u00e1ncol\u00f3 vir\u00e1gok<\/em><\/figcaption><\/figure>\n<p>Krasznain\u00e9 Simonyai T\u00edmea tizenk\u00e9t \u00e9v term\u00e9s\u00e9t hozta el a Szoci\u00e1lis Gondoz\u00f3 K\u00f6zpont k\u00f6z\u00f6ss\u00e9gi ter\u00e9be. Nem minden k\u00e9p\u00e9t l\u00e1thatjuk, mivel nem f\u00e9rn\u00e9nek el a ki\u00e1ll\u00edt\u00f3t\u00e9rben. A ki\u00e1ll\u00edt\u00e1sra a t\u00e1jk\u00e9peib\u0151l v\u00e1logatott, a portr\u00e9fest\u00e9s ter\u00fclet\u00e9n m\u00e9g tanulni szeretne. Ha majd nyugd\u00edjba megy, akkor szeretne a fest\u00e9szetnek \u00e9s a k\u00e9zm\u0171vess\u00e9gnek \u00e9lni. Merthogy d\u00edszeket, man\u00f3kat, egy\u00e9b k\u00e9zm\u0171ves darabokat is csin\u00e1l, csal\u00e1dja \u00e9s bar\u00e1ti k\u00f6re \u00f6r\u00f6m\u00e9re.<\/p>\n<p><img loading=\"lazy\" decoding=\"async\" class=\"aligncenter size-full wp-image-144567\" src=\"https:\/\/erdmost.hu\/wp-content\/uploads\/2026\/09\/DSC9808-scaled.jpg\" alt=\"\" width=\"1920\" height=\"1280\" srcset=\"https:\/\/erdmost.hu\/wp-content\/uploads\/2026\/09\/DSC9808-scaled.jpg 1920w, https:\/\/erdmost.hu\/wp-content\/uploads\/2026\/09\/DSC9808-300x200.jpg 300w, https:\/\/erdmost.hu\/wp-content\/uploads\/2026\/09\/DSC9808-768x512.jpg 768w, https:\/\/erdmost.hu\/wp-content\/uploads\/2026\/09\/DSC9808-18x12.jpg 18w, https:\/\/erdmost.hu\/wp-content\/uploads\/2026\/09\/DSC9808-840x560.jpg 840w\" sizes=\"(max-width: 1920px) 100vw, 1920px\" \/><\/p>\n<p>A nyugd\u00edjas \u00e9vek azonban m\u00e9g od\u00e9bb vannak, Timi jelenleg a munka mellett alkot. Az \u00e9rdi \u00f6nkorm\u00e1nyzatn\u00e1l dolgozik. Ez az els\u0151 munkahelye, ahol t\u00f6bbf\u00e9le munkak\u00f6re volt, most k\u00f6zbiztons\u00e1gi \u00e9s honv\u00e9delmi referensi munk\u00e1kat l\u00e1t el, 2021-ben \u00c9rdi K\u00f6zszolg\u00e1lati D\u00edjjal jutalmazt\u00e1k. (Ennek aprop\u00f3j\u00e1n az \u00c9rdi \u00dajs\u00e1g has\u00e1bjain besz\u00e9lgett\u00fcnk vele, cikk\u00fcnket <a href=\"https:\/\/erdmost.hu\/en\/2021\/09\/17\/fontos-hogy-erezzek-nincsenek-egyedul-bajban\/\" target=\"_blank\" rel=\"noopener\">itt olvashatj\u00e1k<\/a>.)<\/p>\n<figure id=\"attachment_144563\" aria-describedby=\"caption-attachment-144563\" style=\"width: 1920px\" class=\"wp-caption aligncenter\"><img loading=\"lazy\" decoding=\"async\" class=\"wp-image-144563 size-full\" src=\"https:\/\/erdmost.hu\/wp-content\/uploads\/2026\/09\/DSC9620-scaled.jpg\" alt=\"\" width=\"1920\" height=\"1280\" srcset=\"https:\/\/erdmost.hu\/wp-content\/uploads\/2026\/09\/DSC9620-scaled.jpg 1920w, https:\/\/erdmost.hu\/wp-content\/uploads\/2026\/09\/DSC9620-300x200.jpg 300w, https:\/\/erdmost.hu\/wp-content\/uploads\/2026\/09\/DSC9620-768x512.jpg 768w, https:\/\/erdmost.hu\/wp-content\/uploads\/2026\/09\/DSC9620-18x12.jpg 18w, https:\/\/erdmost.hu\/wp-content\/uploads\/2026\/09\/DSC9620-840x560.jpg 840w\" sizes=\"(max-width: 1920px) 100vw, 1920px\" \/><figcaption id=\"caption-attachment-144563\" class=\"wp-caption-text\"><em>Sz\u0171cs G\u00e1bor alpolg\u00e1rmester<\/em><\/figcaption><\/figure>\n<p>A ki\u00e1ll\u00edt\u00e1smegnyit\u00f3n koll\u00e9g\u00e1i is jelen voltak, \u00e9s egy\u00fctt \u00f6r\u00fcltek Timivel. Ahogy Sz\u0171cs G\u00e1bor alpolg\u00e1rmester fogalmazott a rendezv\u00e9nyen, T\u00edmea a feladatait sohasem v\u00e9gzi f\u00e9lsz\u00edvvel, minden tud\u00e1s\u00e1t \u00e9s egy\u00fctt\u00e9rz\u00e9s\u00e9t beleadja. Neki nem sz\u00e1m\u00edt, hogy mikor van v\u00e9ge a munkaid\u0151nek, \u00e9jszaka van-e vagy a szabads\u00e1g\u00e1t t\u00f6lti, megy, hogy az \u00e9rdiek katasztr\u00f3fahelyzetben is biztons\u00e1gban \u00e9rezhess\u00e9k magukat. Sokszor tal\u00e1lkozott seg\u00edts\u00e9gre szorul\u00f3, bajba jutott emberekkel, \u00e9s higgadts\u00e1g\u00e1val lelket \u00f6nt\u00f6tt bel\u00e9j\u00fck. \u00c9s mik\u00f6zben hivat\u00e1s\u00e1ban m\u00e1sok biztons\u00e1g\u00e1\u00e9rt dolgozik, az alkot\u00e1sban a saj\u00e1t bels\u0151 egyens\u00faly\u00e1t tal\u00e1lta meg.<\/p>\n<figure id=\"attachment_144573\" aria-describedby=\"caption-attachment-144573\" style=\"width: 1920px\" class=\"wp-caption aligncenter\"><img loading=\"lazy\" decoding=\"async\" class=\"wp-image-144573 size-full\" src=\"https:\/\/erdmost.hu\/wp-content\/uploads\/2026\/09\/DSC9665-scaled.jpg\" alt=\"\" width=\"1920\" height=\"1280\" srcset=\"https:\/\/erdmost.hu\/wp-content\/uploads\/2026\/09\/DSC9665-scaled.jpg 1920w, https:\/\/erdmost.hu\/wp-content\/uploads\/2026\/09\/DSC9665-300x200.jpg 300w, https:\/\/erdmost.hu\/wp-content\/uploads\/2026\/09\/DSC9665-768x512.jpg 768w, https:\/\/erdmost.hu\/wp-content\/uploads\/2026\/09\/DSC9665-18x12.jpg 18w, https:\/\/erdmost.hu\/wp-content\/uploads\/2026\/09\/DSC9665-840x560.jpg 840w\" sizes=\"(max-width: 1920px) 100vw, 1920px\" \/><figcaption id=\"caption-attachment-144573\" class=\"wp-caption-text\"><em>Timi ezt a festm\u00e9ny\u00e9t a Szoci\u00e1lis Gondoz\u00f3 K\u00f6zpontnak aj\u00e1nd\u00e9kozta<\/em><\/figcaption><\/figure>\n<p>Hogy Timi j\u00f3 \u00faton j\u00e1r, azt a ki\u00e1ll\u00edt\u00e1s l\u00e1togat\u00f3it\u00f3l kapott visszajelz\u00e9sek is meger\u0151s\u00edtett\u00e9k. Az id\u0151sotthon lak\u00f3inak v\u00e9lem\u00e9nye nagyon fontos volt Timi sz\u00e1m\u00e1ra. \u201e\u00dagy \u00e9reztem, ha pozit\u00edv visszajelz\u00e9st kapok t\u0151l\u00fck, akkor b\u00e1rhova, b\u00e1rmikor elvihetem a festm\u00e9nyeimet. Mert az id\u0151sek azok, akik mindig \u0151szint\u00e9n \u00e9s azonnal megmondj\u00e1k, amit gondolnak.\u201d<\/p>\n<figure id=\"attachment_144576\" aria-describedby=\"caption-attachment-144576\" style=\"width: 1920px\" class=\"wp-caption aligncenter\"><img loading=\"lazy\" decoding=\"async\" class=\"wp-image-144576 size-full\" src=\"https:\/\/erdmost.hu\/wp-content\/uploads\/2026\/09\/DSC9581-scaled.jpg\" alt=\"\" width=\"1920\" height=\"1280\" srcset=\"https:\/\/erdmost.hu\/wp-content\/uploads\/2026\/09\/DSC9581-scaled.jpg 1920w, https:\/\/erdmost.hu\/wp-content\/uploads\/2026\/09\/DSC9581-300x200.jpg 300w, https:\/\/erdmost.hu\/wp-content\/uploads\/2026\/09\/DSC9581-768x512.jpg 768w, https:\/\/erdmost.hu\/wp-content\/uploads\/2026\/09\/DSC9581-18x12.jpg 18w, https:\/\/erdmost.hu\/wp-content\/uploads\/2026\/09\/DSC9581-840x560.jpg 840w\" sizes=\"(max-width: 1920px) 100vw, 1920px\" \/><figcaption id=\"caption-attachment-144576\" class=\"wp-caption-text\"><em>A m\u0171sorban k\u00f6zrem\u0171k\u00f6d\u00f6tt Moln\u00e1r Gy\u00f6rgy Lyra-d\u00edjas harmonikam\u0171v\u00e9sz<\/em><\/figcaption><\/figure>\n<p>Az id\u0151sekn\u00e9l nagy sikert arattak Timi k\u00e9pei, mert sz\u00ednvil\u00e1guk, t\u00e9mav\u00e1laszt\u00e1suk vid\u00e1ms\u00e1got hozott a k\u00f6z\u00f6ss\u00e9gi t\u00e9r falai k\u00f6z\u00e9, \u00e9s ami a legjobb, mindennap lej\u00f6hetnek \u00e9s n\u00e9zhetik \u0151ket.<\/p>\n<p>Ez a lehet\u0151s\u00e9g persze nemcsak az id\u0151sotthon lak\u00f3i el\u0151tt nyitott, hanem b\u00e1rki sz\u00e1m\u00e1ra, aki megn\u00e9zn\u00e9 T\u00edmea festm\u00e9nyeit. A ki\u00e1ll\u00edt\u00e1s szeptember 30-ig tekinthet\u0151 meg, szerd\u00e1nk\u00e9nt 17 \u00e9s 19 \u00f3ra k\u00f6z\u00f6tt a Szoci\u00e1lis Gondoz\u00f3 K\u00f6zpontban (Topoly u. 2., bej\u00e1rat a T\u00e1llya utca fel\u0151l).<\/p>","protected":false},"excerpt":{"rendered":"<p>Krasznain\u00e9 Simonyai T\u00edmea k\u00e9peib\u0151l ny\u00edlt ki\u00e1ll\u00edt\u00e1s a Szoci\u00e1lis Gondoz\u00f3 K\u00f6zpontban. Az alkot\u00f3 ter\u00e1pi\u00e1s c\u00e9llal kezdett festeni, \u00e9s meggy\u00f3gyult ismeretlen eredet\u0171 betegs\u00e9g\u00e9b\u0151l. <\/p>","protected":false},"author":5,"featured_media":144580,"comment_status":"closed","ping_status":"closed","sticky":false,"template":"","format":"standard","meta":{"_acf_changed":false,"_seopress_titles_title":"","_seopress_titles_desc":"","_seopress_robots_index":"","_seopress_robots_follow":"","_seopress_robots_imageindex":"","_seopress_robots_snippet":"","_seopress_robots_primary_cat":"","_seopress_robots_breadcrumbs":"","_seopress_robots_freeze_modified_date":"","_seopress_robots_custom_modified_date":"","_seopress_robots_canonical":"","_seopress_social_fb_title":"","_seopress_social_fb_desc":"","_seopress_social_fb_img":"","_seopress_social_fb_img_attachment_id":0,"_seopress_social_fb_img_width":0,"_seopress_social_fb_img_height":0,"_seopress_social_twitter_title":"","_seopress_social_twitter_desc":"","_seopress_social_twitter_img":"","_seopress_social_twitter_img_attachment_id":0,"_seopress_social_twitter_img_width":0,"_seopress_social_twitter_img_height":0,"_seopress_redirections_value":"","_seopress_redirections_enabled":"","_seopress_redirections_enabled_regex":"","_seopress_redirections_logged_status":"","_seopress_redirections_param":"","_seopress_redirections_type":0,"_seopress_analysis_target_kw":"","_seopress_news_disabled":"","_seopress_video_disabled":"","_seopress_video":[],"_seopress_pro_schemas_manual":[],"_seopress_pro_rich_snippets_disable_all":"","_seopress_pro_rich_snippets_disable":[],"_seopress_pro_schemas":[],"site-sidebar-layout":"default","site-content-layout":"","ast-site-content-layout":"default","site-content-style":"default","site-sidebar-style":"default","ast-global-header-display":"","ast-banner-title-visibility":"","ast-main-header-display":"","ast-hfb-above-header-display":"","ast-hfb-below-header-display":"","ast-hfb-mobile-header-display":"","site-post-title":"","ast-breadcrumbs-content":"","ast-featured-img":"","footer-sml-layout":"","ast-disable-related-posts":"","theme-transparent-header-meta":"default","adv-header-id-meta":"","stick-header-meta":"","header-above-stick-meta":"","header-main-stick-meta":"","header-below-stick-meta":"","astra-migrate-meta-layouts":"set","ast-page-background-enabled":"default","ast-page-background-meta":{"desktop":{"background-color":"","background-image":"","background-repeat":"repeat","background-position":"center center","background-size":"auto","background-attachment":"scroll","background-type":"","background-media":"","overlay-type":"","overlay-color":"","overlay-opacity":"","overlay-gradient":""},"tablet":{"background-color":"","background-image":"","background-repeat":"repeat","background-position":"center center","background-size":"auto","background-attachment":"scroll","background-type":"","background-media":"","overlay-type":"","overlay-color":"","overlay-opacity":"","overlay-gradient":""},"mobile":{"background-color":"","background-image":"","background-repeat":"repeat","background-position":"center center","background-size":"auto","background-attachment":"scroll","background-type":"","background-media":"","overlay-type":"","overlay-color":"","overlay-opacity":"","overlay-gradient":""}},"ast-content-background-meta":{"desktop":{"background-color":"var(--ast-global-color-5)","background-image":"","background-repeat":"repeat","background-position":"center center","background-size":"auto","background-attachment":"scroll","background-type":"","background-media":"","overlay-type":"","overlay-color":"","overlay-opacity":"","overlay-gradient":""},"tablet":{"background-color":"var(--ast-global-color-5)","background-image":"","background-repeat":"repeat","background-position":"center center","background-size":"auto","background-attachment":"scroll","background-type":"","background-media":"","overlay-type":"","overlay-color":"","overlay-opacity":"","overlay-gradient":""},"mobile":{"background-color":"var(--ast-global-color-5)","background-image":"","background-repeat":"repeat","background-position":"center center","background-size":"auto","background-attachment":"scroll","background-type":"","background-media":"","overlay-type":"","overlay-color":"","overlay-opacity":"","overlay-gradient":""}},"footnotes":""},"categories":[1,463,461,462,1410,1608,460],"cikk_cimkek":[300,6771,572],"content_flags":[],"content_icons":[],"class_list":["post-144562","post","type-post","status-publish","format-standard","has-post-thumbnail","hentry","category-erdmost","category-fontos","category-jobbfent","category-kiemelt","category-kultura","category-mindennapok","category-top","cikk_cimkek-kiallitas","cikk_cimkek-krasznaine-simonyai-timea","cikk_cimkek-szocialis-gondozo-kozpont"],"acf":[],"_links":{"self":[{"href":"https:\/\/erdmost.hu\/en\/wp-json\/wp\/v2\/posts\/144562","targetHints":{"allow":["GET"]}}],"collection":[{"href":"https:\/\/erdmost.hu\/en\/wp-json\/wp\/v2\/posts"}],"about":[{"href":"https:\/\/erdmost.hu\/en\/wp-json\/wp\/v2\/types\/post"}],"author":[{"embeddable":true,"href":"https:\/\/erdmost.hu\/en\/wp-json\/wp\/v2\/users\/5"}],"replies":[{"embeddable":true,"href":"https:\/\/erdmost.hu\/en\/wp-json\/wp\/v2\/comments?post=144562"}],"version-history":[{"count":6,"href":"https:\/\/erdmost.hu\/en\/wp-json\/wp\/v2\/posts\/144562\/revisions"}],"predecessor-version":[{"id":144643,"href":"https:\/\/erdmost.hu\/en\/wp-json\/wp\/v2\/posts\/144562\/revisions\/144643"}],"wp:featuredmedia":[{"embeddable":true,"href":"https:\/\/erdmost.hu\/en\/wp-json\/wp\/v2\/media\/144580"}],"wp:attachment":[{"href":"https:\/\/erdmost.hu\/en\/wp-json\/wp\/v2\/media?parent=144562"}],"wp:term":[{"taxonomy":"category","embeddable":true,"href":"https:\/\/erdmost.hu\/en\/wp-json\/wp\/v2\/categories?post=144562"},{"taxonomy":"cikk_cimkek","embeddable":true,"href":"https:\/\/erdmost.hu\/en\/wp-json\/wp\/v2\/cikk_cimkek?post=144562"},{"taxonomy":"content_flags","embeddable":true,"href":"https:\/\/erdmost.hu\/en\/wp-json\/wp\/v2\/content_flags?post=144562"},{"taxonomy":"content_icons","embeddable":true,"href":"https:\/\/erdmost.hu\/en\/wp-json\/wp\/v2\/content_icons?post=144562"}],"curies":[{"name":"wp","href":"https:\/\/api.w.org\/{rel}","templated":true}]}}