{"id":144559,"date":"2026-09-04T09:49:16","date_gmt":"2026-09-04T07:49:16","guid":{"rendered":"https:\/\/erdmost.hu\/?p=144559"},"modified":"2026-09-04T09:49:16","modified_gmt":"2026-09-04T07:49:16","slug":"erd-is-hadat-uzen-az-illegalis-hulladekneppereknek","status":"publish","type":"post","link":"https:\/\/erdmost.hu\/en\/2026\/09\/04\/erd-is-hadat-uzen-az-illegalis-hulladekneppereknek\/","title":{"rendered":"\u00c9rd is hadat \u00fczen az illeg\u00e1lis hullad\u00e9kneppereknek"},"content":{"rendered":"<p>\u00c9rd is csatlakozik ahhoz az Ercsib\u0151l indult kezdem\u00e9nyez\u00e9shez, amely az enged\u00e9ly n\u00e9lk\u00fcl dolgoz\u00f3 hullad\u00e9ksz\u00e1ll\u00edt\u00f3k \u00e9s az illeg\u00e1lis szem\u00e9tlerak\u00e1s visszaszor\u00edt\u00e1s\u00e1t c\u00e9lozza. A helyi Facebook-csoportok adminisztr\u00e1torait arra k\u00e9rik, fokozottan ellen\u0151rizz\u00e9k a hullad\u00e9k elsz\u00e1ll\u00edt\u00e1s\u00e1t k\u00edn\u00e1l\u00f3 hirdet\u00e9seket.<\/p>\n<p>Az \u00fcgyben Ercsi \u00f6nkorm\u00e1nyzata lev\u00e9lben fordult a k\u00f6rnyez\u0151 telep\u00fcl\u00e9sek polg\u00e1rmestereihez. A G\u00f3lics Ildik\u00f3 polg\u00e1rmester \u00e9s Vajda Attila alpolg\u00e1rmester \u00e1ltal jegyzett dokumentum szerint a probl\u00e9ma egyik forr\u00e1s\u00e1t azok jelentik, akik a k\u00f6z\u00f6ss\u00e9gi m\u00e9di\u00e1ban szab\u00e1lyosan m\u0171k\u00f6d\u0151 v\u00e1llalkoz\u00f3nak adj\u00e1k ki magukat, mik\u00f6zben v\u00e9lhet\u0151en nem rendelkeznek a hullad\u00e9ksz\u00e1ll\u00edt\u00e1shoz sz\u00fcks\u00e9ges jogosults\u00e1gokkal \u00e9s enged\u00e9lyekkel.<\/p>\n<p><img fetchpriority=\"high\" decoding=\"async\" class=\"aligncenter size-full wp-image-100293\" src=\"https:\/\/erdmost.hu\/wp-content\/uploads\/2024\/06\/IMG_5660-e1744805453895.jpeg\" alt=\"\" width=\"1940\" height=\"1283\" srcset=\"https:\/\/erdmost.hu\/wp-content\/uploads\/2024\/06\/IMG_5660-e1744805453895.jpeg 1940w, https:\/\/erdmost.hu\/wp-content\/uploads\/2024\/06\/IMG_5660-e1744805453895-300x198.jpeg 300w, https:\/\/erdmost.hu\/wp-content\/uploads\/2024\/06\/IMG_5660-e1744805453895-768x508.jpeg 768w, https:\/\/erdmost.hu\/wp-content\/uploads\/2024\/06\/IMG_5660-e1744805453895-18x12.jpeg 18w, https:\/\/erdmost.hu\/wp-content\/uploads\/2024\/06\/IMG_5660-e1744805453895-847x560.jpeg 847w, https:\/\/erdmost.hu\/wp-content\/uploads\/2024\/06\/IMG_5660-e1744805453895-1100x727.jpeg 1100w, https:\/\/erdmost.hu\/wp-content\/uploads\/2024\/06\/IMG_5660-e1744805453895-1536x1016.jpeg 1536w, https:\/\/erdmost.hu\/wp-content\/uploads\/2024\/06\/IMG_5660-e1744805453895-350x231.jpeg 350w\" sizes=\"(max-width: 1940px) 100vw, 1940px\" \/><\/p>\n<p>Az ilyen szolg\u00e1ltat\u00f3 \u00e1ltal\u00e1ban a hivatalos \u00e1rn\u00e1l olcs\u00f3bban v\u00e1llalja a lom, az \u00e9p\u00edt\u00e9si t\u00f6rmel\u00e9k vagy m\u00e1s hullad\u00e9k elsz\u00e1ll\u00edt\u00e1s\u00e1t. A megrendel\u0151 azonban nem tudhatja biztosan, hogy a rakom\u00e1ny val\u00f3ban enged\u00e9lyezett hullad\u00e9kkezel\u0151h\u00f6z ker\u00fcl vagy egyszer\u0171en erd\u0151sz\u00e9len, ne adj\u2019isten term\u00e9szetv\u00e9delmi ter\u00fcleten landol.<\/p>\n<p>Ercsiben a v\u00e1rosrend\u00e9szet ellen\u0151rz\u00e9sei, a t\u00e1rsszervekkel k\u00f6z\u00f6sen v\u00e9grehajtott hullad\u00e9krazzi\u00e1k \u00e9s a kamerarendszer seg\u00edts\u00e9g\u00e9vel az elm\u00falt id\u0151szakban t\u00f6bb eredm\u00e9nyt is el\u00e9rtek. Fell\u00e9ptek a megt\u00e9veszt\u0151 internetes hirdet\u00e9sekkel szemben is, ez\u00e9rt a helyi Facebook-csoportokban ma m\u00e1r jellemz\u0151en nem engedik megjelenni az igazolatlan hullad\u00e9ksz\u00e1ll\u00edt\u00e1si aj\u00e1nlatokat.<\/p>\n<p>A kezdem\u00e9nyez\u00e9shez \u00c9rd is csatlakozik. A c\u00e9l az, hogy az \u00e9rdi Facebook-csoportok \u00fczemeltet\u0151inek figyelm\u00e9t is felh\u00edvj\u00e1k a kock\u00e1zatos hirdet\u00e9sekre. A javaslat szerint hullad\u00e9ksz\u00e1ll\u00edt\u00e1st k\u00edn\u00e1l\u00f3 bejegyz\u00e9s csak akkor jelenjen meg, ha a hirdet\u0151 igazolni tudja a tev\u00e9kenys\u00e9ghez sz\u00fcks\u00e9ges jogosults\u00e1gait. Az \u00f6nkorm\u00e1nyzat term\u00e9szetesen nem rendelkezik a mag\u00e1ntulajdonban l\u00e9v\u0151 Facebook-csoportok felett, ez\u00e9rt az adminisztr\u00e1torok egy\u00fcttm\u0171k\u00f6d\u00e9s\u00e9re sz\u00e1m\u00edt.<\/p>\n<p><img decoding=\"async\" class=\"aligncenter size-full wp-image-134934\" src=\"https:\/\/erdmost.hu\/wp-content\/uploads\/2026\/03\/image003-e1773223379979.png\" alt=\"\" width=\"1095\" height=\"746\" srcset=\"https:\/\/erdmost.hu\/wp-content\/uploads\/2026\/03\/image003-e1773223379979.png 1095w, https:\/\/erdmost.hu\/wp-content\/uploads\/2026\/03\/image003-e1773223379979-300x204.png 300w, https:\/\/erdmost.hu\/wp-content\/uploads\/2026\/03\/image003-e1773223379979-768x523.png 768w, https:\/\/erdmost.hu\/wp-content\/uploads\/2026\/03\/image003-e1773223379979-18x12.png 18w, https:\/\/erdmost.hu\/wp-content\/uploads\/2026\/03\/image003-e1773223379979-822x560.png 822w, https:\/\/erdmost.hu\/wp-content\/uploads\/2026\/03\/image003-e1773223379979-350x238.png 350w\" sizes=\"(max-width: 1095px) 100vw, 1095px\" \/><\/p>\n<p>Hogy mi\u00e9rt van sz\u00fcks\u00e9g a szigor\u00fabb ellen\u0151rz\u00e9sre, azt az elm\u00falt \u00e9v \u00e9rdi esetei is j\u00f3l mutatj\u00e1k. Id\u00e9n m\u00e1rciusban egy vadkamera buktatta le azokat, akik a Fundoklia-v\u00f6lgy term\u00e9szetv\u00e9delmi ter\u00fclet\u00e9re k\u00e9t \u00e1gymatracot \u00e9s csaknem sz\u00e1z kilogramm k\u00e1tr\u00e1nypap\u00edrt pr\u00f3b\u00e1ltak behordani. Az egyik f\u00e9rfi azt mondta, \u00f6tezer forint\u00e9rt v\u00e1llalta, hogy a hullad\u00e9kot Pusztaz\u00e1morra sz\u00e1ll\u00edtja, ehelyett a term\u00e9szetv\u00e9delmi ter\u00fcleten pr\u00f3b\u00e1lt megszabadulni t\u0151le. A v\u00e1rosrend\u00e9szet \u00e9s a rend\u0151rs\u00e9g a helysz\u00ednen int\u00e9zkedett, az egyik elk\u00f6vet\u0151r\u0151l r\u00e1ad\u00e1sul kider\u00fclt, hogy k\u00f6r\u00f6zik. Az esetr\u0151l az <a href=\"https:\/\/erdmost.hu\/en\/2026\/03\/11\/vadkamera-buktatta-le-az-erdi-kornyezetszennyezoket\/\">\u00c9rdMost r\u00e9szletesen besz\u00e1molt<\/a>.<\/p>\n<p>Tavaly szeptemberben pedig t\u00e9rfigyel\u0151 kamera r\u00f6gz\u00edtette, amint a Csalog\u00e1ny utca v\u00e9g\u00e9n, a 7-es \u00fat fel\u00fclj\u00e1r\u00f3ja alatt egy M\u00c1V-felirat\u00fa <a href=\"https:\/\/erdmost.hu\/en\/2025\/09\/04\/egy-mav-os-kocsibol-dobaltak-ki-a-hulladekot-erden-video\/\">kisteheraut\u00f3b\u00f3l \u00f6lt\u00f6z\u0151szekr\u00e9nyeket \u00e9s m\u00e1s hullad\u00e9kot pakolnak ki<\/a>. A szemetet k\u00e9s\u0151bb elsz\u00e1ll\u00edtott\u00e1k, a M\u00c1V vez\u00e9rigazgat\u00f3ja pedig eln\u00e9z\u00e9st k\u00e9rt a t\u00f6rt\u00e9ntek\u00e9rt, \u00e9s vizsg\u00e1latot \u00edg\u00e9rt. A kamerafelv\u00e9tellel dokument\u00e1lt \u00fcgyben b\u00edrs\u00e1g kiszab\u00e1s\u00e1t is kil\u00e1t\u00e1sba helyezt\u00e9k.<\/p>\n<p>A k\u00e9t eset k\u00f6z\u00f6s tanuls\u00e1ga, hogy az ellen\u0151rz\u00e9sek, a kamer\u00e1k \u00e9s a gyors hat\u00f3s\u00e1gi int\u00e9zked\u00e9s val\u00f3ban seg\u00edthetik a tetten\u00e9r\u00e9st.<\/p>","protected":false},"excerpt":{"rendered":"<p>Hogy mi\u00e9rt van sz\u00fcks\u00e9g a szigor\u00fabb ellen\u0151rz\u00e9sre, azt az elm\u00falt \u00e9v \u00e9rdi esetei is j\u00f3l mutatj\u00e1k. <\/p>","protected":false},"author":33,"featured_media":128427,"comment_status":"closed","ping_status":"closed","sticky":false,"template":"","format":"standard","meta":{"_acf_changed":false,"_seopress_titles_title":"","_seopress_titles_desc":"","_seopress_robots_index":"","_seopress_robots_follow":"","_seopress_robots_imageindex":"","_seopress_robots_snippet":"","_seopress_robots_primary_cat":"","_seopress_robots_breadcrumbs":"","_seopress_robots_freeze_modified_date":"","_seopress_robots_custom_modified_date":"","_seopress_robots_canonical":"","_seopress_social_fb_title":"","_seopress_social_fb_desc":"","_seopress_social_fb_img":"","_seopress_social_fb_img_attachment_id":0,"_seopress_social_fb_img_width":0,"_seopress_social_fb_img_height":0,"_seopress_social_twitter_title":"","_seopress_social_twitter_desc":"","_seopress_social_twitter_img":"","_seopress_social_twitter_img_attachment_id":0,"_seopress_social_twitter_img_width":0,"_seopress_social_twitter_img_height":0,"_seopress_redirections_value":"","_seopress_redirections_enabled":"","_seopress_redirections_enabled_regex":"","_seopress_redirections_logged_status":"","_seopress_redirections_param":"","_seopress_redirections_type":0,"_seopress_analysis_target_kw":"","_seopress_news_disabled":"","_seopress_video_disabled":"","_seopress_video":[],"_seopress_pro_schemas_manual":[],"_seopress_pro_rich_snippets_disable_all":"","_seopress_pro_rich_snippets_disable":[],"_seopress_pro_schemas":[],"site-sidebar-layout":"default","site-content-layout":"","ast-site-content-layout":"default","site-content-style":"default","site-sidebar-style":"default","ast-global-header-display":"","ast-banner-title-visibility":"","ast-main-header-display":"","ast-hfb-above-header-display":"","ast-hfb-below-header-display":"","ast-hfb-mobile-header-display":"","site-post-title":"","ast-breadcrumbs-content":"","ast-featured-img":"","footer-sml-layout":"","ast-disable-related-posts":"","theme-transparent-header-meta":"default","adv-header-id-meta":"","stick-header-meta":"","header-above-stick-meta":"","header-main-stick-meta":"","header-below-stick-meta":"","astra-migrate-meta-layouts":"set","ast-page-background-enabled":"default","ast-page-background-meta":{"desktop":{"background-color":"","background-image":"","background-repeat":"repeat","background-position":"center center","background-size":"auto","background-attachment":"scroll","background-type":"","background-media":"","overlay-type":"","overlay-color":"","overlay-opacity":"","overlay-gradient":""},"tablet":{"background-color":"","background-image":"","background-repeat":"repeat","background-position":"center center","background-size":"auto","background-attachment":"scroll","background-type":"","background-media":"","overlay-type":"","overlay-color":"","overlay-opacity":"","overlay-gradient":""},"mobile":{"background-color":"","background-image":"","background-repeat":"repeat","background-position":"center center","background-size":"auto","background-attachment":"scroll","background-type":"","background-media":"","overlay-type":"","overlay-color":"","overlay-opacity":"","overlay-gradient":""}},"ast-content-background-meta":{"desktop":{"background-color":"var(--ast-global-color-5)","background-image":"","background-repeat":"repeat","background-position":"center center","background-size":"auto","background-attachment":"scroll","background-type":"","background-media":"","overlay-type":"","overlay-color":"","overlay-opacity":"","overlay-gradient":""},"tablet":{"background-color":"var(--ast-global-color-5)","background-image":"","background-repeat":"repeat","background-position":"center center","background-size":"auto","background-attachment":"scroll","background-type":"","background-media":"","overlay-type":"","overlay-color":"","overlay-opacity":"","overlay-gradient":""},"mobile":{"background-color":"var(--ast-global-color-5)","background-image":"","background-repeat":"repeat","background-position":"center center","background-size":"auto","background-attachment":"scroll","background-type":"","background-media":"","overlay-type":"","overlay-color":"","overlay-opacity":"","overlay-gradient":""}},"footnotes":""},"categories":[1,463,461,462,464,460],"cikk_cimkek":[3187,276,2290,4862],"content_flags":[],"content_icons":[],"class_list":["post-144559","post","type-post","status-publish","format-standard","has-post-thumbnail","hentry","category-erdmost","category-fontos","category-jobbfent","category-kiemelt","category-kozerdeku","category-top","cikk_cimkek-ercsi","cikk_cimkek-erd","cikk_cimkek-illegalis-hulladeklerakas","cikk_cimkek-kozossegi-media"],"acf":[],"_links":{"self":[{"href":"https:\/\/erdmost.hu\/en\/wp-json\/wp\/v2\/posts\/144559","targetHints":{"allow":["GET"]}}],"collection":[{"href":"https:\/\/erdmost.hu\/en\/wp-json\/wp\/v2\/posts"}],"about":[{"href":"https:\/\/erdmost.hu\/en\/wp-json\/wp\/v2\/types\/post"}],"author":[{"embeddable":true,"href":"https:\/\/erdmost.hu\/en\/wp-json\/wp\/v2\/users\/33"}],"replies":[{"embeddable":true,"href":"https:\/\/erdmost.hu\/en\/wp-json\/wp\/v2\/comments?post=144559"}],"version-history":[{"count":9,"href":"https:\/\/erdmost.hu\/en\/wp-json\/wp\/v2\/posts\/144559\/revisions"}],"predecessor-version":[{"id":144593,"href":"https:\/\/erdmost.hu\/en\/wp-json\/wp\/v2\/posts\/144559\/revisions\/144593"}],"wp:featuredmedia":[{"embeddable":true,"href":"https:\/\/erdmost.hu\/en\/wp-json\/wp\/v2\/media\/128427"}],"wp:attachment":[{"href":"https:\/\/erdmost.hu\/en\/wp-json\/wp\/v2\/media?parent=144559"}],"wp:term":[{"taxonomy":"category","embeddable":true,"href":"https:\/\/erdmost.hu\/en\/wp-json\/wp\/v2\/categories?post=144559"},{"taxonomy":"cikk_cimkek","embeddable":true,"href":"https:\/\/erdmost.hu\/en\/wp-json\/wp\/v2\/cikk_cimkek?post=144559"},{"taxonomy":"content_flags","embeddable":true,"href":"https:\/\/erdmost.hu\/en\/wp-json\/wp\/v2\/content_flags?post=144559"},{"taxonomy":"content_icons","embeddable":true,"href":"https:\/\/erdmost.hu\/en\/wp-json\/wp\/v2\/content_icons?post=144559"}],"curies":[{"name":"wp","href":"https:\/\/api.w.org\/{rel}","templated":true}]}}