{"id":144428,"date":"2026-09-01T15:09:45","date_gmt":"2026-09-01T13:09:45","guid":{"rendered":"https:\/\/erdmost.hu\/?p=144428"},"modified":"2026-09-01T15:10:17","modified_gmt":"2026-09-01T13:10:17","slug":"dobbenetes-erdi-csapadekadatokra-derult-feny","status":"publish","type":"post","link":"https:\/\/erdmost.hu\/en\/2026\/09\/01\/dobbenetes-erdi-csapadekadatokra-derult-feny\/","title":{"rendered":"D\u00f6bbenetes \u00e9rdi csapad\u00e9kadatokra der\u00fclt f\u00e9ny"},"content":{"rendered":"<p>H\u00e1rom rendk\u00edv\u00fcl asz\u00e1lyos ny\u00e1ri h\u00f3nap van m\u00f6g\u00f6tt\u00fcnk. A helyzetet s\u00falyosb\u00edtja, hogy tavasszal is igen kev\u00e9s es\u0151 esett. A <a href=\"https:\/\/www.met.hu\/idojaras\/agrometeorologia\/aszalyinfo\/index.php\" target=\"_blank\" rel=\"noopener\">HungaroMet asz\u00e1lyindexe <\/a>szerint az \u00e1prilis 1-t\u0151l tart\u00f3 id\u0151szak t\u00f6bb mint 82 sz\u00e1zal\u00e9k\u00e1ban volt az orsz\u00e1g ter\u00fclet\u00e9nek legal\u00e1bb 30 sz\u00e1zal\u00e9k\u00e1n legal\u00e1bb k\u00f6zepes asz\u00e1ly. A legt\u00f6bb asz\u00e1lyos nap eddig Pest (133) \u00e9s Hajd\u00fa-Bihar (131) megy\u00e9ben fordult el\u0151, a legkevesebb pedig Zal\u00e1ban (61).<\/p>\n<p>A jelent\u00e9s augusztus 27-\u00e9n k\u00e9sz\u00fclt, \u00e9s b\u00e1r az\u00f3ta volt n\u00e9mi csapad\u00e9k, nem enyh\u00fclt a helyzet. Mikl\u00f3si Csaba \u00e9vtizedek \u00f3ta m\u00e9ri a lehull\u00f3 csapad\u00e9kot az egyik \u00e9rdi fi\u00faneves utc\u00e1ban, \u00e9s k\u00fcldi be az adatokat t\u00e1rsadalmi \u00e9szlel\u0151k\u00e9nt. Az \u00c9rdMostnak elmondta: m\u00e9r\u00e9se \u00e9rdi helysz\u00edn\u00e9n augusztus 31-\u00e9n mind\u00f6ssze 0,5 millim\u00e9ter es\u0151 esett. Az intenzit\u00e1s\u00e1b\u00f3l, illetve a vill\u00e1mcsap\u00e1sokb\u00f3l \u00e9s mennyd\u00f6rg\u00e9sekb\u0151l j\u00f3val nagyobb mennyis\u00e9gre lehetett k\u00f6vetkeztetni, de a m\u00e9r\u00e9sek sajnos m\u00e1st mutatnak.<\/p>\n<p><img fetchpriority=\"high\" decoding=\"async\" class=\"aligncenter size-full wp-image-121319\" src=\"https:\/\/erdmost.hu\/wp-content\/uploads\/2025\/04\/woman-9452734_1280.jpg\" alt=\"\" width=\"1280\" height=\"853\" srcset=\"https:\/\/erdmost.hu\/wp-content\/uploads\/2025\/04\/woman-9452734_1280.jpg 1280w, https:\/\/erdmost.hu\/wp-content\/uploads\/2025\/04\/woman-9452734_1280-300x200.jpg 300w, https:\/\/erdmost.hu\/wp-content\/uploads\/2025\/04\/woman-9452734_1280-768x512.jpg 768w, https:\/\/erdmost.hu\/wp-content\/uploads\/2025\/04\/woman-9452734_1280-18x12.jpg 18w, https:\/\/erdmost.hu\/wp-content\/uploads\/2025\/04\/woman-9452734_1280-840x560.jpg 840w, https:\/\/erdmost.hu\/wp-content\/uploads\/2025\/04\/woman-9452734_1280-1100x733.jpg 1100w\" sizes=\"(max-width: 1280px) 100vw, 1280px\" \/><\/p>\n<p>Ami a nyarat illeti, Mikl\u00f3si Csaba eg\u00e9sz augusztusban mind\u00f6ssze 5,0 millim\u00e9ter csapad\u00e9kot regisztr\u00e1lt, a j\u00falius valamivel jobb volt a maga 16,6 millim\u00e9ter\u00e9vel, j\u00fanius pedig vitte a pr\u00edmet a 32,7 millim\u00e9teres mennyis\u00e9ggel.<\/p>\n<p>K\u00e9r\u00e9s\u00fcnkre el\u0151vette az elm\u00falt \u00f6tven \u00e9v adatsor\u00e1t. Az egyes \u00e9vek, illetve h\u00f3napok k\u00f6zt kir\u00edv\u00f3ak a k\u00fcl\u00f6nbs\u00e9gek. M\u00edg 1999 j\u00fanius\u00e1ban 236 millim\u00e9ter esett, 2000 j\u00fanius\u00e1ban csup\u00e1n 18. Volt olyan j\u00falius, amikor 4 millim\u00e9ter, \u00e9s volt, amikor 120 hullott. Augusztusban is m\u00e9rt m\u00e1r 5 millim\u00e9ter teljes havi csapad\u00e9kmennyis\u00e9get, igaz, 130-at is, ez ut\u00f3bbit m\u00e9g 2014-ben.<\/p>\n<p><img decoding=\"async\" class=\"aligncenter size-full wp-image-101556\" src=\"https:\/\/erdmost.hu\/wp-content\/uploads\/2024\/07\/person-775073_1280.jpg\" alt=\"\" width=\"1280\" height=\"854\" srcset=\"https:\/\/erdmost.hu\/wp-content\/uploads\/2024\/07\/person-775073_1280.jpg 1280w, https:\/\/erdmost.hu\/wp-content\/uploads\/2024\/07\/person-775073_1280-300x200.jpg 300w, https:\/\/erdmost.hu\/wp-content\/uploads\/2024\/07\/person-775073_1280-768x512.jpg 768w, https:\/\/erdmost.hu\/wp-content\/uploads\/2024\/07\/person-775073_1280-18x12.jpg 18w, https:\/\/erdmost.hu\/wp-content\/uploads\/2024\/07\/person-775073_1280-839x560.jpg 839w, https:\/\/erdmost.hu\/wp-content\/uploads\/2024\/07\/person-775073_1280-1100x734.jpg 1100w\" sizes=\"(max-width: 1280px) 100vw, 1280px\" \/><\/p>\n<p>Ha a kir\u00edv\u00f3an alacsony csapad\u00e9kmennyis\u00e9g \u00e9s perzsel\u0151 asz\u00e1ly nem is ritka, az m\u00e1r igen, hogy egym\u00e1st k\u00f6vet\u0151 h\u00f3napok ennyire sz\u00e1razak legyenek. Mikl\u00f3si Csaba p\u00e9ldak\u00e9nt hozta fel azt az \u00e9vet, amikor j\u00faniusban mind\u00f6ssze 4 millim\u00e9ternyi es\u0151 hullott, j\u00faliusban viszont m\u00e1r 112, augusztusban pedig 50. Az, hogy mindh\u00e1rom ny\u00e1ri h\u00f3nap ennyire asz\u00e1lyos legyen, mint 2026-ban volt, egy\u00e1ltal\u00e1n nem jellemz\u0151.<\/p>\n<p>Aki figyelte a ny\u00e1ri \u00e9szlel\u00e9seket, annak felt\u0171nhetett, hogy id\u00e9n ny\u00e1ron gyakran el\u0151fordult, hogy egy-egy ter\u00fcleten nagy mennyis\u00e9g\u0171 csapad\u00e9k z\u00fadult le hirtelen, p\u00e1r kilom\u00e9terrel arr\u00e9bb viszont egy\u00e1ltal\u00e1n nem esett, hi\u00e1ba is rem\u00e9nykedtek \u00e9s v\u00e1rakoztak az ott lak\u00f3k.<\/p>\n<p><img decoding=\"async\" class=\"aligncenter size-full wp-image-100827\" src=\"https:\/\/erdmost.hu\/wp-content\/uploads\/2024\/06\/pegs-5651456_1280.jpg\" alt=\"\" width=\"1280\" height=\"899\" srcset=\"https:\/\/erdmost.hu\/wp-content\/uploads\/2024\/06\/pegs-5651456_1280.jpg 1280w, https:\/\/erdmost.hu\/wp-content\/uploads\/2024\/06\/pegs-5651456_1280-300x211.jpg 300w, https:\/\/erdmost.hu\/wp-content\/uploads\/2024\/06\/pegs-5651456_1280-768x539.jpg 768w, https:\/\/erdmost.hu\/wp-content\/uploads\/2024\/06\/pegs-5651456_1280-18x12.jpg 18w, https:\/\/erdmost.hu\/wp-content\/uploads\/2024\/06\/pegs-5651456_1280-797x560.jpg 797w, https:\/\/erdmost.hu\/wp-content\/uploads\/2024\/06\/pegs-5651456_1280-1100x773.jpg 1100w\" sizes=\"(max-width: 1280px) 100vw, 1280px\" \/><\/p>\n<p>Mikl\u00f3si Csaba k\u00e9rd\u00e9s\u00fcnkre elmondta, hogy \u00c9rd nagy kiterjed\u00e9s\u0171 telep\u00fcl\u00e9s, tapasztalatai szerint nincsenek nagy k\u00fcl\u00f6nbs\u00e9gek a lehullott csapad\u00e9k mennyis\u00e9g\u00e9t illet\u0151en. A 31-i vihar sajnos minden\u00fctt kev\u00e9s es\u0151t hozott.<\/p>\n<p>\u201eAz intenzit\u00e1sa alapj\u00e1n hevesebbnek t\u0171nt, mint amennyi csapad\u00e9k esett\u201d \u2013 summ\u00e1zta.<\/p>","protected":false},"excerpt":{"rendered":"<p>Id\u00e9n ny\u00e1ron olyan kev\u00e9s es\u0151 hullott, amire kor\u00e1bban nem nagyon volt p\u00e9lda. <\/p>","protected":false},"author":5,"featured_media":144440,"comment_status":"closed","ping_status":"closed","sticky":false,"template":"","format":"standard","meta":{"_acf_changed":false,"_seopress_titles_title":"","_seopress_titles_desc":"","_seopress_robots_index":"","_seopress_robots_follow":"","_seopress_robots_imageindex":"","_seopress_robots_snippet":"","_seopress_robots_primary_cat":"","_seopress_robots_breadcrumbs":"","_seopress_robots_freeze_modified_date":"","_seopress_robots_custom_modified_date":"","_seopress_robots_canonical":"","_seopress_social_fb_title":"","_seopress_social_fb_desc":"","_seopress_social_fb_img":"","_seopress_social_fb_img_attachment_id":0,"_seopress_social_fb_img_width":0,"_seopress_social_fb_img_height":0,"_seopress_social_twitter_title":"","_seopress_social_twitter_desc":"","_seopress_social_twitter_img":"","_seopress_social_twitter_img_attachment_id":0,"_seopress_social_twitter_img_width":0,"_seopress_social_twitter_img_height":0,"_seopress_redirections_value":"","_seopress_redirections_enabled":"","_seopress_redirections_enabled_regex":"","_seopress_redirections_logged_status":"","_seopress_redirections_param":"","_seopress_redirections_type":0,"_seopress_analysis_target_kw":"","_seopress_news_disabled":"","_seopress_video_disabled":"","_seopress_video":[],"_seopress_pro_schemas_manual":[],"_seopress_pro_rich_snippets_disable_all":"","_seopress_pro_rich_snippets_disable":[],"_seopress_pro_schemas":[],"site-sidebar-layout":"default","site-content-layout":"","ast-site-content-layout":"default","site-content-style":"default","site-sidebar-style":"default","ast-global-header-display":"","ast-banner-title-visibility":"","ast-main-header-display":"","ast-hfb-above-header-display":"","ast-hfb-below-header-display":"","ast-hfb-mobile-header-display":"","site-post-title":"","ast-breadcrumbs-content":"","ast-featured-img":"","footer-sml-layout":"","ast-disable-related-posts":"","theme-transparent-header-meta":"default","adv-header-id-meta":"","stick-header-meta":"","header-above-stick-meta":"","header-main-stick-meta":"","header-below-stick-meta":"","astra-migrate-meta-layouts":"set","ast-page-background-enabled":"default","ast-page-background-meta":{"desktop":{"background-color":"","background-image":"","background-repeat":"repeat","background-position":"center center","background-size":"auto","background-attachment":"scroll","background-type":"","background-media":"","overlay-type":"","overlay-color":"","overlay-opacity":"","overlay-gradient":""},"tablet":{"background-color":"","background-image":"","background-repeat":"repeat","background-position":"center center","background-size":"auto","background-attachment":"scroll","background-type":"","background-media":"","overlay-type":"","overlay-color":"","overlay-opacity":"","overlay-gradient":""},"mobile":{"background-color":"","background-image":"","background-repeat":"repeat","background-position":"center center","background-size":"auto","background-attachment":"scroll","background-type":"","background-media":"","overlay-type":"","overlay-color":"","overlay-opacity":"","overlay-gradient":""}},"ast-content-background-meta":{"desktop":{"background-color":"var(--ast-global-color-5)","background-image":"","background-repeat":"repeat","background-position":"center center","background-size":"auto","background-attachment":"scroll","background-type":"","background-media":"","overlay-type":"","overlay-color":"","overlay-opacity":"","overlay-gradient":""},"tablet":{"background-color":"var(--ast-global-color-5)","background-image":"","background-repeat":"repeat","background-position":"center center","background-size":"auto","background-attachment":"scroll","background-type":"","background-media":"","overlay-type":"","overlay-color":"","overlay-opacity":"","overlay-gradient":""},"mobile":{"background-color":"var(--ast-global-color-5)","background-image":"","background-repeat":"repeat","background-position":"center center","background-size":"auto","background-attachment":"scroll","background-type":"","background-media":"","overlay-type":"","overlay-color":"","overlay-opacity":"","overlay-gradient":""}},"footnotes":""},"categories":[1,463,461,462,464,1608,460],"cikk_cimkek":[4934,4654],"content_flags":[],"content_icons":[],"class_list":["post-144428","post","type-post","status-publish","format-standard","has-post-thumbnail","hentry","category-erdmost","category-fontos","category-jobbfent","category-kiemelt","category-kozerdeku","category-mindennapok","category-top","cikk_cimkek-aszaly","cikk_cimkek-miklosi-csaba"],"acf":[],"_links":{"self":[{"href":"https:\/\/erdmost.hu\/en\/wp-json\/wp\/v2\/posts\/144428","targetHints":{"allow":["GET"]}}],"collection":[{"href":"https:\/\/erdmost.hu\/en\/wp-json\/wp\/v2\/posts"}],"about":[{"href":"https:\/\/erdmost.hu\/en\/wp-json\/wp\/v2\/types\/post"}],"author":[{"embeddable":true,"href":"https:\/\/erdmost.hu\/en\/wp-json\/wp\/v2\/users\/5"}],"replies":[{"embeddable":true,"href":"https:\/\/erdmost.hu\/en\/wp-json\/wp\/v2\/comments?post=144428"}],"version-history":[{"count":4,"href":"https:\/\/erdmost.hu\/en\/wp-json\/wp\/v2\/posts\/144428\/revisions"}],"predecessor-version":[{"id":144433,"href":"https:\/\/erdmost.hu\/en\/wp-json\/wp\/v2\/posts\/144428\/revisions\/144433"}],"wp:featuredmedia":[{"embeddable":true,"href":"https:\/\/erdmost.hu\/en\/wp-json\/wp\/v2\/media\/144440"}],"wp:attachment":[{"href":"https:\/\/erdmost.hu\/en\/wp-json\/wp\/v2\/media?parent=144428"}],"wp:term":[{"taxonomy":"category","embeddable":true,"href":"https:\/\/erdmost.hu\/en\/wp-json\/wp\/v2\/categories?post=144428"},{"taxonomy":"cikk_cimkek","embeddable":true,"href":"https:\/\/erdmost.hu\/en\/wp-json\/wp\/v2\/cikk_cimkek?post=144428"},{"taxonomy":"content_flags","embeddable":true,"href":"https:\/\/erdmost.hu\/en\/wp-json\/wp\/v2\/content_flags?post=144428"},{"taxonomy":"content_icons","embeddable":true,"href":"https:\/\/erdmost.hu\/en\/wp-json\/wp\/v2\/content_icons?post=144428"}],"curies":[{"name":"wp","href":"https:\/\/api.w.org\/{rel}","templated":true}]}}