{"id":144415,"date":"2026-09-01T13:35:37","date_gmt":"2026-09-01T11:35:37","guid":{"rendered":"https:\/\/erdmost.hu\/?p=144415"},"modified":"2026-09-01T14:12:49","modified_gmt":"2026-09-01T12:12:49","slug":"utanajartunk-a-tarnoki-uti-dombok-rejtelyenek","status":"publish","type":"post","link":"https:\/\/erdmost.hu\/en\/2026\/09\/01\/utanajartunk-a-tarnoki-uti-dombok-rejtelyenek\/","title":{"rendered":"Ut\u00e1naj\u00e1rtunk a T\u00e1rnoki \u00fati dombok rejt\u00e9ly\u00e9nek"},"content":{"rendered":"<p>\u00c9rdekes poszt j\u00f6tt szembe velem minap az <em>\u00c9rden l\u00e1ttam hallottam<\/em> Facebook-csoportban: al\u00e1\u00edr\u00e1sgy\u0171jt\u00e9st szerveznek a T\u00e1rnoki \u00fati kiserd\u0151 dombjainak megment\u00e9s\u00e9\u00e9rt. De h\u00e1t mi\u00e9rt kellene megmenteni k\u00e9t dombot? Mert el akarj\u00e1k hordani. Mi\u00e9rt akarnak k\u00e9t dombot elhordani? Az\u00e9rt, mert a k\u00e9t halom kor\u00e1bban nem volt szerves r\u00e9sze a ter\u00fcletnek, hat \u00e9vvel ezel\u0151tt n\u0151tt ki a semmib\u0151l.<\/p>\n<p><img fetchpriority=\"high\" decoding=\"async\" class=\"aligncenter size-full wp-image-144352\" src=\"https:\/\/erdmost.hu\/wp-content\/uploads\/2026\/08\/00011_2domb-scaled.jpg\" alt=\"\" width=\"1920\" height=\"1280\" srcset=\"https:\/\/erdmost.hu\/wp-content\/uploads\/2026\/08\/00011_2domb-scaled.jpg 1920w, https:\/\/erdmost.hu\/wp-content\/uploads\/2026\/08\/00011_2domb-300x200.jpg 300w, https:\/\/erdmost.hu\/wp-content\/uploads\/2026\/08\/00011_2domb-768x512.jpg 768w, https:\/\/erdmost.hu\/wp-content\/uploads\/2026\/08\/00011_2domb-18x12.jpg 18w, https:\/\/erdmost.hu\/wp-content\/uploads\/2026\/08\/00011_2domb-840x560.jpg 840w, https:\/\/erdmost.hu\/wp-content\/uploads\/2026\/08\/00011_2domb-1100x733.jpg 1100w\" sizes=\"(max-width: 1920px) 100vw, 1920px\" \/><\/p>\n<p>Na ne valami term\u00e9szeti csod\u00e1t tess\u00e9k elk\u00e9pzelni. A dombokat anno odahordt\u00e1k.<\/p>\n<p>Ugyanis m\u00e9g az el\u0151z\u0151 v\u00e1rosvezet\u00e9s idej\u00e9n, 2019 el\u0151tt a Modern V\u00e1rosok Program r\u00e9szek\u00e9nt a v\u00e1ros nyugati r\u00e9sz\u00e9nek \u2013 a mostani asz\u00e1ly el\u0151tt m\u00e9g l\u00e9tez\u0151, olykor komoly k\u00e1rokat is okoz\u00f3 \u2013 csapad\u00e9kv\u00edz-probl\u00e9m\u00e1kra t\u00f6bbf\u00e9le megold\u00e1s is felmer\u00fclt: el\u0151sz\u00f6r az, hogy a Bent\u00e1ba engedj\u00e9k \u00c9rd es\u0151viz\u00e9t, de mivel az nem val\u00f3sulhatott meg, a patakba enged\u00e9s helyett a Papi f\u00f6ldekhez hasonl\u00f3 t\u00e1roz\u00f3t \u00e9p\u00edtettek volna.<\/p>\n<p>A beruh\u00e1z\u00e1s az\u00e9rt cs\u00faszott \u2013 r\u00e9szben megv\u00e1ltozott a koncepci\u00f3 is \u2013, mert a k\u00f6zm\u0171kiv\u00e1lt\u00e1sok megdr\u00e1g\u00edtott\u00e1k, illetve a 2018-as nagy es\u0151z\u00e9sek ut\u00e1n T\u00e1rnok visszavonta a kor\u00e1bban kiadott befogad\u00f3i nyilatkozat\u00e1t. \u00cdgy sz\u00fcletett meg a Bagoly utca\u2013T\u00e1rnoki \u00fat \u00e1ltal hat\u00e1rolt t\u00e9rs\u00e9gre tervezett szikkaszt\u00f3 terve.<\/p>\n<p><img decoding=\"async\" class=\"aligncenter size-full wp-image-144361\" src=\"https:\/\/erdmost.hu\/wp-content\/uploads\/2026\/08\/00020_2domb-scaled.jpg\" alt=\"\" width=\"1920\" height=\"1280\" srcset=\"https:\/\/erdmost.hu\/wp-content\/uploads\/2026\/08\/00020_2domb-scaled.jpg 1920w, https:\/\/erdmost.hu\/wp-content\/uploads\/2026\/08\/00020_2domb-300x200.jpg 300w, https:\/\/erdmost.hu\/wp-content\/uploads\/2026\/08\/00020_2domb-768x512.jpg 768w, https:\/\/erdmost.hu\/wp-content\/uploads\/2026\/08\/00020_2domb-18x12.jpg 18w, https:\/\/erdmost.hu\/wp-content\/uploads\/2026\/08\/00020_2domb-840x560.jpg 840w, https:\/\/erdmost.hu\/wp-content\/uploads\/2026\/08\/00020_2domb-1100x733.jpg 1100w\" sizes=\"(max-width: 1920px) 100vw, 1920px\" \/><\/p>\n<p>A \u00a0T. M\u00e9sz\u00e1ros Andr\u00e1s polg\u00e1rmesters\u00e9ge idej\u00e9n kinevezett Kov\u00e1cs P\u00e9ter Barna projektvezet\u0151 2020-ban <a href=\"https:\/\/erdmost.hu\/en\/2020\/05\/27\/pecato-helyett-szikkaszto\/\">arr\u00f3l besz\u00e9lt lapunknak<\/a>, hogy a l\u00e9tes\u00edtm\u00e9nyhez mintegy 16 ezer k\u00f6bm\u00e9ter, m\u00e1s \u00e9p\u00edtkez\u00e9sekr\u0151l sz\u00e1rmaz\u00f3, bevizsg\u00e1lt, megfelel\u0151 min\u0151s\u00e9g\u0171 talajt gy\u0171jtenek \u00f6ssze, amelyb\u0151l a szikkaszt\u00f3 g\u00e1tjai \u00e9p\u00fcltek volna meg.<\/p>\n<p>A tervek szerint az egyik medence a T\u00e1rnoki \u00fat, a m\u00e1sik a Kolozsv\u00e1ri utca fel\u0151l \u00e9rkez\u0151 csapad\u00e9kot fogta \u00e9s szikkasztotta volna el, mik\u00f6zben a ter\u00fclet parkerd\u0151 jelleg\u00e9t is meg\u0151rizt\u00e9k volna.<\/p>\n<p><img decoding=\"async\" class=\"aligncenter size-full wp-image-144351\" src=\"https:\/\/erdmost.hu\/wp-content\/uploads\/2026\/08\/00010_2domb-scaled.jpg\" alt=\"\" width=\"1920\" height=\"1280\" srcset=\"https:\/\/erdmost.hu\/wp-content\/uploads\/2026\/08\/00010_2domb-scaled.jpg 1920w, https:\/\/erdmost.hu\/wp-content\/uploads\/2026\/08\/00010_2domb-300x200.jpg 300w, https:\/\/erdmost.hu\/wp-content\/uploads\/2026\/08\/00010_2domb-768x512.jpg 768w, https:\/\/erdmost.hu\/wp-content\/uploads\/2026\/08\/00010_2domb-18x12.jpg 18w, https:\/\/erdmost.hu\/wp-content\/uploads\/2026\/08\/00010_2domb-840x560.jpg 840w, https:\/\/erdmost.hu\/wp-content\/uploads\/2026\/08\/00010_2domb-1100x733.jpg 1100w\" sizes=\"(max-width: 1920px) 100vw, 1920px\" \/><\/p>\n<p>A beruh\u00e1z\u00e1s azonban v\u00e9g\u00fcl nem kapta meg a sz\u00fcks\u00e9ges hat\u00f3s\u00e1gi enged\u00e9lyeket, mik\u00f6zben a t\u00e1roz\u00f3 kialak\u00edt\u00e1s\u00e1hoz felhaszn\u00e1lni tervezett t\u00f6lt\u0151f\u00f6ld egy r\u00e9sze m\u00e1r a helysz\u00ednre ker\u00fclt. Id\u0151k\u00f6zben \u2013 2023-ban \u2013 megv\u00e1ltozott a jogszab\u00e1lyi k\u00f6rnyezet, a szab\u00e1lyoz\u00e1s enged\u00e9kenyebb lett, amely ak\u00e1r lehet\u0151v\u00e9 is tette volna a projekt megval\u00f3s\u00edt\u00e1s\u00e1t.<\/p>\n<p>\u00c1m k\u00f6zben jelentkezett egy-egy p\u00e9nz\u00fcgyi, illetve jogi jelleg\u0171 probl\u00e9ma. A p\u00e9nz\u00fcgyi: az Orb\u00e1n-korm\u00e1ny befagyasztotta a Modern V\u00e1rosok Programot, a folyamatos p\u00e9nzsz\u0171k\u00e9ben l\u00e9v\u0151 korm\u00e1nyzat elvonta a maradv\u00e1nyp\u00e9nzeket a megyei jog\u00fa v\u00e1rosokt\u00f3l.<\/p>\n<p><img loading=\"lazy\" decoding=\"async\" class=\"aligncenter size-full wp-image-144360\" src=\"https:\/\/erdmost.hu\/wp-content\/uploads\/2026\/08\/00019_2domb-scaled.jpg\" alt=\"\" width=\"1920\" height=\"1280\" srcset=\"https:\/\/erdmost.hu\/wp-content\/uploads\/2026\/08\/00019_2domb-scaled.jpg 1920w, https:\/\/erdmost.hu\/wp-content\/uploads\/2026\/08\/00019_2domb-300x200.jpg 300w, https:\/\/erdmost.hu\/wp-content\/uploads\/2026\/08\/00019_2domb-768x512.jpg 768w, https:\/\/erdmost.hu\/wp-content\/uploads\/2026\/08\/00019_2domb-18x12.jpg 18w, https:\/\/erdmost.hu\/wp-content\/uploads\/2026\/08\/00019_2domb-840x560.jpg 840w, https:\/\/erdmost.hu\/wp-content\/uploads\/2026\/08\/00019_2domb-1100x733.jpg 1100w\" sizes=\"(max-width: 1920px) 100vw, 1920px\" \/><\/p>\n<p>De m\u00e9g ha lett is volna p\u00e9nz a megval\u00f3s\u00edt\u00e1sra, akkor sem jutott volna sokra az \u00f6nkorm\u00e1nyzat, ugyanis a Pest V\u00e1rmegyei Korm\u00e1nyhivatal f\u00f6ldhivatala beh\u00fazta a k\u00e9zif\u00e9ket. A f\u00f6ldt\u00f6rv\u00e9ny szerint \u2013 \u00e9rvelt a korm\u00e1nyhivatal \u2013 nem lehet csak \u00fagy, m\u00e1s helyr\u0151l term\u0151f\u00f6ldet r\u00e1hordani egy m\u00e1sik f\u00f6ldter\u00fcletre. Ez\u00e9rt elrendelte az \u00e9rintett ter\u00fclet helyre\u00e1ll\u00edt\u00e1s\u00e1t, magyar\u00e1n a dombok elhord\u00e1s\u00e1t.<\/p>\n<p>A v\u00e1ros hat\u00e1rid\u0151-m\u00f3dos\u00edt\u00e1st k\u00e9rt, majd a b\u00edr\u00f3s\u00e1gon is megt\u00e1madta a d\u00f6nt\u00e9st, de a Budapest K\u00f6rny\u00e9ki T\u00f6rv\u00e9nysz\u00e9k elutas\u00edtotta a keresetet. Ezt k\u00f6vet\u0151en a NAV 250 ezer forintos b\u00edrs\u00e1got szabott ki az \u00f6nkorm\u00e1nyzatra, \u00e9s 120 napos hat\u00e1rid\u0151t adott a k\u00f6telezetts\u00e9g teljes\u00edt\u00e9s\u00e9re.<\/p>\n<p><img loading=\"lazy\" decoding=\"async\" class=\"aligncenter size-full wp-image-144354\" src=\"https:\/\/erdmost.hu\/wp-content\/uploads\/2026\/08\/00013_2domb-scaled.jpg\" alt=\"\" width=\"1920\" height=\"1280\" srcset=\"https:\/\/erdmost.hu\/wp-content\/uploads\/2026\/08\/00013_2domb-scaled.jpg 1920w, https:\/\/erdmost.hu\/wp-content\/uploads\/2026\/08\/00013_2domb-300x200.jpg 300w, https:\/\/erdmost.hu\/wp-content\/uploads\/2026\/08\/00013_2domb-768x512.jpg 768w, https:\/\/erdmost.hu\/wp-content\/uploads\/2026\/08\/00013_2domb-18x12.jpg 18w, https:\/\/erdmost.hu\/wp-content\/uploads\/2026\/08\/00013_2domb-840x560.jpg 840w, https:\/\/erdmost.hu\/wp-content\/uploads\/2026\/08\/00013_2domb-1100x733.jpg 1100w\" sizes=\"(max-width: 1920px) 100vw, 1920px\" \/><\/p>\n<p>Mint azt a V\u00e1rosh\u00e1z\u00e1r\u00f3l megtudtuk, az \u00f6nkorm\u00e1nyzat tov\u00e1bbra is keresi a j\u00f3 megold\u00e1st. Ugyan a V\u00e1rosgazda n\u00e9mi terepmunk\u00e1t m\u00e1r v\u00e9gzett a ter\u00fcleten \u2013 megmozgattak annyi f\u00f6ldet, hogy ha t\u00e9nyleg sz\u00fcks\u00e9ges, a munkag\u00e9pek fel tudjanak vonulni \u2013, de Cs\u0151zik L\u00e1szl\u00f3 a tov\u00e1bbi munk\u00e1latok le\u00e1ll\u00edt\u00e1s\u00e1t k\u00e9rte, majd a Pest V\u00e1rmegyei Korm\u00e1nyhivatal vezet\u0151j\u00e9hez fordult a dombok elhord\u00e1sa ellen \u00e9rvelve. A polg\u00e1rmester abban b\u00edzik, hogy az \u00faj korm\u00e1ny m\u00e1r m\u00e1sk\u00e9pp fog \u00e1llni az \u00fcgyh\u00f6z, mint ahogy az el\u0151z\u0151 \u00e1llt, \u00e9s elfogadja \u00e9rveit.<\/p>\n<p>Cs\u0151zik L\u00e1szl\u00f3 szerint az\u00e9rt is \u00e9sszer\u0171tlen az el\u0151z\u0151 korm\u00e1ny idej\u00e9n meghozott korm\u00e1nyhivatali d\u00f6nt\u00e9s, mert a f\u00f6ld elsz\u00e1ll\u00edt\u00e1sa szerinte jelent\u0151s k\u00f6rnyezetszennyez\u00e9ssel \u00e9s -terhel\u00e9ssel j\u00e1rna. V\u00e1rhat\u00f3an mintegy k\u00e9t h\u00f3napon \u00e1t tartana a folyamat, ami ezern\u00e9l is t\u00f6bb fordul\u00f3t jelentene a 22 tonn\u00e1s teheraut\u00f3knak. Az ezzel j\u00e1r\u00f3 por-, zajszennyez\u00e9st, nem besz\u00e9lve a kipufog\u00f3g\u00e1zr\u00f3l, el kellene ker\u00fclni.<\/p>\n<p><img loading=\"lazy\" decoding=\"async\" class=\"aligncenter size-full wp-image-144353\" src=\"https:\/\/erdmost.hu\/wp-content\/uploads\/2026\/08\/00012_2domb-scaled.jpg\" alt=\"\" width=\"1920\" height=\"1280\" srcset=\"https:\/\/erdmost.hu\/wp-content\/uploads\/2026\/08\/00012_2domb-scaled.jpg 1920w, https:\/\/erdmost.hu\/wp-content\/uploads\/2026\/08\/00012_2domb-300x200.jpg 300w, https:\/\/erdmost.hu\/wp-content\/uploads\/2026\/08\/00012_2domb-768x512.jpg 768w, https:\/\/erdmost.hu\/wp-content\/uploads\/2026\/08\/00012_2domb-18x12.jpg 18w, https:\/\/erdmost.hu\/wp-content\/uploads\/2026\/08\/00012_2domb-840x560.jpg 840w, https:\/\/erdmost.hu\/wp-content\/uploads\/2026\/08\/00012_2domb-1100x733.jpg 1100w\" sizes=\"(max-width: 1920px) 100vw, 1920px\" \/><\/p>\n<p>R\u00e1ad\u00e1sul az \u00c9rdi V\u00e1rosgazda mint\u00e1t vett a helysz\u00ednen l\u00e9v\u0151 f\u00f6ldb\u0151l, amelyet akkredit\u00e1lt laborat\u00f3riumban vizsg\u00e1ltattak be. Ebb\u0151l kider\u00fclt, hogy a vizsg\u00e1lt elemek egyike sem \u00e9rte el az eg\u00e9szs\u00e9g\u00fcgyi hat\u00e1r\u00e9rt\u00e9ket, teh\u00e1t az oda hordott term\u0151f\u00f6ld nem szennyez\u0151, nem terheli az ott l\u00e9v\u0151 eredeti talajt.<\/p>\n<p>A polg\u00e1rmester azt is megjegyzi a lev\u00e9lben, hogy az oda j\u00e1r\u00f3, s\u00e9t\u00e1l\u00f3, kir\u00e1ndul\u00f3 \u00e9rdiek megszokt\u00e1k, s\u0151t \u2013 mint a cikk\u00fcnk elej\u00e9n bemutatott al\u00e1\u00edr\u00e1sgy\u0171jt\u00e9si kezdem\u00e9nyez\u00e9s is mutatja \u2013 megkedvelt\u00e9k a \u201edombokat\u201d. A kuty\u00e1sok \u00e9s kuty\u00e1tlanok fokozatosan birtokba vett\u00e9k, a f\u00f6ldhalmokon ker\u00e9kp\u00e1ros \u00e9s ugrat\u00f3p\u00e1ly\u00e1t alak\u00edtottak ki.<\/p>\n<p><img loading=\"lazy\" decoding=\"async\" class=\"aligncenter size-full wp-image-144357\" src=\"https:\/\/erdmost.hu\/wp-content\/uploads\/2026\/08\/00016_2domb-scaled.jpg\" alt=\"\" width=\"1920\" height=\"1280\" srcset=\"https:\/\/erdmost.hu\/wp-content\/uploads\/2026\/08\/00016_2domb-scaled.jpg 1920w, https:\/\/erdmost.hu\/wp-content\/uploads\/2026\/08\/00016_2domb-300x200.jpg 300w, https:\/\/erdmost.hu\/wp-content\/uploads\/2026\/08\/00016_2domb-768x512.jpg 768w, https:\/\/erdmost.hu\/wp-content\/uploads\/2026\/08\/00016_2domb-18x12.jpg 18w, https:\/\/erdmost.hu\/wp-content\/uploads\/2026\/08\/00016_2domb-840x560.jpg 840w, https:\/\/erdmost.hu\/wp-content\/uploads\/2026\/08\/00016_2domb-1100x733.jpg 1100w\" sizes=\"(max-width: 1920px) 100vw, 1920px\" \/><\/p>\n<p>Cs\u0151zik L\u00e1szl\u00f3 m\u00e1sik l\u00e9nyeges szempontja, hogy a k\u00f6telez\u00e9s jelent\u0151s anyagi terhet r\u00f3 az \u00f6nkorm\u00e1nyzatra, hiszen a ter\u00fcleten l\u00e9v\u0151 f\u00f6ld elsz\u00e1ll\u00edt\u00e1sa m\u00e9g a legkedvez\u0151bb konstrukci\u00f3ban is t\u00f6bb t\u00edzmilli\u00f3 forint kiad\u00e1st jelentene.<\/p>\n<p>A dombok \u00fcgye nemcsak jogi cs\u00f6rt\u00e9t okozott, a lakoss\u00e1g is megosztott. Sokan szeretn\u00e9k, ha maradn\u00e1nak, de akadnak olyanok is, akik nem adj\u00e1k al\u00e1\u00edr\u00e1sukat az \u00fcgyh\u00f6z. A T\u00e1rnoki \u00faton lak\u00f3k besz\u00e1mol\u00f3i szerint id\u0151nk\u00e9nt k\u00e9s\u0151 estig tart a hangoskod\u00e1s, a crossmotorosok is \u00f3r\u00e1kon \u00e1t b\u0151getik megvadult j\u00f3sz\u00e1gaikat, ami k\u00fcl\u00f6n\u00f6sen az id\u0151sebb polg\u00e1rok sz\u00e1m\u00e1ra jelent probl\u00e9m\u00e1t.<\/p>\n<p>A T\u00e1rnoki \u00fati dombok j\u00f6v\u0151je teh\u00e1t egyel\u0151re kif\u00fcrk\u00e9szhetetlen. Amennyiben d\u00f6nt\u00e9s sz\u00fcletik az \u00fcgyben, az \u00c9rdmost besz\u00e1mol a fejlem\u00e9nyekr\u0151l.<\/p>","protected":false},"excerpt":{"rendered":"<p>A lakosok al\u00e1\u00edr\u00e1st gy\u0171jtenek, \u00e9s a polg\u00e1rmester is t\u00e1mogatja, hogy ne hordj\u00e1k el a ter\u00fclet r\u00e9sz\u00e9v\u00e9 v\u00e1lt halmokat.<\/p>","protected":false},"author":33,"featured_media":144349,"comment_status":"closed","ping_status":"closed","sticky":false,"template":"","format":"standard","meta":{"_acf_changed":false,"_seopress_titles_title":"","_seopress_titles_desc":"","_seopress_robots_index":"","_seopress_robots_follow":"","_seopress_robots_imageindex":"","_seopress_robots_snippet":"","_seopress_robots_primary_cat":"","_seopress_robots_breadcrumbs":"","_seopress_robots_freeze_modified_date":"","_seopress_robots_custom_modified_date":"","_seopress_robots_canonical":"","_seopress_social_fb_title":"","_seopress_social_fb_desc":"","_seopress_social_fb_img":"","_seopress_social_fb_img_attachment_id":0,"_seopress_social_fb_img_width":0,"_seopress_social_fb_img_height":0,"_seopress_social_twitter_title":"","_seopress_social_twitter_desc":"","_seopress_social_twitter_img":"","_seopress_social_twitter_img_attachment_id":0,"_seopress_social_twitter_img_width":0,"_seopress_social_twitter_img_height":0,"_seopress_redirections_value":"","_seopress_redirections_enabled":"","_seopress_redirections_enabled_regex":"","_seopress_redirections_logged_status":"","_seopress_redirections_param":"","_seopress_redirections_type":0,"_seopress_analysis_target_kw":"","_seopress_news_disabled":"","_seopress_video_disabled":"","_seopress_video":[],"_seopress_pro_schemas_manual":[],"_seopress_pro_rich_snippets_disable_all":"","_seopress_pro_rich_snippets_disable":[],"_seopress_pro_schemas":[],"site-sidebar-layout":"default","site-content-layout":"","ast-site-content-layout":"default","site-content-style":"default","site-sidebar-style":"default","ast-global-header-display":"","ast-banner-title-visibility":"","ast-main-header-display":"","ast-hfb-above-header-display":"","ast-hfb-below-header-display":"","ast-hfb-mobile-header-display":"","site-post-title":"","ast-breadcrumbs-content":"","ast-featured-img":"","footer-sml-layout":"","ast-disable-related-posts":"","theme-transparent-header-meta":"default","adv-header-id-meta":"","stick-header-meta":"","header-above-stick-meta":"","header-main-stick-meta":"","header-below-stick-meta":"","astra-migrate-meta-layouts":"set","ast-page-background-enabled":"default","ast-page-background-meta":{"desktop":{"background-color":"","background-image":"","background-repeat":"repeat","background-position":"center center","background-size":"auto","background-attachment":"scroll","background-type":"","background-media":"","overlay-type":"","overlay-color":"","overlay-opacity":"","overlay-gradient":""},"tablet":{"background-color":"","background-image":"","background-repeat":"repeat","background-position":"center center","background-size":"auto","background-attachment":"scroll","background-type":"","background-media":"","overlay-type":"","overlay-color":"","overlay-opacity":"","overlay-gradient":""},"mobile":{"background-color":"","background-image":"","background-repeat":"repeat","background-position":"center center","background-size":"auto","background-attachment":"scroll","background-type":"","background-media":"","overlay-type":"","overlay-color":"","overlay-opacity":"","overlay-gradient":""}},"ast-content-background-meta":{"desktop":{"background-color":"var(--ast-global-color-5)","background-image":"","background-repeat":"repeat","background-position":"center center","background-size":"auto","background-attachment":"scroll","background-type":"","background-media":"","overlay-type":"","overlay-color":"","overlay-opacity":"","overlay-gradient":""},"tablet":{"background-color":"var(--ast-global-color-5)","background-image":"","background-repeat":"repeat","background-position":"center center","background-size":"auto","background-attachment":"scroll","background-type":"","background-media":"","overlay-type":"","overlay-color":"","overlay-opacity":"","overlay-gradient":""},"mobile":{"background-color":"var(--ast-global-color-5)","background-image":"","background-repeat":"repeat","background-position":"center center","background-size":"auto","background-attachment":"scroll","background-type":"","background-media":"","overlay-type":"","overlay-color":"","overlay-opacity":"","overlay-gradient":""}},"footnotes":""},"categories":[1,463,461,462,464,460],"cikk_cimkek":[4547,6768,6767],"content_flags":[],"content_icons":[],"class_list":["post-144415","post","type-post","status-publish","format-standard","has-post-thumbnail","hentry","category-erdmost","category-fontos","category-jobbfent","category-kiemelt","category-kozerdeku","category-top","cikk_cimkek-alairasgyujtes","cikk_cimkek-szikkaszto","cikk_cimkek-tarnoki-ut-domb"],"acf":[],"_links":{"self":[{"href":"https:\/\/erdmost.hu\/en\/wp-json\/wp\/v2\/posts\/144415","targetHints":{"allow":["GET"]}}],"collection":[{"href":"https:\/\/erdmost.hu\/en\/wp-json\/wp\/v2\/posts"}],"about":[{"href":"https:\/\/erdmost.hu\/en\/wp-json\/wp\/v2\/types\/post"}],"author":[{"embeddable":true,"href":"https:\/\/erdmost.hu\/en\/wp-json\/wp\/v2\/users\/33"}],"replies":[{"embeddable":true,"href":"https:\/\/erdmost.hu\/en\/wp-json\/wp\/v2\/comments?post=144415"}],"version-history":[{"count":24,"href":"https:\/\/erdmost.hu\/en\/wp-json\/wp\/v2\/posts\/144415\/revisions"}],"predecessor-version":[{"id":144454,"href":"https:\/\/erdmost.hu\/en\/wp-json\/wp\/v2\/posts\/144415\/revisions\/144454"}],"wp:featuredmedia":[{"embeddable":true,"href":"https:\/\/erdmost.hu\/en\/wp-json\/wp\/v2\/media\/144349"}],"wp:attachment":[{"href":"https:\/\/erdmost.hu\/en\/wp-json\/wp\/v2\/media?parent=144415"}],"wp:term":[{"taxonomy":"category","embeddable":true,"href":"https:\/\/erdmost.hu\/en\/wp-json\/wp\/v2\/categories?post=144415"},{"taxonomy":"cikk_cimkek","embeddable":true,"href":"https:\/\/erdmost.hu\/en\/wp-json\/wp\/v2\/cikk_cimkek?post=144415"},{"taxonomy":"content_flags","embeddable":true,"href":"https:\/\/erdmost.hu\/en\/wp-json\/wp\/v2\/content_flags?post=144415"},{"taxonomy":"content_icons","embeddable":true,"href":"https:\/\/erdmost.hu\/en\/wp-json\/wp\/v2\/content_icons?post=144415"}],"curies":[{"name":"wp","href":"https:\/\/api.w.org\/{rel}","templated":true}]}}