{"id":144388,"date":"2026-08-31T16:12:33","date_gmt":"2026-08-31T14:12:33","guid":{"rendered":"https:\/\/erdmost.hu\/?p=144388"},"modified":"2026-09-01T07:58:39","modified_gmt":"2026-09-01T05:58:39","slug":"meg-lehet-jelentkezni-a-szomszedunnepre","status":"publish","type":"post","link":"https:\/\/erdmost.hu\/en\/2026\/08\/31\/meg-lehet-jelentkezni-a-szomszedunnepre\/","title":{"rendered":"M\u00e9g lehet jelentkezni a szomsz\u00e9d\u00fcnnepre"},"content":{"rendered":"<p>Augusztus v\u00e9g\u00e9ig \u00f6tven lak\u00f3k\u00f6z\u00f6ss\u00e9g regisztr\u00e1lt a szeptember 12-i szomsz\u00e9d\u00fcnnepre. L\u00e1tszik, hogy nagyon n\u00e9pszer\u0171 ez a kezdem\u00e9nyez\u00e9s, amit 2019 \u00f3ta szerveznek meg v\u00e1rosszerte \u2013 tavaly rekordsz\u00e1m\u00fa helysz\u00ednen, t\u00f6bb mint hatvan utc\u00e1nban tartottak szomsz\u00e9d\u00fcnnepet.<\/p>\n<p><img fetchpriority=\"high\" decoding=\"async\" class=\"aligncenter size-full wp-image-144389\" src=\"https:\/\/erdmost.hu\/wp-content\/uploads\/2026\/08\/NB_00004-scaled.jpg\" alt=\"\" width=\"1920\" height=\"1280\" srcset=\"https:\/\/erdmost.hu\/wp-content\/uploads\/2026\/08\/NB_00004-scaled.jpg 1920w, https:\/\/erdmost.hu\/wp-content\/uploads\/2026\/08\/NB_00004-300x200.jpg 300w, https:\/\/erdmost.hu\/wp-content\/uploads\/2026\/08\/NB_00004-768x512.jpg 768w, https:\/\/erdmost.hu\/wp-content\/uploads\/2026\/08\/NB_00004-18x12.jpg 18w, https:\/\/erdmost.hu\/wp-content\/uploads\/2026\/08\/NB_00004-840x560.jpg 840w\" sizes=\"(max-width: 1920px) 100vw, 1920px\" \/><\/p>\n<p>Tak\u00e1cs \u00c9va, aki P\u00e9csr\u0151l hozta a szomsz\u00e9d\u00fcnnep \u00f6tlet\u00e9t, \u00e9s sikerrel meg is honos\u00edtotta \u00c9rden, minden \u00e9vben int\u00e9zi a ter\u00fcletfoglal\u00e1si enged\u00e9lyt azoknak, akik sz\u00edvesen rendezn\u00e9nek a lak\u00f3k\u00f6rnyezet\u00fckben szomsz\u00e9d\u00fcnnepet.<\/p>\n<p><img decoding=\"async\" class=\"aligncenter size-full wp-image-144391\" src=\"https:\/\/erdmost.hu\/wp-content\/uploads\/2026\/08\/ALX4868-scaled.jpg\" alt=\"\" width=\"2560\" height=\"1707\" srcset=\"https:\/\/erdmost.hu\/wp-content\/uploads\/2026\/08\/ALX4868-scaled.jpg 1920w, https:\/\/erdmost.hu\/wp-content\/uploads\/2026\/08\/ALX4868-300x200.jpg 300w, https:\/\/erdmost.hu\/wp-content\/uploads\/2026\/08\/ALX4868-768x512.jpg 768w, https:\/\/erdmost.hu\/wp-content\/uploads\/2026\/08\/ALX4868-18x12.jpg 18w, https:\/\/erdmost.hu\/wp-content\/uploads\/2026\/08\/ALX4868-840x560.jpg 840w\" sizes=\"(max-width: 2560px) 100vw, 2560px\" \/><\/p>\n<p>A voltak\u00e9ppeni szervez\u00e9s m\u00e1r a k\u00f6z\u00f6ss\u00e9gek feladata, rajtuk \u00e1ll, hogy csal\u00e1di napot, k\u00f6z\u00f6s f\u0151z\u0151csk\u00e9z\u00e9st, batyus mulats\u00e1got vagy utcab\u00e1lt tartanak, \u00e9s az is, hogy h\u00e1ny embert h\u00edvnak meg r\u00e1.<\/p>\n<p>A nyomtatott megh\u00edv\u00f3t, amin a szervez\u0151k \u00e9rtes\u00edthetik az utc\u00e1jukban (illetve a k\u00f6rny\u00e9ken) lak\u00f3kat, szint\u00e9n \u00c9va biztos\u00edtja.<\/p>\n<p><img decoding=\"async\" class=\"aligncenter size-full wp-image-144392\" src=\"https:\/\/erdmost.hu\/wp-content\/uploads\/2026\/08\/ALX4916-1-scaled.jpg\" alt=\"\" width=\"2560\" height=\"1707\" srcset=\"https:\/\/erdmost.hu\/wp-content\/uploads\/2026\/08\/ALX4916-1-scaled.jpg 1920w, https:\/\/erdmost.hu\/wp-content\/uploads\/2026\/08\/ALX4916-1-300x200.jpg 300w, https:\/\/erdmost.hu\/wp-content\/uploads\/2026\/08\/ALX4916-1-768x512.jpg 768w, https:\/\/erdmost.hu\/wp-content\/uploads\/2026\/08\/ALX4916-1-18x12.jpg 18w, https:\/\/erdmost.hu\/wp-content\/uploads\/2026\/08\/ALX4916-1-840x560.jpg 840w\" sizes=\"(max-width: 2560px) 100vw, 2560px\" \/><\/p>\n<p>Aki szeretne a lak\u00f3k\u00f6rnyezet\u00e9ben szomsz\u00e9d\u00fcnnepet szervezni 12-\u00e9n, szeptember 4-ig m\u00e9g jelentkezhet Tak\u00e1cs \u00c9v\u00e1n\u00e1l a <a href=\"mailto:szomszedunnep@gmail.com\">szomszedunnep@gmail.com<\/a> e-mailc\u00edmen, az \u00c9rdi szomsz\u00e9d\u00fcnnep Facebook-oldalon, illetve a +36-70\/517-8454-es telefonsz\u00e1mon.<\/p>\n<p><img loading=\"lazy\" decoding=\"async\" class=\"aligncenter size-full wp-image-144390\" src=\"https:\/\/erdmost.hu\/wp-content\/uploads\/2026\/08\/NB_00018-scaled.jpg\" alt=\"\" width=\"2560\" height=\"1707\" srcset=\"https:\/\/erdmost.hu\/wp-content\/uploads\/2026\/08\/NB_00018-scaled.jpg 1920w, https:\/\/erdmost.hu\/wp-content\/uploads\/2026\/08\/NB_00018-300x200.jpg 300w, https:\/\/erdmost.hu\/wp-content\/uploads\/2026\/08\/NB_00018-768x512.jpg 768w, https:\/\/erdmost.hu\/wp-content\/uploads\/2026\/08\/NB_00018-18x12.jpg 18w, https:\/\/erdmost.hu\/wp-content\/uploads\/2026\/08\/NB_00018-840x560.jpg 840w\" sizes=\"(max-width: 2560px) 100vw, 2560px\" \/><\/p>\n<p>Vannak olyan utc\u00e1k, mint p\u00e9ld\u00e1ul a H\u00e1rslevel\u0171, ahol a szomsz\u00e9d\u00fcnnept\u0151l f\u00fcggetlen\u00fcl tartanak utcab\u00e1lt minden \u00e9vben. A H\u00e1rslevel\u0171ben az utc\u00e1juk \u00f6ner\u0151s aszfaltoz\u00e1s\u00e1t <a href=\"https:\/\/erdmost.hu\/en\/2024\/09\/08\/ebben-az-utcaban-mar-huszonot-eve-unnepelnek-a-szomszedok\/\" target=\"_blank\" rel=\"noopener\">\u00fcnneplik<\/a> m\u00e1r negyed \u00e9vsz\u00e1zada. Term\u00e9szetesen erre is van m\u00f3d, csak akkor a ter\u00fcletfoglal\u00e1si enged\u00e9lyt \u00f6n\u00e1ll\u00f3an kell int\u00e9zni\u00fck a szervez\u0151knek.<\/p>\n<p>&nbsp;<\/p>","protected":false},"excerpt":{"rendered":"<p>Id\u00e9n is nagyon n\u00e9pszer\u0171 a kezdem\u00e9nyez\u00e9s, legal\u00e1bb \u00f6tven helysz\u00ednen tartanak utcab\u00e1lt, csal\u00e1di napot, k\u00f6z\u00f6s f\u0151z\u0151csk\u00e9z\u00e9st szeptember 12-\u00e9n. <\/p>","protected":false},"author":5,"featured_media":144393,"comment_status":"closed","ping_status":"closed","sticky":false,"template":"","format":"standard","meta":{"_acf_changed":false,"_seopress_titles_title":"","_seopress_titles_desc":"","_seopress_robots_index":"","_seopress_robots_follow":"","_seopress_robots_imageindex":"","_seopress_robots_snippet":"","_seopress_robots_primary_cat":"","_seopress_robots_breadcrumbs":"","_seopress_robots_freeze_modified_date":"","_seopress_robots_custom_modified_date":"","_seopress_robots_canonical":"","_seopress_social_fb_title":"","_seopress_social_fb_desc":"","_seopress_social_fb_img":"","_seopress_social_fb_img_attachment_id":0,"_seopress_social_fb_img_width":0,"_seopress_social_fb_img_height":0,"_seopress_social_twitter_title":"","_seopress_social_twitter_desc":"","_seopress_social_twitter_img":"","_seopress_social_twitter_img_attachment_id":0,"_seopress_social_twitter_img_width":0,"_seopress_social_twitter_img_height":0,"_seopress_redirections_value":"","_seopress_redirections_enabled":"","_seopress_redirections_enabled_regex":"","_seopress_redirections_logged_status":"","_seopress_redirections_param":"","_seopress_redirections_type":0,"_seopress_analysis_target_kw":"","_seopress_news_disabled":"","_seopress_video_disabled":"","_seopress_video":[],"_seopress_pro_schemas_manual":[],"_seopress_pro_rich_snippets_disable_all":"","_seopress_pro_rich_snippets_disable":[],"_seopress_pro_schemas":[],"site-sidebar-layout":"default","site-content-layout":"","ast-site-content-layout":"default","site-content-style":"default","site-sidebar-style":"default","ast-global-header-display":"","ast-banner-title-visibility":"","ast-main-header-display":"","ast-hfb-above-header-display":"","ast-hfb-below-header-display":"","ast-hfb-mobile-header-display":"","site-post-title":"","ast-breadcrumbs-content":"","ast-featured-img":"","footer-sml-layout":"","ast-disable-related-posts":"","theme-transparent-header-meta":"default","adv-header-id-meta":"","stick-header-meta":"","header-above-stick-meta":"","header-main-stick-meta":"","header-below-stick-meta":"","astra-migrate-meta-layouts":"set","ast-page-background-enabled":"default","ast-page-background-meta":{"desktop":{"background-color":"","background-image":"","background-repeat":"repeat","background-position":"center center","background-size":"auto","background-attachment":"scroll","background-type":"","background-media":"","overlay-type":"","overlay-color":"","overlay-opacity":"","overlay-gradient":""},"tablet":{"background-color":"","background-image":"","background-repeat":"repeat","background-position":"center center","background-size":"auto","background-attachment":"scroll","background-type":"","background-media":"","overlay-type":"","overlay-color":"","overlay-opacity":"","overlay-gradient":""},"mobile":{"background-color":"","background-image":"","background-repeat":"repeat","background-position":"center center","background-size":"auto","background-attachment":"scroll","background-type":"","background-media":"","overlay-type":"","overlay-color":"","overlay-opacity":"","overlay-gradient":""}},"ast-content-background-meta":{"desktop":{"background-color":"var(--ast-global-color-5)","background-image":"","background-repeat":"repeat","background-position":"center center","background-size":"auto","background-attachment":"scroll","background-type":"","background-media":"","overlay-type":"","overlay-color":"","overlay-opacity":"","overlay-gradient":""},"tablet":{"background-color":"var(--ast-global-color-5)","background-image":"","background-repeat":"repeat","background-position":"center center","background-size":"auto","background-attachment":"scroll","background-type":"","background-media":"","overlay-type":"","overlay-color":"","overlay-opacity":"","overlay-gradient":""},"mobile":{"background-color":"var(--ast-global-color-5)","background-image":"","background-repeat":"repeat","background-position":"center center","background-size":"auto","background-attachment":"scroll","background-type":"","background-media":"","overlay-type":"","overlay-color":"","overlay-opacity":"","overlay-gradient":""}},"footnotes":""},"categories":[1,463,461,462,464,1608,460],"cikk_cimkek":[976],"content_flags":[],"content_icons":[],"class_list":["post-144388","post","type-post","status-publish","format-standard","has-post-thumbnail","hentry","category-erdmost","category-fontos","category-jobbfent","category-kiemelt","category-kozerdeku","category-mindennapok","category-top","cikk_cimkek-szomszedunnep"],"acf":[],"_links":{"self":[{"href":"https:\/\/erdmost.hu\/en\/wp-json\/wp\/v2\/posts\/144388","targetHints":{"allow":["GET"]}}],"collection":[{"href":"https:\/\/erdmost.hu\/en\/wp-json\/wp\/v2\/posts"}],"about":[{"href":"https:\/\/erdmost.hu\/en\/wp-json\/wp\/v2\/types\/post"}],"author":[{"embeddable":true,"href":"https:\/\/erdmost.hu\/en\/wp-json\/wp\/v2\/users\/5"}],"replies":[{"embeddable":true,"href":"https:\/\/erdmost.hu\/en\/wp-json\/wp\/v2\/comments?post=144388"}],"version-history":[{"count":7,"href":"https:\/\/erdmost.hu\/en\/wp-json\/wp\/v2\/posts\/144388\/revisions"}],"predecessor-version":[{"id":144407,"href":"https:\/\/erdmost.hu\/en\/wp-json\/wp\/v2\/posts\/144388\/revisions\/144407"}],"wp:featuredmedia":[{"embeddable":true,"href":"https:\/\/erdmost.hu\/en\/wp-json\/wp\/v2\/media\/144393"}],"wp:attachment":[{"href":"https:\/\/erdmost.hu\/en\/wp-json\/wp\/v2\/media?parent=144388"}],"wp:term":[{"taxonomy":"category","embeddable":true,"href":"https:\/\/erdmost.hu\/en\/wp-json\/wp\/v2\/categories?post=144388"},{"taxonomy":"cikk_cimkek","embeddable":true,"href":"https:\/\/erdmost.hu\/en\/wp-json\/wp\/v2\/cikk_cimkek?post=144388"},{"taxonomy":"content_flags","embeddable":true,"href":"https:\/\/erdmost.hu\/en\/wp-json\/wp\/v2\/content_flags?post=144388"},{"taxonomy":"content_icons","embeddable":true,"href":"https:\/\/erdmost.hu\/en\/wp-json\/wp\/v2\/content_icons?post=144388"}],"curies":[{"name":"wp","href":"https:\/\/api.w.org\/{rel}","templated":true}]}}