{"id":144368,"date":"2026-09-01T09:41:33","date_gmt":"2026-09-01T07:41:33","guid":{"rendered":"https:\/\/erdmost.hu\/?p=144368"},"modified":"2026-09-01T09:44:40","modified_gmt":"2026-09-01T07:44:40","slug":"erden-a-nordic-walking-mar-nem-csak-a-mozgasrol-szol","status":"publish","type":"post","link":"https:\/\/erdmost.hu\/en\/2026\/09\/01\/erden-a-nordic-walking-mar-nem-csak-a-mozgasrol-szol\/","title":{"rendered":"\u00c9rden a nordic walking m\u00e1r nem csak a mozg\u00e1sr\u00f3l sz\u00f3l"},"content":{"rendered":"<p class=\"isSelectedEnd\">A nordic walkingr\u00f3l sokaknak els\u0151sorban a term\u00e9szetben v\u00e9gzett mozg\u00e1s, a botok \u00e9s a hosszabb s\u00e9t\u00e1k jutnak az esz\u00fckbe. Az \u00e9rdi nordicos k\u00f6z\u00f6ss\u00e9g mindezeken t\u00fal tal\u00e1lkoz\u00e1si lehet\u0151s\u00e9get, k\u00f6z\u00f6s \u00e9lm\u00e9nyeket \u00e9s \u00faj kapcsolatok l\u00e1t benne, \u00edgy ez a szeml\u00e9let h\u00edvta \u00e9letre a &#8222;Szomsz\u00e9dol\u00f3 botok&#8221; programsorozatot.<\/p>\n<p>A Nordic Walking \u00c9rd csapata 16 \u00e9ve j\u00e1rja a vid\u00e9ket, rengeteg t\u00far\u00e1t szerveztek m\u00e1r helyben, r\u00e9szt vettek orsz\u00e1gos versenyeken, valamint egy-egy nemes c\u00e9l \u00e9rdek\u00e9ben is ragadtak m\u00e1r botot \u00e9s h\u00fazt\u00e1k fel a t\u00faracip\u0151t Kar\u00f3czkai Magdi vezet\u00e9s\u00e9vel, aki k\u00fcl\u00f6n\u00f6sen b\u00fcszke a sz\u00f3ban forg\u00f3 kezdem\u00e9nyez\u00e9sre.<\/p>\n<blockquote><p>\u201e<i>Szeretn\u00e9nk megmutatni, hogy a Nordic Walking nem egyszer\u0171en egy sport, hanem k\u00f6z\u00f6ss\u00e9gi \u00e9lm\u00e9ny is. A &#8222;Szomsz\u00e9dol\u00f3 botokkal&#8221; pedig azt szeretn\u00e9nk el\u00e9rni, hogy az \u00e9rdi emberek k\u00f6z\u00fcl is egyre t\u00f6bben megismerj\u00e9k ezt a nagyszer\u0171 mozg\u00e1sform\u00e1t, \u00e9s azt az \u00e9let\u00e9rz\u00e9st, amit egy j\u00f3 k\u00f6z\u00f6ss\u00e9g adhat\u201d<\/i><\/p><\/blockquote>\n<p>&#8211; hangs\u00falyozta a program kapcs\u00e1n a k\u00f6z\u00f6ss\u00e9g vezet\u0151je.<\/p>\n<figure id=\"attachment_124177\" aria-describedby=\"caption-attachment-124177\" style=\"width: 1920px\" class=\"wp-caption aligncenter\"><img fetchpriority=\"high\" decoding=\"async\" class=\"wp-image-124177 size-full\" src=\"https:\/\/erdmost.hu\/wp-content\/uploads\/2025\/06\/NB_00009-4-scaled.jpg\" alt=\"\" width=\"1920\" height=\"1280\" srcset=\"https:\/\/erdmost.hu\/wp-content\/uploads\/2025\/06\/NB_00009-4-scaled.jpg 1920w, https:\/\/erdmost.hu\/wp-content\/uploads\/2025\/06\/NB_00009-4-300x200.jpg 300w, https:\/\/erdmost.hu\/wp-content\/uploads\/2025\/06\/NB_00009-4-768x512.jpg 768w, https:\/\/erdmost.hu\/wp-content\/uploads\/2025\/06\/NB_00009-4-18x12.jpg 18w, https:\/\/erdmost.hu\/wp-content\/uploads\/2025\/06\/NB_00009-4-840x560.jpg 840w, https:\/\/erdmost.hu\/wp-content\/uploads\/2025\/06\/NB_00009-4-1100x733.jpg 1100w\" sizes=\"(max-width: 1920px) 100vw, 1920px\" \/><figcaption id=\"caption-attachment-124177\" class=\"wp-caption-text\"><em>Kar\u00f3czkai Magdi<\/em><\/figcaption><\/figure>\n<p class=\"isSelectedEnd\">A kezdem\u00e9nyez\u00e9s l\u00e9nyege, hogy a k\u00f6rny\u00e9kbeli nordic walking csapatok id\u0151r\u0151l id\u0151re megl\u00e1togatj\u00e1k egym\u00e1st. A vend\u00e9gl\u00e1t\u00f3 k\u00f6z\u00f6ss\u00e9g megmutatja saj\u00e1t v\u00e1ros\u00e1t, kedvenc \u00fatvonalait \u00e9s term\u00e9szeti \u00e9rt\u00e9keit, a r\u00e9sztvev\u0151k pedig egy k\u00f6z\u00f6s t\u00fara sor\u00e1n nemcsak mozognak, hanem egym\u00e1ssal is megismerkednek.<\/p>\n<p class=\"isSelectedEnd\">Az els\u0151 tal\u00e1lkoz\u00f3n tavasszal az \u00e9rdi csapat l\u00e1tta vend\u00e9g\u00fcl az ercsieket, a m\u00e1sodik alkalommal pedig a<strong>\u00a0Nordic Walking Alapok<\/strong> csapata \u00e9rkezett a f\u0151v\u00e1rosb\u00f3l \u00c9rdre.<\/p>\n<p class=\"isSelectedEnd\"><a href=\"https:\/\/erdmost.hu\/en\/2026\/08\/28\/ket-turat-is-inditanak-a-hetvegen-az-erdi-nordicosok\/\" target=\"_blank\" rel=\"noopener\">Ezen a tal\u00e1lkoz\u00f3n<\/a> k\u00f6zel \u00f6tven nordicos gy\u0171lt \u00f6ssze \u00e9s indult \u00fatnak, hogy felfedezz\u00e9k \u00c9rd term\u00e9szeti sz\u00e9ps\u00e9geit, megismerj\u00e9k a telep\u00fcl\u00e9s\u00fcnk m\u00faltj\u00e1t. Ennek megfelel\u0151en k\u00e9t csapat indult el a Term\u00e1l sz\u00e1ll\u00f3 parkol\u00f3j\u00e1b\u00f3l, \u00edgy az egyik csoport \u00c9rd t\u00f6rt\u00e9net\u00e9vel \u00e9s term\u00e9szeti \u00e9rt\u00e9keivel ismerkedett meg, m\u00edg a m\u00e1sik egy lend\u00fcletesebb t\u00far\u00e1n fedezte fel az \u00e9rdi Magaspartot \u00e9s fentr\u0151l el\u00e9j\u00fck t\u00e1rul\u00f3 panor\u00e1m\u00e1t.<\/p>\n<p class=\"isSelectedEnd\">A program azonban nem a megtett kilom\u00e9terekr\u0151l sz\u00f3lt, hiszen a t\u00far\u00e1k egyik legfontosabb hozad\u00e9ka \u00e9ppen az, ami a megtett t\u00e1vols\u00e1gt\u00f3l f\u00fcggetlen\u00fcl t\u00f6rt\u00e9nik. Az \u00e9rdi \u00e9s a vend\u00e9gk\u00e9nt \u00e9rkez\u0151 nordicosok a t\u00fara v\u00e9g\u00e9re sokszor m\u00e1r \u00fagy \u00e9rzik, mintha r\u00e9g\u00f3ta ismern\u00e9k egym\u00e1st.<\/p>\n<p><img decoding=\"async\" class=\"aligncenter size-full wp-image-144376\" src=\"https:\/\/erdmost.hu\/wp-content\/uploads\/2026\/08\/dunaparti_megallo_nordic.jpeg\" alt=\"\" width=\"1280\" height=\"705\" srcset=\"https:\/\/erdmost.hu\/wp-content\/uploads\/2026\/08\/dunaparti_megallo_nordic.jpeg 1280w, https:\/\/erdmost.hu\/wp-content\/uploads\/2026\/08\/dunaparti_megallo_nordic-300x165.jpeg 300w, https:\/\/erdmost.hu\/wp-content\/uploads\/2026\/08\/dunaparti_megallo_nordic-768x423.jpeg 768w, https:\/\/erdmost.hu\/wp-content\/uploads\/2026\/08\/dunaparti_megallo_nordic-18x10.jpeg 18w, https:\/\/erdmost.hu\/wp-content\/uploads\/2026\/08\/dunaparti_megallo_nordic-1017x560.jpeg 1017w\" sizes=\"(max-width: 1280px) 100vw, 1280px\" \/><\/p>\n<p class=\"isSelectedEnd\">A Szomsz\u00e9dol\u00f3 Botok egyik legfontosabb c\u00e9lja, hogy olyan emberi kapcsolatok sz\u00fclessenek, amelyekben ugyanaz a mozg\u00e1sforma k\u00f6t \u00f6ssze mindenkit.<\/p>\n<blockquote>\n<div dir=\"auto\">&#8222;A c\u00e9l teh\u00e1t nem verseny, nem teljes\u00edtm\u00e9nyhajszol\u00e1s \u00e9s nem az, hogy ki tud t\u00f6bb kilom\u00e9tert megtenni, hanem hogy menj\u00fcnk, ismerj\u00fcnk meg \u00faj helyeket, \u00faj embereket, k\u00f6zben pedig \u00e9p\u00edts\u00fck a saj\u00e1t k\u00f6z\u00f6ss\u00e9g\u00fcnket is. Fontos, hogy <span style=\"font-size: 17.6px;\">min\u00e9l t\u00f6bb \u00e9rdi fedezze fel azt, hogy a botok m\u00f6g\u00f6tt egy nagyszer\u0171, nyitott k\u00f6z\u00f6ss\u00e9g v\u00e1rja<\/span>&#8222;<\/div>\n<\/blockquote>\n<div dir=\"auto\">\n<p>&#8211; emelt\u00e9k ki a szervez\u0151k.<\/p>\n<p>A kezdem\u00e9nyez\u00e9s hosszabb t\u00e1v\u00fa terve szerint \u00e9vente n\u00e9gy alkalommal tal\u00e1lkozn\u00e1nak a k\u00f6rny\u00e9kbeli csapatok: k\u00e9t alkalommal az \u00e9rdi nordicosok induln\u00e1nak \u00fatnak, k\u00e9t alkalommal pedig \u00c9rd l\u00e1tn\u00e1 vend\u00e9g\u00fcl a szomsz\u00e9dos telep\u00fcl\u00e9sek vagy budapesti k\u00f6z\u00f6ss\u00e9gek tagjait.<\/p>\n<p>A k\u00f6vetkez\u0151 \u00e1llom\u00e1s okt\u00f3ber 10-\u00e9n Budapesten lesz, amikor a f\u0151v\u00e1rosi Nordic Walking Alapok csapata viszonozza az \u00e9rdi vend\u00e9gl\u00e1t\u00e1st.<\/p>\n<\/div>","protected":false},"excerpt":{"rendered":"<p>A &#8222;Szomsz\u00e9dol\u00f3 botok&#8221; programsorozat tal\u00e1lkoz\u00e1si lehet\u0151s\u00e9get, k\u00f6z\u00f6s \u00e9lm\u00e9nyeket \u00e9s \u00faj kapcsolatokat is jelent. <\/p>","protected":false},"author":27,"featured_media":144375,"comment_status":"closed","ping_status":"closed","sticky":false,"template":"","format":"standard","meta":{"_acf_changed":false,"_seopress_titles_title":"","_seopress_titles_desc":"","_seopress_robots_index":"","_seopress_robots_follow":"","_seopress_robots_imageindex":"","_seopress_robots_snippet":"","_seopress_robots_primary_cat":"","_seopress_robots_breadcrumbs":"","_seopress_robots_freeze_modified_date":"","_seopress_robots_custom_modified_date":"","_seopress_robots_canonical":"","_seopress_social_fb_title":"","_seopress_social_fb_desc":"","_seopress_social_fb_img":"","_seopress_social_fb_img_attachment_id":0,"_seopress_social_fb_img_width":0,"_seopress_social_fb_img_height":0,"_seopress_social_twitter_title":"","_seopress_social_twitter_desc":"","_seopress_social_twitter_img":"","_seopress_social_twitter_img_attachment_id":0,"_seopress_social_twitter_img_width":0,"_seopress_social_twitter_img_height":0,"_seopress_redirections_value":"","_seopress_redirections_enabled":"","_seopress_redirections_enabled_regex":"","_seopress_redirections_logged_status":"","_seopress_redirections_param":"","_seopress_redirections_type":0,"_seopress_analysis_target_kw":"","_seopress_news_disabled":"","_seopress_video_disabled":"","_seopress_video":[],"_seopress_pro_schemas_manual":[],"_seopress_pro_rich_snippets_disable_all":"","_seopress_pro_rich_snippets_disable":[],"_seopress_pro_schemas":[],"site-sidebar-layout":"default","site-content-layout":"","ast-site-content-layout":"default","site-content-style":"default","site-sidebar-style":"default","ast-global-header-display":"","ast-banner-title-visibility":"","ast-main-header-display":"","ast-hfb-above-header-display":"","ast-hfb-below-header-display":"","ast-hfb-mobile-header-display":"","site-post-title":"","ast-breadcrumbs-content":"","ast-featured-img":"","footer-sml-layout":"","ast-disable-related-posts":"","theme-transparent-header-meta":"default","adv-header-id-meta":"","stick-header-meta":"","header-above-stick-meta":"","header-main-stick-meta":"","header-below-stick-meta":"","astra-migrate-meta-layouts":"set","ast-page-background-enabled":"default","ast-page-background-meta":{"desktop":{"background-color":"","background-image":"","background-repeat":"repeat","background-position":"center center","background-size":"auto","background-attachment":"scroll","background-type":"","background-media":"","overlay-type":"","overlay-color":"","overlay-opacity":"","overlay-gradient":""},"tablet":{"background-color":"","background-image":"","background-repeat":"repeat","background-position":"center center","background-size":"auto","background-attachment":"scroll","background-type":"","background-media":"","overlay-type":"","overlay-color":"","overlay-opacity":"","overlay-gradient":""},"mobile":{"background-color":"","background-image":"","background-repeat":"repeat","background-position":"center center","background-size":"auto","background-attachment":"scroll","background-type":"","background-media":"","overlay-type":"","overlay-color":"","overlay-opacity":"","overlay-gradient":""}},"ast-content-background-meta":{"desktop":{"background-color":"var(--ast-global-color-5)","background-image":"","background-repeat":"repeat","background-position":"center center","background-size":"auto","background-attachment":"scroll","background-type":"","background-media":"","overlay-type":"","overlay-color":"","overlay-opacity":"","overlay-gradient":""},"tablet":{"background-color":"var(--ast-global-color-5)","background-image":"","background-repeat":"repeat","background-position":"center center","background-size":"auto","background-attachment":"scroll","background-type":"","background-media":"","overlay-type":"","overlay-color":"","overlay-opacity":"","overlay-gradient":""},"mobile":{"background-color":"var(--ast-global-color-5)","background-image":"","background-repeat":"repeat","background-position":"center center","background-size":"auto","background-attachment":"scroll","background-type":"","background-media":"","overlay-type":"","overlay-color":"","overlay-opacity":"","overlay-gradient":""}},"footnotes":""},"categories":[1,463,461,462,465,460],"cikk_cimkek":[6766,5345,5122,9],"content_flags":[],"content_icons":[],"class_list":["post-144368","post","type-post","status-publish","format-standard","has-post-thumbnail","hentry","category-erdmost","category-fontos","category-jobbfent","category-kiemelt","category-sport","category-top","cikk_cimkek-kapcsolatok","cikk_cimkek-kozossegepites","cikk_cimkek-nordic-walking-erd","cikk_cimkek-sport"],"acf":[],"_links":{"self":[{"href":"https:\/\/erdmost.hu\/en\/wp-json\/wp\/v2\/posts\/144368","targetHints":{"allow":["GET"]}}],"collection":[{"href":"https:\/\/erdmost.hu\/en\/wp-json\/wp\/v2\/posts"}],"about":[{"href":"https:\/\/erdmost.hu\/en\/wp-json\/wp\/v2\/types\/post"}],"author":[{"embeddable":true,"href":"https:\/\/erdmost.hu\/en\/wp-json\/wp\/v2\/users\/27"}],"replies":[{"embeddable":true,"href":"https:\/\/erdmost.hu\/en\/wp-json\/wp\/v2\/comments?post=144368"}],"version-history":[{"count":7,"href":"https:\/\/erdmost.hu\/en\/wp-json\/wp\/v2\/posts\/144368\/revisions"}],"predecessor-version":[{"id":144410,"href":"https:\/\/erdmost.hu\/en\/wp-json\/wp\/v2\/posts\/144368\/revisions\/144410"}],"wp:featuredmedia":[{"embeddable":true,"href":"https:\/\/erdmost.hu\/en\/wp-json\/wp\/v2\/media\/144375"}],"wp:attachment":[{"href":"https:\/\/erdmost.hu\/en\/wp-json\/wp\/v2\/media?parent=144368"}],"wp:term":[{"taxonomy":"category","embeddable":true,"href":"https:\/\/erdmost.hu\/en\/wp-json\/wp\/v2\/categories?post=144368"},{"taxonomy":"cikk_cimkek","embeddable":true,"href":"https:\/\/erdmost.hu\/en\/wp-json\/wp\/v2\/cikk_cimkek?post=144368"},{"taxonomy":"content_flags","embeddable":true,"href":"https:\/\/erdmost.hu\/en\/wp-json\/wp\/v2\/content_flags?post=144368"},{"taxonomy":"content_icons","embeddable":true,"href":"https:\/\/erdmost.hu\/en\/wp-json\/wp\/v2\/content_icons?post=144368"}],"curies":[{"name":"wp","href":"https:\/\/api.w.org\/{rel}","templated":true}]}}