{"id":144341,"date":"2026-08-31T13:53:53","date_gmt":"2026-08-31T11:53:53","guid":{"rendered":"https:\/\/erdmost.hu\/?p=144341"},"modified":"2026-08-31T14:06:35","modified_gmt":"2026-08-31T12:06:35","slug":"az-erdieket-is-erinti-a-matol-ervenyes-utoszezoni-menetrend","status":"publish","type":"post","link":"https:\/\/erdmost.hu\/en\/2026\/08\/31\/az-erdieket-is-erinti-a-matol-ervenyes-utoszezoni-menetrend\/","title":{"rendered":"Az \u00e9rdieket is \u00e9rinti a m\u00e1t\u00f3l \u00e9rv\u00e9nyes ut\u00f3szezoni menetrend"},"content":{"rendered":"<p>Itt az \u0151sz, a balatoni ny\u00e1ri menetrendet az ut\u00f3szezoni v\u00e1ltotta fel augusztus 31-\u00e9vel. Ez az \u00e9rdiek k\u00f6zeleked\u00e9s\u00e9t is \u00e9rinti, ak\u00e1r a Budapest \u2013 \u00c9rd viszonylatot, ak\u00e1r a balatonit (vagy ak\u00e1r a sz\u00e9kesfeh\u00e9rv\u00e1rit) n\u00e9zz\u00fck.<\/p>\n<p>L\u00e1ssuk, mi v\u00e1ltozik a mai napt\u00f3l.<\/p>\n<p>A\u00a0 <a href=\"https:\/\/www.mavcsoport.hu\/mav-szemelyszallitas\/szolgaltatasok\/balaton\/utoszezon\" target=\"_blank\" rel=\"noopener\">M\u00c1V k\u00f6zlem\u00e9nye szerint<\/a> a Balaton t\u00e9rs\u00e9g\u00e9ben augusztus 31. \u00e9s szeptember 20. k\u00f6z\u00f6tt ut\u00f3szezoni menetrend szerint k\u00f6zlekednek a vonatok, azaz a f\u0151szezonin\u00e1l kevesebb, de a t\u00e9li menetrendhez k\u00e9pest m\u00e9g jelent\u0151sen t\u00f6bb vonat j\u00e1r a t\u00f3hoz Budapestr\u0151l.<\/p>\n<p><img fetchpriority=\"high\" decoding=\"async\" class=\"aligncenter size-full wp-image-127268\" src=\"https:\/\/erdmost.hu\/wp-content\/uploads\/2025\/09\/tomeg-vonat-scaled.jpg\" alt=\"\" width=\"2133\" height=\"1200\" srcset=\"https:\/\/erdmost.hu\/wp-content\/uploads\/2025\/09\/tomeg-vonat-scaled.jpg 2133w, https:\/\/erdmost.hu\/wp-content\/uploads\/2025\/09\/tomeg-vonat-300x169.jpg 300w, https:\/\/erdmost.hu\/wp-content\/uploads\/2025\/09\/tomeg-vonat-768x432.jpg 768w, https:\/\/erdmost.hu\/wp-content\/uploads\/2025\/09\/tomeg-vonat-18x10.jpg 18w, https:\/\/erdmost.hu\/wp-content\/uploads\/2025\/09\/tomeg-vonat-996x560.jpg 996w, https:\/\/erdmost.hu\/wp-content\/uploads\/2025\/09\/tomeg-vonat-1100x619.jpg 1100w\" sizes=\"(max-width: 2133px) 100vw, 2133px\" \/><\/p>\n<p><strong>J\u00f3 h\u00edr, hogy a D\u00e9li-Parti InterR\u00e9gi\u00f3k tov\u00e1bbra is j\u00e1rnak<\/strong>, biztos\u00edtva az \u00e9rdieknek a Balaton d\u00e9li partj\u00e1n fekv\u0151 telep\u00fcl\u00e9sek k\u00f6zvetlen el\u00e9r\u00e9s\u00e9t. A vonatok a D\u00e9li p\u00e1lyaudvarig k\u00f6zelednek, \u00edgy az \u00c9rd \u2013 Budapest viszonylatban is haszn\u00e1lhatjuk \u0151ket, nem csak a Balaton fel\u00e9.<\/p>\n<p>Fontos v\u00e1ltoz\u00e1s, hogy az InterR\u00e9gi\u00f3k t\u00f6bbs\u00e9ge m\u00e1r csak Si\u00f3fokig k\u00f6zlekedik h\u00e9tk\u00f6znaponk\u00e9nt, \u00edgy \u00e9rdemes megn\u00e9zni a menetrendet, ha\u00a0 t\u00e1volabbi balatoni c\u00e9lpontra utazunk. A Bagolyvonatok is csak h\u00e9tv\u00e9g\u00e9n j\u00e1rnak, \u00e9jszakai hazajut\u00e1s tervez\u00e9sekor ezzel is \u00e9rdemes sz\u00e1molni.<\/p>\n<p><img decoding=\"async\" class=\"aligncenter size-full wp-image-125839\" src=\"https:\/\/erdmost.hu\/wp-content\/uploads\/2025\/08\/NB_00002-5-scaled.jpg\" alt=\"\" width=\"1920\" height=\"1280\" srcset=\"https:\/\/erdmost.hu\/wp-content\/uploads\/2025\/08\/NB_00002-5-scaled.jpg 1920w, https:\/\/erdmost.hu\/wp-content\/uploads\/2025\/08\/NB_00002-5-300x200.jpg 300w, https:\/\/erdmost.hu\/wp-content\/uploads\/2025\/08\/NB_00002-5-768x512.jpg 768w, https:\/\/erdmost.hu\/wp-content\/uploads\/2025\/08\/NB_00002-5-18x12.jpg 18w, https:\/\/erdmost.hu\/wp-content\/uploads\/2025\/08\/NB_00002-5-840x560.jpg 840w, https:\/\/erdmost.hu\/wp-content\/uploads\/2025\/08\/NB_00002-5-1100x733.jpg 1100w\" sizes=\"(max-width: 1920px) 100vw, 1920px\" \/><\/p>\n<p>Kor\u00e1bban <a href=\"https:\/\/erdmost.hu\/en\/2026\/08\/24\/hamarosan-ismet-utazhatunk-vonattal-kobanya-kispestre\/\" target=\"_blank\" rel=\"noopener\">m\u00e1r \u00edrtunk arr\u00f3l<\/a>, hogy a D\u00e9li k\u00f6rvas\u00fat fejleszt\u00e9se miatt v\u00e1g\u00e1nyz\u00e1ri menetrend l\u00e9pett \u00e9letbe a K\u0151b\u00e1nya-kispesti vonalon. A ny\u00e1ri sz\u00fcnet ideje alatt egy\u00e1ltal\u00e1n nem lehetett \u00e1tsz\u00e1ll\u00e1s n\u00e9lk\u00fcl, vas\u00faton K\u0151b\u00e1nya-Kispestre utazni.<\/p>\n<p>A j\u00f3 h\u00edr, hogy hogy 31-t\u0151l szeptember 20-ig a G43-asok \u00fajra K\u0151b\u00e1nya-Kispestig k\u00f6zlekednek, \u00f3r\u00e1nk\u00e9nti eljut\u00e1st biztos\u00edtva.<\/p>","protected":false},"excerpt":{"rendered":"<p>\u00c9rdemes r\u00e1n\u00e9zni a vas\u00fati menetrendre, miel\u0151tt \u00fatnak indulunk a Balaton ir\u00e1ny\u00e1ba. <\/p>","protected":false},"author":5,"featured_media":125838,"comment_status":"closed","ping_status":"closed","sticky":false,"template":"","format":"standard","meta":{"_acf_changed":false,"_seopress_titles_title":"","_seopress_titles_desc":"","_seopress_robots_index":"","_seopress_robots_follow":"","_seopress_robots_imageindex":"","_seopress_robots_snippet":"","_seopress_robots_primary_cat":"","_seopress_robots_breadcrumbs":"","_seopress_robots_freeze_modified_date":"","_seopress_robots_custom_modified_date":"","_seopress_robots_canonical":"","_seopress_social_fb_title":"","_seopress_social_fb_desc":"","_seopress_social_fb_img":"","_seopress_social_fb_img_attachment_id":0,"_seopress_social_fb_img_width":0,"_seopress_social_fb_img_height":0,"_seopress_social_twitter_title":"","_seopress_social_twitter_desc":"","_seopress_social_twitter_img":"","_seopress_social_twitter_img_attachment_id":0,"_seopress_social_twitter_img_width":0,"_seopress_social_twitter_img_height":0,"_seopress_redirections_value":"","_seopress_redirections_enabled":"","_seopress_redirections_enabled_regex":"","_seopress_redirections_logged_status":"","_seopress_redirections_param":"","_seopress_redirections_type":0,"_seopress_analysis_target_kw":"","_seopress_news_disabled":"","_seopress_video_disabled":"","_seopress_video":[],"_seopress_pro_schemas_manual":[],"_seopress_pro_rich_snippets_disable_all":"","_seopress_pro_rich_snippets_disable":[],"_seopress_pro_schemas":[],"site-sidebar-layout":"default","site-content-layout":"","ast-site-content-layout":"default","site-content-style":"default","site-sidebar-style":"default","ast-global-header-display":"","ast-banner-title-visibility":"","ast-main-header-display":"","ast-hfb-above-header-display":"","ast-hfb-below-header-display":"","ast-hfb-mobile-header-display":"","site-post-title":"","ast-breadcrumbs-content":"","ast-featured-img":"","footer-sml-layout":"","ast-disable-related-posts":"","theme-transparent-header-meta":"default","adv-header-id-meta":"","stick-header-meta":"","header-above-stick-meta":"","header-main-stick-meta":"","header-below-stick-meta":"","astra-migrate-meta-layouts":"set","ast-page-background-enabled":"default","ast-page-background-meta":{"desktop":{"background-color":"","background-image":"","background-repeat":"repeat","background-position":"center center","background-size":"auto","background-attachment":"scroll","background-type":"","background-media":"","overlay-type":"","overlay-color":"","overlay-opacity":"","overlay-gradient":""},"tablet":{"background-color":"","background-image":"","background-repeat":"repeat","background-position":"center center","background-size":"auto","background-attachment":"scroll","background-type":"","background-media":"","overlay-type":"","overlay-color":"","overlay-opacity":"","overlay-gradient":""},"mobile":{"background-color":"","background-image":"","background-repeat":"repeat","background-position":"center center","background-size":"auto","background-attachment":"scroll","background-type":"","background-media":"","overlay-type":"","overlay-color":"","overlay-opacity":"","overlay-gradient":""}},"ast-content-background-meta":{"desktop":{"background-color":"var(--ast-global-color-5)","background-image":"","background-repeat":"repeat","background-position":"center center","background-size":"auto","background-attachment":"scroll","background-type":"","background-media":"","overlay-type":"","overlay-color":"","overlay-opacity":"","overlay-gradient":""},"tablet":{"background-color":"var(--ast-global-color-5)","background-image":"","background-repeat":"repeat","background-position":"center center","background-size":"auto","background-attachment":"scroll","background-type":"","background-media":"","overlay-type":"","overlay-color":"","overlay-opacity":"","overlay-gradient":""},"mobile":{"background-color":"var(--ast-global-color-5)","background-image":"","background-repeat":"repeat","background-position":"center center","background-size":"auto","background-attachment":"scroll","background-type":"","background-media":"","overlay-type":"","overlay-color":"","overlay-opacity":"","overlay-gradient":""}},"footnotes":""},"categories":[1,463,461,462,464,1608,460],"cikk_cimkek":[142,6765],"content_flags":[],"content_icons":[],"class_list":["post-144341","post","type-post","status-publish","format-standard","has-post-thumbnail","hentry","category-erdmost","category-fontos","category-jobbfent","category-kiemelt","category-kozerdeku","category-mindennapok","category-top","cikk_cimkek-deli-korvasut","cikk_cimkek-utoszezoni-menetrend"],"acf":[],"_links":{"self":[{"href":"https:\/\/erdmost.hu\/en\/wp-json\/wp\/v2\/posts\/144341","targetHints":{"allow":["GET"]}}],"collection":[{"href":"https:\/\/erdmost.hu\/en\/wp-json\/wp\/v2\/posts"}],"about":[{"href":"https:\/\/erdmost.hu\/en\/wp-json\/wp\/v2\/types\/post"}],"author":[{"embeddable":true,"href":"https:\/\/erdmost.hu\/en\/wp-json\/wp\/v2\/users\/5"}],"replies":[{"embeddable":true,"href":"https:\/\/erdmost.hu\/en\/wp-json\/wp\/v2\/comments?post=144341"}],"version-history":[{"count":4,"href":"https:\/\/erdmost.hu\/en\/wp-json\/wp\/v2\/posts\/144341\/revisions"}],"predecessor-version":[{"id":144372,"href":"https:\/\/erdmost.hu\/en\/wp-json\/wp\/v2\/posts\/144341\/revisions\/144372"}],"wp:featuredmedia":[{"embeddable":true,"href":"https:\/\/erdmost.hu\/en\/wp-json\/wp\/v2\/media\/125838"}],"wp:attachment":[{"href":"https:\/\/erdmost.hu\/en\/wp-json\/wp\/v2\/media?parent=144341"}],"wp:term":[{"taxonomy":"category","embeddable":true,"href":"https:\/\/erdmost.hu\/en\/wp-json\/wp\/v2\/categories?post=144341"},{"taxonomy":"cikk_cimkek","embeddable":true,"href":"https:\/\/erdmost.hu\/en\/wp-json\/wp\/v2\/cikk_cimkek?post=144341"},{"taxonomy":"content_flags","embeddable":true,"href":"https:\/\/erdmost.hu\/en\/wp-json\/wp\/v2\/content_flags?post=144341"},{"taxonomy":"content_icons","embeddable":true,"href":"https:\/\/erdmost.hu\/en\/wp-json\/wp\/v2\/content_icons?post=144341"}],"curies":[{"name":"wp","href":"https:\/\/api.w.org\/{rel}","templated":true}]}}