{"id":144291,"date":"2026-08-31T11:50:32","date_gmt":"2026-08-31T09:50:32","guid":{"rendered":"https:\/\/erdmost.hu\/?p=144291"},"modified":"2026-08-31T13:19:34","modified_gmt":"2026-08-31T11:19:34","slug":"szeptemberben-is-pezseg-az-elet-a-magyar-foldrajzi-muzeumban","status":"publish","type":"post","link":"https:\/\/erdmost.hu\/en\/2026\/08\/31\/szeptemberben-is-pezseg-az-elet-a-magyar-foldrajzi-muzeumban\/","title":{"rendered":"Szeptemberben is pezseg az \u00e9let a Magyar F\u00f6ldrajzi M\u00fazeumban"},"content":{"rendered":"<p>A h\u00f3nap els\u0151 programj\u00e1t szeptember 3-\u00e1n, cs\u00fct\u00f6rt\u00f6k\u00f6n 16.30-kor tartj\u00e1k, a m\u00e1r j\u00f3l ismert <strong>Asszonym\u0171hely<\/strong> v\u00e1rja az \u00e9rdekl\u0151d\u0151ket. Nagy Gy\u00f6ngyi vezet\u00e9s\u00e9vel a r\u00e9sztvev\u0151k \u0151szi hajp\u00e1ntot d\u00edsz\u00edthetnek gy\u00f6nggyel. A foglalkoz\u00e1s ingyenes, de el\u0151zetes regisztr\u00e1ci\u00f3hoz k\u00f6t\u00f6tt a <em>regisztracio@foldrajzimuzeum.hu<\/em> e-mail-c\u00edmen. A program korhat\u00e1rhoz k\u00f6t\u00f6tt, 18 \u00e9ven fel\u00fcliek jelentkez\u00e9s\u00e9t v\u00e1rj\u00e1k.<\/p>\n<p><img fetchpriority=\"high\" decoding=\"async\" class=\"aligncenter size-full wp-image-144293\" src=\"https:\/\/erdmost.hu\/wp-content\/uploads\/2026\/08\/asszonymuhely_2026szept.jpg\" alt=\"\" width=\"2509\" height=\"1855\" srcset=\"https:\/\/erdmost.hu\/wp-content\/uploads\/2026\/08\/asszonymuhely_2026szept.jpg 1920w, https:\/\/erdmost.hu\/wp-content\/uploads\/2026\/08\/asszonymuhely_2026szept-300x222.jpg 300w, https:\/\/erdmost.hu\/wp-content\/uploads\/2026\/08\/asszonymuhely_2026szept-768x568.jpg 768w, https:\/\/erdmost.hu\/wp-content\/uploads\/2026\/08\/asszonymuhely_2026szept-16x12.jpg 16w, https:\/\/erdmost.hu\/wp-content\/uploads\/2026\/08\/asszonymuhely_2026szept-757x560.jpg 757w, https:\/\/erdmost.hu\/wp-content\/uploads\/2026\/08\/asszonymuhely_2026szept-1082x800.jpg 1082w\" sizes=\"(max-width: 2509px) 100vw, 2509px\" \/><\/p>\n<p>Szeptember 10-\u00e9n, cs\u00fct\u00f6rt\u00f6k\u00f6n 18 \u00f3r\u00e1t\u00f3l pedig ism\u00e9t j\u00f6n a n\u00e9pszer\u0171 <strong>Kv\u00edzest<\/strong>, ez\u00fattal a gasztron\u00f3mia t\u00e9mak\u00f6r\u00e9ben szervezik meg a programot. A m\u00fazeum minden h\u00f3nap m\u00e1sodik cs\u00fct\u00f6rt\u00f6k\u00e9n v\u00e1rja a 2\u20135 f\u0151s csapatokat egy tartalmas \u00e9s izgalmas vet\u00e9lked\u0151re. A r\u00e9szv\u00e9teli d\u00edj 1000 Ft\/f\u0151. Jelentkezni T\u00fcske Gyul\u00e1n\u00e1l lehet a <em>tuske.gyula@foldrajzimuzeum.hu<\/em> c\u00edmen.<\/p>\n<p><img decoding=\"async\" class=\"aligncenter size-full wp-image-144292\" src=\"https:\/\/erdmost.hu\/wp-content\/uploads\/2026\/08\/KVIZEST_szeptember.jpg\" alt=\"\" width=\"2502\" height=\"1847\" srcset=\"https:\/\/erdmost.hu\/wp-content\/uploads\/2026\/08\/KVIZEST_szeptember.jpg 1920w, https:\/\/erdmost.hu\/wp-content\/uploads\/2026\/08\/KVIZEST_szeptember-300x221.jpg 300w, https:\/\/erdmost.hu\/wp-content\/uploads\/2026\/08\/KVIZEST_szeptember-768x567.jpg 768w, https:\/\/erdmost.hu\/wp-content\/uploads\/2026\/08\/KVIZEST_szeptember-16x12.jpg 16w, https:\/\/erdmost.hu\/wp-content\/uploads\/2026\/08\/KVIZEST_szeptember-759x560.jpg 759w, https:\/\/erdmost.hu\/wp-content\/uploads\/2026\/08\/KVIZEST_szeptember-1084x800.jpg 1084w\" sizes=\"(max-width: 2502px) 100vw, 2502px\" \/><\/p>\n<p>Szeptember 15-\u00e9n, kedden 18 \u00f3rakor a <strong>Vil\u00e1gj\u00e1r\u00f3 est\u00e9k<\/strong> sorozat k\u00f6vetkez\u0151 el\u0151ad\u00e1s\u00e1ra v\u00e1rj\u00e1k a k\u00f6z\u00f6ns\u00e9get. Galg\u00f3czi Istv\u00e1n \u201eKalandjaim a selyem\u00faton\u201d c\u00edmmel tart el\u0151ad\u00e1st, amelyen a hallgat\u00f3k egy k\u00fcl\u00f6nleges utaz\u00e1s \u00e9lm\u00e9nyeibe nyerhetnek betekint\u00e9st. A bel\u00e9p\u0151 500 forint, a M\u00fazeumi K\u00e1rty\u00e1val rendelkez\u0151k sz\u00e1m\u00e1ra azonban ingyenes a program.<\/p>\n<p><img decoding=\"async\" class=\"aligncenter size-full wp-image-144294\" src=\"https:\/\/erdmost.hu\/wp-content\/uploads\/2026\/08\/VILAGJAROESTEK_2026_szeptember.jpg\" alt=\"\" width=\"2502\" height=\"1847\" srcset=\"https:\/\/erdmost.hu\/wp-content\/uploads\/2026\/08\/VILAGJAROESTEK_2026_szeptember.jpg 1920w, https:\/\/erdmost.hu\/wp-content\/uploads\/2026\/08\/VILAGJAROESTEK_2026_szeptember-300x221.jpg 300w, https:\/\/erdmost.hu\/wp-content\/uploads\/2026\/08\/VILAGJAROESTEK_2026_szeptember-768x567.jpg 768w, https:\/\/erdmost.hu\/wp-content\/uploads\/2026\/08\/VILAGJAROESTEK_2026_szeptember-16x12.jpg 16w, https:\/\/erdmost.hu\/wp-content\/uploads\/2026\/08\/VILAGJAROESTEK_2026_szeptember-759x560.jpg 759w, https:\/\/erdmost.hu\/wp-content\/uploads\/2026\/08\/VILAGJAROESTEK_2026_szeptember-1084x800.jpg 1084w\" sizes=\"(max-width: 2502px) 100vw, 2502px\" \/><\/p>\n<p>A h\u00f3nap harmadik het\u00e9ben a csillag\u00e1szat ir\u00e1nt \u00e9rdekl\u0151d\u0151k is tal\u00e1lhatnak maguknak programot. Szeptember 23-\u00e1n, szerd\u00e1n 18 \u00f3rakor az <strong>\u00c9rdi Csillag\u00e1szati Klub<\/strong> tartja k\u00f6vetkez\u0151 \u00f6sszej\u00f6vetel\u00e9t. Bozsik Vilmos \u201eNavigare necesse est \u2013 Helymeghat\u00e1roz\u00e1s \u00e9s navig\u00e1ci\u00f3 a kezdetekt\u0151l napjainkig\u201d c\u00edmmel tart el\u0151ad\u00e1st. A rendezv\u00e9ny ingyenesen l\u00e1togathat\u00f3.<\/p>\n<p>Szeptember 26-\u00e1n, szombaton 16 \u00e9s 20 \u00f3ra k\u00f6z\u00f6tt j\u00f6n a <strong>Kutat\u00f3k \u00e9jszak\u00e1ja<\/strong>, amely igazi csal\u00e1di kikapcsol\u00f3d\u00e1snak \u00edg\u00e9rkezik, \u201eLegy\u00e9l te is kutat\u00f3 egy est\u00e9re!\u201d mott\u00f3val.<\/p>\n<p><img loading=\"lazy\" decoding=\"async\" class=\"aligncenter size-full wp-image-37392\" src=\"https:\/\/erdmost.hu\/wp-content\/uploads\/2022\/04\/siposgyorgyEUBaloghA_220419-scaled.jpg\" alt=\"\" width=\"2560\" height=\"1707\" srcset=\"https:\/\/erdmost.hu\/wp-content\/uploads\/2022\/04\/siposgyorgyEUBaloghA_220419-scaled.jpg 2560w, https:\/\/erdmost.hu\/wp-content\/uploads\/2022\/04\/siposgyorgyEUBaloghA_220419-300x200.jpg 300w, https:\/\/erdmost.hu\/wp-content\/uploads\/2022\/04\/siposgyorgyEUBaloghA_220419-1024x683.jpg 1024w, https:\/\/erdmost.hu\/wp-content\/uploads\/2022\/04\/siposgyorgyEUBaloghA_220419-768x512.jpg 768w, https:\/\/erdmost.hu\/wp-content\/uploads\/2022\/04\/siposgyorgyEUBaloghA_220419-1536x1024.jpg 1536w, https:\/\/erdmost.hu\/wp-content\/uploads\/2022\/04\/siposgyorgyEUBaloghA_220419-2048x1365.jpg 2048w\" sizes=\"(max-width: 2560px) 100vw, 2560px\" \/><\/p>\n<p>A szervez\u0151k k\u00fcl\u00f6nf\u00e9le bemutat\u00f3kat tartanak: megismerkedhetnek a prepar\u00e1torok \u00e9s a restaur\u00e1torok munk\u00e1j\u00e1val, de a k\u0151eszk\u00f6zk\u00e9sz\u00edt\u00e9s titkaira is f\u00e9ny der\u00fcl, s\u0151t a K\u00f6z\u00f6ss\u00e9gi R\u00e9g\u00e9szeti Egyes\u00fclet\u00a0 is k\u00e9sz\u00fcl egy izgalmas programmal. A gyerekeket \u00e9s a j\u00e1t\u00e9kos kedv\u0171 feln\u0151tteket pedig <strong>muzeol\u00f3gus j\u00e1tsz\u00f3h\u00e1z<\/strong> v\u00e1rja.<\/p>\n<p>A szeptemberi programok sor\u00e1t egy \u00faj id\u0151szaki ki\u00e1ll\u00edt\u00e1s megnyit\u00f3ja z\u00e1rja. <strong>Szeptember 29-\u00e9n, kedden 18 \u00f3rakor<\/strong> a M\u00fazeumok \u0150szi Fesztiv\u00e1lja keret\u00e9ben ny\u00edlik meg a <strong>\u201eCholnoky \u00e9s Kolozsv\u00e1r\u201d<\/strong> c\u00edm\u0171 t\u00e1rlat.<\/p>\n<div style=\"border: 2px solid #1976d2; padding: 20px; margin: 20px 0; background-color: #f5f9ff; border-radius: 4px;\">\n<p>Cholnoky Jen\u0151 1905 \u00e9s 1919 k\u00f6z\u00f6tt \u00e9lt \u00e9s alkotott Kolozsv\u00e1ron, a Ferenc J\u00f3zsef Tudom\u00e1nyegyetem f\u00f6ldrajz professzorak\u00e9nt. Ez az id\u0151szak volt munk\u00e1ss\u00e1g\u00e1nak egyik legterm\u00e9kenyebb szakasza, mely Kolozsv\u00e1rt \u2013 Budapest ellens\u00falyak\u00e9nt \u2013 a magyar tudom\u00e1nyos \u00e9let pezsg\u0151 k\u00f6zpontj\u00e1v\u00e1 tette. Megszervezte a korszer\u0171 F\u00f6ldrajzi Int\u00e9zetet, mik\u00f6zben intenz\u00edven kutatta Erd\u00e9ly geomorfol\u00f3gi\u00e1j\u00e1t, k\u00fcl\u00f6n\u00f6sen a barlangokat, a foly\u00f3v\u00f6lgyeket \u00e9s a Balaton eredet\u00e9t.<\/p>\n<p>Sz\u00e1mos k\u00fclf\u00f6ldi exped\u00edci\u00f3t szervezett, kiemelend\u0151 ezek k\u00f6z\u00fcl a Spitzberg\u00e1kra tett \u00e9s az amerikai transzkontinent\u00e1lis tanulm\u00e1ny\u00fatja, melyek sor\u00e1n rengeteg f\u00e9nyk\u00e9pet k\u00e9sz\u00edtett, \u00e9s hagyott az ut\u00f3korra. Kiv\u00e1l\u00f3 el\u0151ad\u00f3k\u00e9nt rengeteget tett a term\u00e9szetj\u00e1r\u00e1s \u00e9s a tudom\u00e1ny n\u00e9pszer\u0171s\u00edt\u00e9s\u00e9\u00e9rt. A trianoni d\u00f6nt\u00e9s ut\u00e1n, dr\u00e1mai k\u00f6r\u00fclm\u00e9nyek k\u00f6z\u00f6tt k\u00e9nyszer\u00fclt elhagyni a v\u00e1rost, mely a kolozsv\u00e1ri magyar tudom\u00e1nyos \u00e9let vir\u00e1gz\u00e1s\u00e1nak v\u00e9g\u00e9t is jelentette.<span style=\"font-size: 16px; background-color: #ffffff;\">\u00a0<\/span><\/p>\n<\/div>\n<p>A ki\u00e1ll\u00edt\u00e1st Dr. Kov\u00e1cs Zolt\u00e1n, a Magyar F\u00f6ldrajzi T\u00e1rsas\u00e1g eln\u00f6ke nyitja meg, kur\u00e1tora pedig G\u00e1l M\u00e1rton muzeol\u00f3gus.<\/p>\n<p><img loading=\"lazy\" decoding=\"async\" class=\"aligncenter size-full wp-image-144298\" src=\"https:\/\/erdmost.hu\/wp-content\/uploads\/2026\/08\/cholnoky_2026_szeptember.jpg\" alt=\"\" width=\"2502\" height=\"1847\" srcset=\"https:\/\/erdmost.hu\/wp-content\/uploads\/2026\/08\/cholnoky_2026_szeptember.jpg 1920w, https:\/\/erdmost.hu\/wp-content\/uploads\/2026\/08\/cholnoky_2026_szeptember-300x221.jpg 300w, https:\/\/erdmost.hu\/wp-content\/uploads\/2026\/08\/cholnoky_2026_szeptember-768x567.jpg 768w, https:\/\/erdmost.hu\/wp-content\/uploads\/2026\/08\/cholnoky_2026_szeptember-16x12.jpg 16w, https:\/\/erdmost.hu\/wp-content\/uploads\/2026\/08\/cholnoky_2026_szeptember-759x560.jpg 759w, https:\/\/erdmost.hu\/wp-content\/uploads\/2026\/08\/cholnoky_2026_szeptember-1084x800.jpg 1084w\" sizes=\"(max-width: 2502px) 100vw, 2502px\" \/><\/p>\n<p>A szeptemberi programok mellett m\u00e9g k\u00e9t id\u0151szaki fot\u00f3ki\u00e1ll\u00edt\u00e1s is v\u00e1rja az \u00e9rdekl\u0151d\u0151ket. Az <strong>\u201eIndon\u00e9zia j\u00e1ratlan \u00fatjain \u2013 Bal\u00e1zs D\u00e9nes \u00e9s Horv\u00e1th Mih\u00e1ly 1964\u201365. \u00e9vi indon\u00e9ziai exped\u00edci\u00f3j\u00e1nak v\u00e1logatott fotogr\u00e1fi\u00e1i\u201d<\/strong> c\u00edm\u0171 t\u00e1rlat <strong>2026. szeptember 20-ig<\/strong>, m\u00edg <strong>Hamar Gy\u00f6rgy \u201eElugrottam \u00daj-Z\u00e9landra\u201d<\/strong> c\u00edm\u0171 fot\u00f3ki\u00e1ll\u00edt\u00e1sa <strong>2026. okt\u00f3ber 11-ig<\/strong> tekinthet\u0151 meg a m\u00fazeum nyitvatart\u00e1si idej\u00e9ben.<\/p>\n<p>&nbsp;<\/p>","protected":false},"excerpt":{"rendered":"<p>A k\u00e9zm\u0171ves foglalkoz\u00e1st\u00f3l a csal\u00e1di programokon \u00e1t egy \u00faj id\u0151szaki ki\u00e1ll\u00edt\u00e1s megnyit\u00f3ja is szerepel az int\u00e9zm\u00e9ny k\u00edn\u00e1lat\u00e1ban.<\/p>","protected":false},"author":27,"featured_media":76908,"comment_status":"closed","ping_status":"closed","sticky":false,"template":"","format":"standard","meta":{"_acf_changed":false,"_seopress_titles_title":"","_seopress_titles_desc":"","_seopress_robots_index":"","_seopress_robots_follow":"","_seopress_robots_imageindex":"","_seopress_robots_snippet":"","_seopress_robots_primary_cat":"","_seopress_robots_breadcrumbs":"","_seopress_robots_freeze_modified_date":"","_seopress_robots_custom_modified_date":"","_seopress_robots_canonical":"","_seopress_social_fb_title":"","_seopress_social_fb_desc":"","_seopress_social_fb_img":"","_seopress_social_fb_img_attachment_id":0,"_seopress_social_fb_img_width":0,"_seopress_social_fb_img_height":0,"_seopress_social_twitter_title":"","_seopress_social_twitter_desc":"","_seopress_social_twitter_img":"","_seopress_social_twitter_img_attachment_id":0,"_seopress_social_twitter_img_width":0,"_seopress_social_twitter_img_height":0,"_seopress_redirections_value":"","_seopress_redirections_enabled":"","_seopress_redirections_enabled_regex":"","_seopress_redirections_logged_status":"","_seopress_redirections_param":"","_seopress_redirections_type":0,"_seopress_analysis_target_kw":"","_seopress_news_disabled":"","_seopress_video_disabled":"","_seopress_video":[],"_seopress_pro_schemas_manual":[],"_seopress_pro_rich_snippets_disable_all":"","_seopress_pro_rich_snippets_disable":[],"_seopress_pro_schemas":[],"site-sidebar-layout":"default","site-content-layout":"","ast-site-content-layout":"default","site-content-style":"default","site-sidebar-style":"default","ast-global-header-display":"","ast-banner-title-visibility":"","ast-main-header-display":"","ast-hfb-above-header-display":"","ast-hfb-below-header-display":"","ast-hfb-mobile-header-display":"","site-post-title":"","ast-breadcrumbs-content":"","ast-featured-img":"","footer-sml-layout":"","ast-disable-related-posts":"","theme-transparent-header-meta":"default","adv-header-id-meta":"","stick-header-meta":"","header-above-stick-meta":"","header-main-stick-meta":"","header-below-stick-meta":"","astra-migrate-meta-layouts":"set","ast-page-background-enabled":"default","ast-page-background-meta":{"desktop":{"background-color":"","background-image":"","background-repeat":"repeat","background-position":"center center","background-size":"auto","background-attachment":"scroll","background-type":"","background-media":"","overlay-type":"","overlay-color":"","overlay-opacity":"","overlay-gradient":""},"tablet":{"background-color":"","background-image":"","background-repeat":"repeat","background-position":"center center","background-size":"auto","background-attachment":"scroll","background-type":"","background-media":"","overlay-type":"","overlay-color":"","overlay-opacity":"","overlay-gradient":""},"mobile":{"background-color":"","background-image":"","background-repeat":"repeat","background-position":"center center","background-size":"auto","background-attachment":"scroll","background-type":"","background-media":"","overlay-type":"","overlay-color":"","overlay-opacity":"","overlay-gradient":""}},"ast-content-background-meta":{"desktop":{"background-color":"var(--ast-global-color-5)","background-image":"","background-repeat":"repeat","background-position":"center center","background-size":"auto","background-attachment":"scroll","background-type":"","background-media":"","overlay-type":"","overlay-color":"","overlay-opacity":"","overlay-gradient":""},"tablet":{"background-color":"var(--ast-global-color-5)","background-image":"","background-repeat":"repeat","background-position":"center center","background-size":"auto","background-attachment":"scroll","background-type":"","background-media":"","overlay-type":"","overlay-color":"","overlay-opacity":"","overlay-gradient":""},"mobile":{"background-color":"var(--ast-global-color-5)","background-image":"","background-repeat":"repeat","background-position":"center center","background-size":"auto","background-attachment":"scroll","background-type":"","background-media":"","overlay-type":"","overlay-color":"","overlay-opacity":"","overlay-gradient":""}},"footnotes":""},"categories":[1,463,461,462,460],"cikk_cimkek":[137,636,6003],"content_flags":[],"content_icons":[],"class_list":["post-144291","post","type-post","status-publish","format-standard","has-post-thumbnail","hentry","category-erdmost","category-fontos","category-jobbfent","category-kiemelt","category-top","cikk_cimkek-magyar-foldrajzi-muzeum","cikk_cimkek-programok","cikk_cimkek-szeptember"],"acf":[],"_links":{"self":[{"href":"https:\/\/erdmost.hu\/en\/wp-json\/wp\/v2\/posts\/144291","targetHints":{"allow":["GET"]}}],"collection":[{"href":"https:\/\/erdmost.hu\/en\/wp-json\/wp\/v2\/posts"}],"about":[{"href":"https:\/\/erdmost.hu\/en\/wp-json\/wp\/v2\/types\/post"}],"author":[{"embeddable":true,"href":"https:\/\/erdmost.hu\/en\/wp-json\/wp\/v2\/users\/27"}],"replies":[{"embeddable":true,"href":"https:\/\/erdmost.hu\/en\/wp-json\/wp\/v2\/comments?post=144291"}],"version-history":[{"count":7,"href":"https:\/\/erdmost.hu\/en\/wp-json\/wp\/v2\/posts\/144291\/revisions"}],"predecessor-version":[{"id":144367,"href":"https:\/\/erdmost.hu\/en\/wp-json\/wp\/v2\/posts\/144291\/revisions\/144367"}],"wp:featuredmedia":[{"embeddable":true,"href":"https:\/\/erdmost.hu\/en\/wp-json\/wp\/v2\/media\/76908"}],"wp:attachment":[{"href":"https:\/\/erdmost.hu\/en\/wp-json\/wp\/v2\/media?parent=144291"}],"wp:term":[{"taxonomy":"category","embeddable":true,"href":"https:\/\/erdmost.hu\/en\/wp-json\/wp\/v2\/categories?post=144291"},{"taxonomy":"cikk_cimkek","embeddable":true,"href":"https:\/\/erdmost.hu\/en\/wp-json\/wp\/v2\/cikk_cimkek?post=144291"},{"taxonomy":"content_flags","embeddable":true,"href":"https:\/\/erdmost.hu\/en\/wp-json\/wp\/v2\/content_flags?post=144291"},{"taxonomy":"content_icons","embeddable":true,"href":"https:\/\/erdmost.hu\/en\/wp-json\/wp\/v2\/content_icons?post=144291"}],"curies":[{"name":"wp","href":"https:\/\/api.w.org\/{rel}","templated":true}]}}