{"id":137678,"date":"2026-04-30T14:10:49","date_gmt":"2026-04-30T12:10:49","guid":{"rendered":"https:\/\/erdmost.hu\/?p=137678"},"modified":"2026-04-30T14:16:49","modified_gmt":"2026-04-30T12:16:49","slug":"bucsuztak-iskolajuktol-a-kos-vegzos-diakjai","status":"publish","type":"post","link":"https:\/\/erdmost.hu\/en\/2026\/04\/30\/bucsuztak-iskolajuktol-a-kos-vegzos-diakjai\/","title":{"rendered":"B\u00facs\u00faztak iskol\u00e1jukt\u00f3l a K\u00f3s v\u00e9gz\u0151s di\u00e1kjai"},"content":{"rendered":"<p>Az \u00c9rdi SZC K\u00f3s K\u00e1roly Technikum nyolc v\u00e9gz\u0151s oszt\u00e1lya ballagott el cs\u00fct\u00f6rt\u00f6k\u00f6n.<\/p>\n<p><img fetchpriority=\"high\" decoding=\"async\" class=\"aligncenter size-full wp-image-137708\" src=\"https:\/\/erdmost.hu\/wp-content\/uploads\/2026\/04\/NB_00025-5-scaled.jpg\" alt=\"\" width=\"1920\" height=\"1280\" srcset=\"https:\/\/erdmost.hu\/wp-content\/uploads\/2026\/04\/NB_00025-5-scaled.jpg 1920w, https:\/\/erdmost.hu\/wp-content\/uploads\/2026\/04\/NB_00025-5-300x200.jpg 300w, https:\/\/erdmost.hu\/wp-content\/uploads\/2026\/04\/NB_00025-5-768x512.jpg 768w, https:\/\/erdmost.hu\/wp-content\/uploads\/2026\/04\/NB_00025-5-18x12.jpg 18w, https:\/\/erdmost.hu\/wp-content\/uploads\/2026\/04\/NB_00025-5-840x560.jpg 840w, https:\/\/erdmost.hu\/wp-content\/uploads\/2026\/04\/NB_00025-5-1100x733.jpg 1100w\" sizes=\"(max-width: 1920px) 100vw, 1920px\" \/><\/p>\n<p>A h\u00e1rom technikumi \u00e9s \u00f6t szakk\u00e9pz\u0151 iskolai oszt\u00e1lyba 168 di\u00e1k j\u00e1r, \u0151ket \u2013 ahogy ez m\u00e1r hagyom\u00e1ny \u2013 \u00c9rd f\u0151ter\u00e9n b\u00facs\u00faztatta az iskola, sz\u00fcleik, bar\u00e1taik, di\u00e1kt\u00e1rsaik jelenl\u00e9t\u00e9ben.<\/p>\n<p><img decoding=\"async\" class=\"aligncenter size-full wp-image-137704\" src=\"https:\/\/erdmost.hu\/wp-content\/uploads\/2026\/04\/NB_00003-9-scaled.jpg\" alt=\"\" width=\"2560\" height=\"1707\" srcset=\"https:\/\/erdmost.hu\/wp-content\/uploads\/2026\/04\/NB_00003-9-scaled.jpg 1920w, https:\/\/erdmost.hu\/wp-content\/uploads\/2026\/04\/NB_00003-9-300x200.jpg 300w, https:\/\/erdmost.hu\/wp-content\/uploads\/2026\/04\/NB_00003-9-768x512.jpg 768w, https:\/\/erdmost.hu\/wp-content\/uploads\/2026\/04\/NB_00003-9-18x12.jpg 18w, https:\/\/erdmost.hu\/wp-content\/uploads\/2026\/04\/NB_00003-9-840x560.jpg 840w, https:\/\/erdmost.hu\/wp-content\/uploads\/2026\/04\/NB_00003-9-1100x733.jpg 1100w\" sizes=\"(max-width: 2560px) 100vw, 2560px\" \/><\/p>\n<p>A ballag\u00f3k el\u0151sz\u00f6r v\u00e9gigj\u00e1rt\u00e1k iskol\u00e1jukat, majd egy\u00fctt vonultak a f\u0151t\u00e9rre, ahol dr. Mozol Rita Marietta, az \u00c9rdi Szakk\u00e9pz\u00e9si Centrum f\u0151igazgat\u00f3ja k\u00f6sz\u00f6nt\u00f6tte \u0151ket, felid\u00e9zve a v\u00e9gz\u0151s di\u00e1kokhoz f\u0171z\u0151d\u0151 eml\u00e9keit.<\/p>\n<figure id=\"attachment_137710\" aria-describedby=\"caption-attachment-137710\" style=\"width: 2560px\" class=\"wp-caption aligncenter\"><img decoding=\"async\" class=\"wp-image-137710 size-full\" src=\"https:\/\/erdmost.hu\/wp-content\/uploads\/2026\/04\/NB_00033-4-scaled.jpg\" alt=\"\" width=\"2560\" height=\"1707\" srcset=\"https:\/\/erdmost.hu\/wp-content\/uploads\/2026\/04\/NB_00033-4-scaled.jpg 1920w, https:\/\/erdmost.hu\/wp-content\/uploads\/2026\/04\/NB_00033-4-300x200.jpg 300w, https:\/\/erdmost.hu\/wp-content\/uploads\/2026\/04\/NB_00033-4-768x512.jpg 768w, https:\/\/erdmost.hu\/wp-content\/uploads\/2026\/04\/NB_00033-4-18x12.jpg 18w, https:\/\/erdmost.hu\/wp-content\/uploads\/2026\/04\/NB_00033-4-840x560.jpg 840w, https:\/\/erdmost.hu\/wp-content\/uploads\/2026\/04\/NB_00033-4-1100x733.jpg 1100w\" sizes=\"(max-width: 2560px) 100vw, 2560px\" \/><figcaption id=\"caption-attachment-137710\" class=\"wp-caption-text\"><em>dr. Mozol Rita Marietta<\/em><\/figcaption><\/figure>\n<p>Hangs\u00falyozta: a szakma, amit a kez\u00fckbe kapnak, hatalmas \u00e9rt\u00e9k, a most kezd\u0151d\u0151 feln\u0151tt \u00e9lettel pedig \u00f6n\u00e1ll\u00f3 d\u00f6nt\u00e9sek \u00e9s nagy felel\u0151ss\u00e9g j\u00e1r.<\/p>\n<p><img loading=\"lazy\" decoding=\"async\" class=\"aligncenter size-full wp-image-137711\" src=\"https:\/\/erdmost.hu\/wp-content\/uploads\/2026\/04\/NB_00035-3-scaled.jpg\" alt=\"\" width=\"1920\" height=\"1280\" srcset=\"https:\/\/erdmost.hu\/wp-content\/uploads\/2026\/04\/NB_00035-3-scaled.jpg 1920w, https:\/\/erdmost.hu\/wp-content\/uploads\/2026\/04\/NB_00035-3-300x200.jpg 300w, https:\/\/erdmost.hu\/wp-content\/uploads\/2026\/04\/NB_00035-3-768x512.jpg 768w, https:\/\/erdmost.hu\/wp-content\/uploads\/2026\/04\/NB_00035-3-18x12.jpg 18w, https:\/\/erdmost.hu\/wp-content\/uploads\/2026\/04\/NB_00035-3-840x560.jpg 840w, https:\/\/erdmost.hu\/wp-content\/uploads\/2026\/04\/NB_00035-3-1100x733.jpg 1100w\" sizes=\"(max-width: 1920px) 100vw, 1920px\" \/><\/p>\n<p>Kiemelte az alkalmazkod\u00e1s, a rugalmass\u00e1g fontoss\u00e1g\u00e1t is, de \u2013 mint mondta \u2013 a szakm\u00e1k j\u00f6nnek-mennek, de a munka becs\u00fclete, a tisztess\u00e9g \u00f6r\u00f6k \u00e9rt\u00e9kek maradnak.<\/p>\n<p><img loading=\"lazy\" decoding=\"async\" class=\"aligncenter size-full wp-image-137705\" src=\"https:\/\/erdmost.hu\/wp-content\/uploads\/2026\/04\/NB_00005-12-scaled.jpg\" alt=\"\" width=\"1920\" height=\"1280\" srcset=\"https:\/\/erdmost.hu\/wp-content\/uploads\/2026\/04\/NB_00005-12-scaled.jpg 1920w, https:\/\/erdmost.hu\/wp-content\/uploads\/2026\/04\/NB_00005-12-300x200.jpg 300w, https:\/\/erdmost.hu\/wp-content\/uploads\/2026\/04\/NB_00005-12-768x512.jpg 768w, https:\/\/erdmost.hu\/wp-content\/uploads\/2026\/04\/NB_00005-12-18x12.jpg 18w, https:\/\/erdmost.hu\/wp-content\/uploads\/2026\/04\/NB_00005-12-840x560.jpg 840w, https:\/\/erdmost.hu\/wp-content\/uploads\/2026\/04\/NB_00005-12-1100x733.jpg 1100w\" sizes=\"(max-width: 1920px) 100vw, 1920px\" \/><\/p>\n<p>Az \u00fcnneps\u00e9gen f\u0151igazgat\u00f3i oklev\u00e9llel jutalmazt\u00e1k azokat a di\u00e1kokat, akik orsz\u00e1gos versenyeken kiemelked\u0151 eredm\u00e9nyt \u00e9rtek el, \u00e9s iskolai oklevelet, illetve jutalomk\u00f6nyvet kaptak a kiv\u00e1l\u00f3 tanulm\u00e1nyi eredm\u00e9nyeket felmutat\u00f3 v\u00e9gz\u0151s\u00f6k.<\/p>\n<p><img loading=\"lazy\" decoding=\"async\" class=\"aligncenter size-full wp-image-137713\" src=\"https:\/\/erdmost.hu\/wp-content\/uploads\/2026\/04\/NB_00049-2-scaled.jpg\" alt=\"\" width=\"1920\" height=\"1280\" srcset=\"https:\/\/erdmost.hu\/wp-content\/uploads\/2026\/04\/NB_00049-2-scaled.jpg 1920w, https:\/\/erdmost.hu\/wp-content\/uploads\/2026\/04\/NB_00049-2-300x200.jpg 300w, https:\/\/erdmost.hu\/wp-content\/uploads\/2026\/04\/NB_00049-2-768x512.jpg 768w, https:\/\/erdmost.hu\/wp-content\/uploads\/2026\/04\/NB_00049-2-18x12.jpg 18w, https:\/\/erdmost.hu\/wp-content\/uploads\/2026\/04\/NB_00049-2-840x560.jpg 840w, https:\/\/erdmost.hu\/wp-content\/uploads\/2026\/04\/NB_00049-2-1100x733.jpg 1100w\" sizes=\"(max-width: 1920px) 100vw, 1920px\" \/><\/p>\n<p>Trojk\u00f3n\u00e9 Horv\u00e1th Ildik\u00f3 igazgat\u00f3 is k\u00f6sz\u00f6nt\u00f6tte a di\u00e1kokat.<\/p>\n<figure id=\"attachment_137716\" aria-describedby=\"caption-attachment-137716\" style=\"width: 1920px\" class=\"wp-caption aligncenter\"><img loading=\"lazy\" decoding=\"async\" class=\"wp-image-137716 size-full\" src=\"https:\/\/erdmost.hu\/wp-content\/uploads\/2026\/04\/NB_00065-2-scaled.jpg\" alt=\"\" width=\"1920\" height=\"1280\" srcset=\"https:\/\/erdmost.hu\/wp-content\/uploads\/2026\/04\/NB_00065-2-scaled.jpg 1920w, https:\/\/erdmost.hu\/wp-content\/uploads\/2026\/04\/NB_00065-2-300x200.jpg 300w, https:\/\/erdmost.hu\/wp-content\/uploads\/2026\/04\/NB_00065-2-768x512.jpg 768w, https:\/\/erdmost.hu\/wp-content\/uploads\/2026\/04\/NB_00065-2-18x12.jpg 18w, https:\/\/erdmost.hu\/wp-content\/uploads\/2026\/04\/NB_00065-2-840x560.jpg 840w, https:\/\/erdmost.hu\/wp-content\/uploads\/2026\/04\/NB_00065-2-1100x733.jpg 1100w\" sizes=\"(max-width: 1920px) 100vw, 1920px\" \/><figcaption id=\"caption-attachment-137716\" class=\"wp-caption-text\"><em>Trojk\u00f3n\u00e9 Horv\u00e1th Ildik\u00f3<\/em><\/figcaption><\/figure>\n<p>B\u00facs\u00faztat\u00f3j\u00e1ban arr\u00f3l besz\u00e9lt, hogyan form\u00e1lj\u00e1k a k\u00f6z\u00e9piskolai \u00e9vek az itt tanul\u00f3 di\u00e1kok szem\u00e9lyis\u00e9g\u00e9t, \u00e9s mi az, amire j\u00f3 lesz visszaeml\u00e9kezni akkor, ha sok-sok \u00e9v m\u00falva tal\u00e1lkoznak egym\u00e1ssal.<\/p>\n<p><img loading=\"lazy\" decoding=\"async\" class=\"aligncenter size-full wp-image-137712\" src=\"https:\/\/erdmost.hu\/wp-content\/uploads\/2026\/04\/NB_00037-2-scaled.jpg\" alt=\"\" width=\"1920\" height=\"1280\" srcset=\"https:\/\/erdmost.hu\/wp-content\/uploads\/2026\/04\/NB_00037-2-scaled.jpg 1920w, https:\/\/erdmost.hu\/wp-content\/uploads\/2026\/04\/NB_00037-2-300x200.jpg 300w, https:\/\/erdmost.hu\/wp-content\/uploads\/2026\/04\/NB_00037-2-768x512.jpg 768w, https:\/\/erdmost.hu\/wp-content\/uploads\/2026\/04\/NB_00037-2-18x12.jpg 18w, https:\/\/erdmost.hu\/wp-content\/uploads\/2026\/04\/NB_00037-2-840x560.jpg 840w, https:\/\/erdmost.hu\/wp-content\/uploads\/2026\/04\/NB_00037-2-1100x733.jpg 1100w\" sizes=\"(max-width: 1920px) 100vw, 1920px\" \/><\/p>\n<p>Ez az id\u0151 persze m\u00e9g messze van, \u00e9s a b\u00facs\u00fat sem \u00e9rzik \u00e1t annyira a di\u00e1kok, hiszen m\u00e9g tal\u00e1lkoznak a legnagyobb megm\u00e9rettet\u00e9sen.<\/p>\n<figure id=\"attachment_137714\" aria-describedby=\"caption-attachment-137714\" style=\"width: 1920px\" class=\"wp-caption aligncenter\"><img loading=\"lazy\" decoding=\"async\" class=\"wp-image-137714 size-full\" src=\"https:\/\/erdmost.hu\/wp-content\/uploads\/2026\/04\/NB_00053-2-scaled.jpg\" alt=\"\" width=\"1920\" height=\"1280\" srcset=\"https:\/\/erdmost.hu\/wp-content\/uploads\/2026\/04\/NB_00053-2-scaled.jpg 1920w, https:\/\/erdmost.hu\/wp-content\/uploads\/2026\/04\/NB_00053-2-300x200.jpg 300w, https:\/\/erdmost.hu\/wp-content\/uploads\/2026\/04\/NB_00053-2-768x512.jpg 768w, https:\/\/erdmost.hu\/wp-content\/uploads\/2026\/04\/NB_00053-2-18x12.jpg 18w, https:\/\/erdmost.hu\/wp-content\/uploads\/2026\/04\/NB_00053-2-840x560.jpg 840w, https:\/\/erdmost.hu\/wp-content\/uploads\/2026\/04\/NB_00053-2-1100x733.jpg 1100w\" sizes=\"(max-width: 1920px) 100vw, 1920px\" \/><figcaption id=\"caption-attachment-137714\" class=\"wp-caption-text\"><em>Szab\u00f3 \u00c1kos, \u00c9rd volt di\u00e1kpolg\u00e1rmestere<\/em><\/figcaption><\/figure>\n<p>Az \u00e9retts\u00e9gi m\u00e1jus 4-\u00e9n kezd\u0151dik, a szakmai vizsg\u00e1k pedig a r\u00e1k\u00f6vetkez\u0151 h\u00e9ten indulnak.<\/p>","protected":false},"excerpt":{"rendered":"<p>Sz\u00e1zhatvannyolcan ballagtak el az \u00e9rdi technikumban, az \u00fcnneps\u00e9get a f\u0151t\u00e9ren rendezt\u00e9k. <\/p>","protected":false},"author":5,"featured_media":137717,"comment_status":"closed","ping_status":"closed","sticky":false,"template":"","format":"standard","meta":{"_acf_changed":false,"_seopress_robots_primary_cat":"none","_seopress_titles_title":"","_seopress_titles_desc":"","_seopress_robots_index":"","site-sidebar-layout":"default","site-content-layout":"","ast-site-content-layout":"default","site-content-style":"default","site-sidebar-style":"default","ast-global-header-display":"","ast-banner-title-visibility":"","ast-main-header-display":"","ast-hfb-above-header-display":"","ast-hfb-below-header-display":"","ast-hfb-mobile-header-display":"","site-post-title":"","ast-breadcrumbs-content":"","ast-featured-img":"","footer-sml-layout":"","ast-disable-related-posts":"","theme-transparent-header-meta":"default","adv-header-id-meta":"","stick-header-meta":"","header-above-stick-meta":"","header-main-stick-meta":"","header-below-stick-meta":"","astra-migrate-meta-layouts":"set","ast-page-background-enabled":"default","ast-page-background-meta":{"desktop":{"background-color":"","background-image":"","background-repeat":"repeat","background-position":"center center","background-size":"auto","background-attachment":"scroll","background-type":"","background-media":"","overlay-type":"","overlay-color":"","overlay-opacity":"","overlay-gradient":""},"tablet":{"background-color":"","background-image":"","background-repeat":"repeat","background-position":"center center","background-size":"auto","background-attachment":"scroll","background-type":"","background-media":"","overlay-type":"","overlay-color":"","overlay-opacity":"","overlay-gradient":""},"mobile":{"background-color":"","background-image":"","background-repeat":"repeat","background-position":"center center","background-size":"auto","background-attachment":"scroll","background-type":"","background-media":"","overlay-type":"","overlay-color":"","overlay-opacity":"","overlay-gradient":""}},"ast-content-background-meta":{"desktop":{"background-color":"var(--ast-global-color-5)","background-image":"","background-repeat":"repeat","background-position":"center center","background-size":"auto","background-attachment":"scroll","background-type":"","background-media":"","overlay-type":"","overlay-color":"","overlay-opacity":"","overlay-gradient":""},"tablet":{"background-color":"var(--ast-global-color-5)","background-image":"","background-repeat":"repeat","background-position":"center center","background-size":"auto","background-attachment":"scroll","background-type":"","background-media":"","overlay-type":"","overlay-color":"","overlay-opacity":"","overlay-gradient":""},"mobile":{"background-color":"var(--ast-global-color-5)","background-image":"","background-repeat":"repeat","background-position":"center center","background-size":"auto","background-attachment":"scroll","background-type":"","background-media":"","overlay-type":"","overlay-color":"","overlay-opacity":"","overlay-gradient":""}},"footnotes":""},"categories":[1,463,461,462,464,1608,460],"cikk_cimkek":[2746,1615],"content_flags":[],"content_icons":[],"class_list":["post-137678","post","type-post","status-publish","format-standard","has-post-thumbnail","hentry","category-erdmost","category-fontos","category-jobbfent","category-kiemelt","category-kozerdeku","category-mindennapok","category-top","cikk_cimkek-ballagas","cikk_cimkek-erdi-szc-kos-karoly-technikum"],"acf":[],"_links":{"self":[{"href":"https:\/\/erdmost.hu\/en\/wp-json\/wp\/v2\/posts\/137678","targetHints":{"allow":["GET"]}}],"collection":[{"href":"https:\/\/erdmost.hu\/en\/wp-json\/wp\/v2\/posts"}],"about":[{"href":"https:\/\/erdmost.hu\/en\/wp-json\/wp\/v2\/types\/post"}],"author":[{"embeddable":true,"href":"https:\/\/erdmost.hu\/en\/wp-json\/wp\/v2\/users\/5"}],"replies":[{"embeddable":true,"href":"https:\/\/erdmost.hu\/en\/wp-json\/wp\/v2\/comments?post=137678"}],"version-history":[{"count":2,"href":"https:\/\/erdmost.hu\/en\/wp-json\/wp\/v2\/posts\/137678\/revisions"}],"predecessor-version":[{"id":137718,"href":"https:\/\/erdmost.hu\/en\/wp-json\/wp\/v2\/posts\/137678\/revisions\/137718"}],"wp:featuredmedia":[{"embeddable":true,"href":"https:\/\/erdmost.hu\/en\/wp-json\/wp\/v2\/media\/137717"}],"wp:attachment":[{"href":"https:\/\/erdmost.hu\/en\/wp-json\/wp\/v2\/media?parent=137678"}],"wp:term":[{"taxonomy":"category","embeddable":true,"href":"https:\/\/erdmost.hu\/en\/wp-json\/wp\/v2\/categories?post=137678"},{"taxonomy":"cikk_cimkek","embeddable":true,"href":"https:\/\/erdmost.hu\/en\/wp-json\/wp\/v2\/cikk_cimkek?post=137678"},{"taxonomy":"content_flags","embeddable":true,"href":"https:\/\/erdmost.hu\/en\/wp-json\/wp\/v2\/content_flags?post=137678"},{"taxonomy":"content_icons","embeddable":true,"href":"https:\/\/erdmost.hu\/en\/wp-json\/wp\/v2\/content_icons?post=137678"}],"curies":[{"name":"wp","href":"https:\/\/api.w.org\/{rel}","templated":true}]}}